{"id":66919,"date":"2026-01-27T11:52:41","date_gmt":"2026-01-27T09:52:41","guid":{"rendered":"https:\/\/edublog.educastur.es\/ixuxu\/?p=66919"},"modified":"2026-01-27T22:01:40","modified_gmt":"2026-01-27T20:01:40","slug":"craviotto-presental-documental-la-ruta-del-primera-kayak","status":"publish","type":"post","link":"https:\/\/edublog.educastur.es\/ixuxu\/2026\/01\/craviotto-presental-documental-la-ruta-del-primera-kayak\/","title":{"rendered":"Craviotto presenta&#8217;l documental &#8216;La ruta del primera kayak&#8217;"},"content":{"rendered":"<p>Sa\u00fal Craviotto, el pirag\u00fcista ol\u00edmpicu y modelu afinc\u00e1u en Xix\u00f3n: <em>\u00abToos vamos con estr\u00e9s, bien solmenaos, y esti viaxe ayud\u00f3me a conectar\u00bb. <\/em>Presenta&#8217;l documental <strong>&#8216;La ruta del primera kayak&#8217;,<\/strong> una aventura na que&#8217;l deportista ol\u00edmpicu espa\u00f1ol m\u00e1s galardon\u00e1u viax\u00f3 a Groenlandia a afayar los or\u00edxenes del so deporte. <a href=\"https:\/\/www.instagram.com\/reels\/DT8pKxJCB81\/\">Reel<\/a> \/ <a href=\"https:\/\/www.instagram.com\/reel\/DUBn0TICFak\/\">Reel 2<\/a> \/ <a href=\"https:\/\/www.elcomercio.es\/deportes\/mas-deportes\/saul-craviotto-piraguista-olimpico-modelo-gijon-documental-groenlandia-ruta-primer-kayak-20260127190140-nt.html\">El Comercio<\/a><\/p>\n<p style=\"text-align: center\"><a href=\"https:\/\/s1.ppllstatics.com\/elcomercio\/www\/multimedia\/2026\/01\/27\/craviotto-kCLB-U20376231114TPI-1200x840@El%20Comercio.jpg\"><img loading=\"lazy\" decoding=\"async\" class=\"aligncenter size-large\" src=\"https:\/\/s1.ppllstatics.com\/elcomercio\/www\/multimedia\/2026\/01\/27\/craviotto-kCLB-U20376231114TPI-1200x840@El%20Comercio.jpg\" width=\"1200\" height=\"840\" \/><\/a><\/p>\n<p style=\"text-align: center\"><a class=\"x1i10hfl xjbqb8w x1ejq31n x18oe1m7 x1sy0etr xstzfhl x972fbf x10w94by x1qhh985 x14e42zd x9f619 x1ypdohk xt0psk2 x3ct3a4 xdj266r x14z9mp xat24cr x1lziwak xexx8yu xyri2b x18d9i69 x1c1uobl x16tdsg8 x1hl2dhg xggy1nq x1a2a7pz _aa9_ _a6hd\" role=\"link\" href=\"https:\/\/www.instagram.com\/explore\/tags\/larutadelprimerkayak\/\">#LaRutaDelPrimerKayak<\/a>\u00a0<a class=\"x1i10hfl xjbqb8w x1ejq31n x18oe1m7 x1sy0etr xstzfhl x972fbf x10w94by x1qhh985 x14e42zd x9f619 x1ypdohk xt0psk2 x3ct3a4 xdj266r x14z9mp xat24cr x1lziwak xexx8yu xyri2b x18d9i69 x1c1uobl x16tdsg8 x1hl2dhg xggy1nq x1a2a7pz notranslate _a6hd\" role=\"link\" href=\"https:\/\/www.instagram.com\/seikospain\/\">@seikospain<\/a><\/p>\n<p><!--more--><\/p>\n<p>El pirag\u00fcista afinc\u00e1u en Xix\u00f3n Sa\u00fal Craviotto present\u00f3 esti martes, al pie de la marca de rel\u00f3es Seiko, el documental &#8216;La ruta del primera kayak&#8217;, <strong>una aventura na que&#8217;l deportista ol\u00edmpicu espa\u00f1ol m\u00e1s galardon\u00e1u viax\u00f3 a Groenlandia a afayar los or\u00edxenes del so deporte<\/strong>, una aventura que-y vieno \u00abperbi\u00e9n a nivel mental\u00bb y que, \u00abensin sabelo, precisaba\u00bb al pilla-y n&#8217;una d\u00f3mina con \u00abansied\u00e1 y nervios\u00bb.<\/p>\n<p>\u00abG\u00fastenme los retos, g\u00fastame l&#8217;aventura. Dempu\u00e9s de cada gran competici\u00f3n intento buscar retos, viaxes. Dempu\u00e9s de Par\u00eds surdi\u00f3 la posibilid\u00e1 con Seiko de dir a Groenlandia, siempres tuvi ese runr\u00fan de dir al orixe del pirag\u00fcismu\u00bb, desvel\u00f3&#8217;l deportista barcelon\u00e9s nun actu elebrado en Roman Brands House en Madrid.<\/p>\n<p>El deportista ol\u00edmpicu m\u00e1s galardon\u00e1u d&#8217;Espa\u00f1a, con seis medayes en Xuegos, llanzar a <strong>esti viaxe de cinco d\u00edes en Groenlandia para afayar los or\u00edxenes del so deporte.<\/strong> Nesta pieza in\u00e9dita, que se va llanzar esti mi\u00e9rcoles nes redes sociales de Seiko, Craviotto conoci\u00f3 c\u00f3mo viv\u00eden los primeres kayakistas fai m\u00e1s de 4.000 a\u00f1os.<\/p>\n<p><strong>El deportista enfusose na cultura &#8216;inuit&#8217;, esquiz\u00f3 glaciales y paisaxes \u00fanicos y sale\u00f3 ente pimpanos icebergs<\/strong>, nuna esperiencia na que se realcontr\u00f3 cola so esencia. \u00abF\u00edsicamente hubo que faer dalg\u00fan esfuerzu. A nivel mental vi\u00e9nome perbi\u00e9n. Ensin sabelo, precisar\u00bb, revel\u00f3.<\/p>\n<p>\u00abPill\u00f3me n&#8217;una etapa na que taba bien espuestu, inclusive con ansied\u00e1 y nervios. Tar cinco d\u00edes ensin tel\u00e9fonu m\u00f3vil, esa paz, f\u00edxome poner los pies nel suelu y conectar conmigo mesmu otra vegada. Toos vamos con estr\u00e9s, bien solmenaos, y esti viaxe ayud\u00f3me a conectar, porque siempres queremos m\u00e1s, pero dacuando hai que baxar un pasu\u00bb, esplic\u00f3.<\/p>\n<p><strong>Craviotto entendi\u00f3 \u00abotra forma d&#8217;entender el kayak\u00bb<\/strong>. \u00abYo siempres toi arrodi\u00e1u de tecnolox\u00eda, y ellos faen kayak pa sobrevivir. Pero la finalid\u00e1 ye un poco la mesma, yo intento ser el m\u00e1s r\u00e1pidu, ellos pa cazar foques y yo pa cazar beques, que dacuando son esmucidices. La esencia y les ferramientes son les mesmes\u00bb, bromi\u00f3.<\/p>\n<p style=\"text-align: center\"><a href=\"https:\/\/img2.huffingtonpost.es\/files\/image_1080_720\/uploads\/2026\/01\/27\/saul-craviotto-durante-su-expedicion-por-groenlandia.jpeg\"><img loading=\"lazy\" decoding=\"async\" class=\"aligncenter size-large\" src=\"https:\/\/img2.huffingtonpost.es\/files\/image_1080_720\/uploads\/2026\/01\/27\/saul-craviotto-durante-su-expedicion-por-groenlandia.jpeg\" width=\"1080\" height=\"720\" \/><\/a><\/p>\n<p>\u00abPas\u00e9 m\u00e1s fr\u00edu n&#8217;Espa\u00f1a dalguna vegada. Na agua saleando, inclusive, pas\u00e9 abondo calor\u00bb, rellat\u00f3. <strong>\u00abNun hab\u00eda ruiu, solo&#8217;l de la proa del kayak rompiendo&#8217;l xelu y la pala, yera un silenciu m\u00e1xicu, bien guapu\u00bb, record\u00f3.<\/strong><\/p>\n<p>Y ye qu&#8217;a Craviotto, Groenlandia sosprendi\u00f3-y pa bien. \u00abFoi m\u00e1s de lo que pens\u00e9. Ye la isla m\u00e1s grande del mundu y tien los habitantes d&#8217;Aranxuez. Foi espectacular. Record\u00f3me a Asturies, paec\u00eden los Llagos de Cuadonga\u00bb, compar\u00f3, antes de valorar la situaci\u00f3n actual cola isla que pertenez a Dinamarca y qu&#8217;Estaos Xun\u00edos buscar\u00eda sumar al so territoriu.<\/p>\n<p>\u00abNun entro en geopol\u00edtica, esc\u00e1pame. Pero, como ciudadanu del mundu, queden poques zones virxes como esa, por non dicir nenguna. Espero que&#8217;l ser humanu non meta el so gazapes y estropiar, que se respete y siga intacta\u00bb, desey\u00f3.<\/p>\n<p>Am\u00e1s, allo\u00f1ar de les mires que xenera la so futura presencia nos Xuegos de Los \u00c1nxeles en 2028. \u00abLos mios retos y\u00e1 nun son al llargu plazu, veremos ver, llueu vamos ver\u00bb, defendi\u00f3 un Craviotto que lleva pensando na so retirada \u00abmuncho tiempu\u00bb. \u00abHai que tener esa rede de segurid\u00e1 \u00e9nte&#8217;l derribadoriu de la retirada. Aprob\u00e9 la oposici\u00f3n (de Polic\u00eda) y nun enllanqu\u00e9, tengo un Plan B pal d\u00eda dempu\u00e9s y poder llevar la to carrera con m\u00e1s determinaci\u00f3n, ensin aforfugate\u00bb, esplic\u00f3.<\/p>\n<p>Pela so parte, la manager de marca de Seiko, Tomomi Sato, coment\u00f3 qu&#8217;esti documental, que se grab\u00f3&#8217;l pas\u00e1u mes de mayu, realiz\u00f3se coincidiendo col 60 aniversariu del Divers Seiko. \u00abNesos 60 a\u00f1os lluchemos p&#8217;ameyorar esos rel\u00f3es, resistencia a l&#8217;agua, precisi\u00f3n, golpes&#8230;\u00bb, se\u00f1al\u00f3.<\/p>\n<p>\u00abLa filosof\u00eda de marca ye siempres dir avanzando, ensin conformanos. Esto compartir con Sa\u00fal. Esti proyectu encant\u00f3nos, quer\u00edamos ver a un Sa\u00fal distintu, fora d&#8217;esa redolada de siempre\u00bb, concluy\u00f3.<\/p>\n<p><a class=\"x1i10hfl xjbqb8w x1ejq31n x18oe1m7 x1sy0etr xstzfhl x972fbf x10w94by x1qhh985 x14e42zd x9f619 x1ypdohk xt0psk2 x3ct3a4 xdj266r x14z9mp xat24cr x1lziwak xexx8yu xyri2b x18d9i69 x1c1uobl x16tdsg8 x1hl2dhg xggy1nq x1a2a7pz _aa9_ _a6hd\" role=\"link\" href=\"https:\/\/www.instagram.com\/explore\/tags\/noticias\/\">#Noticias<\/a>\u00a0<a class=\"x1i10hfl xjbqb8w x1ejq31n x18oe1m7 x1sy0etr xstzfhl x972fbf x10w94by x1qhh985 x14e42zd x9f619 x1ypdohk xt0psk2 x3ct3a4 xdj266r x14z9mp xat24cr x1lziwak xexx8yu xyri2b x18d9i69 x1c1uobl x16tdsg8 x1hl2dhg xggy1nq x1a2a7pz _aa9_ _a6hd\" role=\"link\" href=\"https:\/\/www.instagram.com\/explore\/tags\/sa%C3%BAlcraviotto\/\">#sa\u00falcraviotto<\/a>\u00a0<a class=\"x1i10hfl xjbqb8w x1ejq31n x18oe1m7 x1sy0etr xstzfhl x972fbf x10w94by x1qhh985 x14e42zd x9f619 x1ypdohk xt0psk2 x3ct3a4 xdj266r x14z9mp xat24cr x1lziwak xexx8yu xyri2b x18d9i69 x1c1uobl x16tdsg8 x1hl2dhg xggy1nq x1a2a7pz _aa9_ _a6hd\" role=\"link\" href=\"https:\/\/www.instagram.com\/explore\/tags\/groenlandia\/\">#Groenlandia<\/a>\u00a0<a class=\"x1i10hfl xjbqb8w x1ejq31n x18oe1m7 x1sy0etr xstzfhl x972fbf x10w94by x1qhh985 x14e42zd x9f619 x1ypdohk xt0psk2 x3ct3a4 xdj266r x14z9mp xat24cr x1lziwak xexx8yu xyri2b x18d9i69 x1c1uobl x16tdsg8 x1hl2dhg xggy1nq x1a2a7pz _aa9_ _a6hd\" role=\"link\" href=\"https:\/\/www.instagram.com\/explore\/tags\/kayak\/\">#kayak<\/a>\u00a0<a class=\"x1i10hfl xjbqb8w x1ejq31n x18oe1m7 x1sy0etr xstzfhl x972fbf x10w94by x1qhh985 x14e42zd x9f619 x1ypdohk xt0psk2 x3ct3a4 xdj266r x14z9mp xat24cr x1lziwak xexx8yu xyri2b x18d9i69 x1c1uobl x16tdsg8 x1hl2dhg xggy1nq x1a2a7pz _aa9_ _a6hd\" role=\"link\" href=\"https:\/\/www.instagram.com\/explore\/tags\/deportista\/\">#deportista<\/a>\u00a0<a class=\"x1i10hfl xjbqb8w x1ejq31n x18oe1m7 x1sy0etr xstzfhl x972fbf x10w94by x1qhh985 x14e42zd x9f619 x1ypdohk xt0psk2 x3ct3a4 xdj266r x14z9mp xat24cr x1lziwak xexx8yu xyri2b x18d9i69 x1c1uobl x16tdsg8 x1hl2dhg xggy1nq x1a2a7pz _aa9_ _a6hd\" role=\"link\" href=\"https:\/\/www.instagram.com\/explore\/tags\/deportes\/\">#deportes<\/a>\u00a0<a class=\"x1i10hfl xjbqb8w x1ejq31n x18oe1m7 x1sy0etr xstzfhl x972fbf x10w94by x1qhh985 x14e42zd x9f619 x1ypdohk xt0psk2 x3ct3a4 xdj266r x14z9mp xat24cr x1lziwak xexx8yu xyri2b x18d9i69 x1c1uobl x16tdsg8 x1hl2dhg xggy1nq x1a2a7pz _aa9_ _a6hd\" role=\"link\" href=\"https:\/\/www.instagram.com\/explore\/tags\/pirag%C3%BCismo\/\">#pirag\u00fcismo<\/a><\/p>\n","protected":false},"excerpt":{"rendered":"<p>Sa\u00fal Craviotto, el pirag\u00fcista ol\u00edmpicu y modelu afinc\u00e1u en Xix\u00f3n: \u00abToos vamos con estr\u00e9s, bien solmenaos, y esti viaxe ayud\u00f3me a conectar\u00bb. Presenta&#8217;l documental &#8216;La ruta del primera kayak&#8217;, una aventura na que&#8217;l deportista ol\u00edmpicu espa\u00f1ol m\u00e1s galardon\u00e1u viax\u00f3 a Groenlandia a afayar los or\u00edxenes del so deporte. Reel \/ Reel 2 \/ El Comercio [&hellip;]<\/p>\n","protected":false},"author":117,"featured_media":0,"comment_status":"closed","ping_status":"closed","sticky":false,"template":"","format":"standard","meta":{"footnotes":""},"categories":[133,120],"tags":[],"class_list":["post-66919","post","type-post","status-publish","format-standard","hentry","category-deportes","category-documentales"],"_links":{"self":[{"href":"https:\/\/edublog.educastur.es\/ixuxu\/wp-json\/wp\/v2\/posts\/66919","targetHints":{"allow":["GET"]}}],"collection":[{"href":"https:\/\/edublog.educastur.es\/ixuxu\/wp-json\/wp\/v2\/posts"}],"about":[{"href":"https:\/\/edublog.educastur.es\/ixuxu\/wp-json\/wp\/v2\/types\/post"}],"author":[{"embeddable":true,"href":"https:\/\/edublog.educastur.es\/ixuxu\/wp-json\/wp\/v2\/users\/117"}],"replies":[{"embeddable":true,"href":"https:\/\/edublog.educastur.es\/ixuxu\/wp-json\/wp\/v2\/comments?post=66919"}],"version-history":[{"count":5,"href":"https:\/\/edublog.educastur.es\/ixuxu\/wp-json\/wp\/v2\/posts\/66919\/revisions"}],"predecessor-version":[{"id":66924,"href":"https:\/\/edublog.educastur.es\/ixuxu\/wp-json\/wp\/v2\/posts\/66919\/revisions\/66924"}],"wp:attachment":[{"href":"https:\/\/edublog.educastur.es\/ixuxu\/wp-json\/wp\/v2\/media?parent=66919"}],"wp:term":[{"taxonomy":"category","embeddable":true,"href":"https:\/\/edublog.educastur.es\/ixuxu\/wp-json\/wp\/v2\/categories?post=66919"},{"taxonomy":"post_tag","embeddable":true,"href":"https:\/\/edublog.educastur.es\/ixuxu\/wp-json\/wp\/v2\/tags?post=66919"}],"curies":[{"name":"wp","href":"https:\/\/api.w.org\/{rel}","templated":true}]}}