{"id":66928,"date":"2026-01-28T08:30:40","date_gmt":"2026-01-28T06:30:40","guid":{"rendered":"https:\/\/edublog.educastur.es\/ixuxu\/?p=66928"},"modified":"2026-01-28T14:45:09","modified_gmt":"2026-01-28T12:45:09","slug":"el-tiempu-el-comercio-247","status":"publish","type":"post","link":"https:\/\/edublog.educastur.es\/ixuxu\/2026\/01\/el-tiempu-el-comercio-247\/","title":{"rendered":"El tiempu (El Comercio)"},"content":{"rendered":"<p style=\"text-align: center\"><a href=\"https:\/\/s1.ppllstatics.com\/elcomercio\/www\/multimedia\/2026\/01\/27\/prevision-tiempo-asturias-kVC-U2302588077118HVD-1200x870@El%20Comercio.jpg\"><img loading=\"lazy\" decoding=\"async\" class=\"aligncenter size-large\" src=\"https:\/\/s1.ppllstatics.com\/elcomercio\/www\/multimedia\/2026\/01\/27\/prevision-tiempo-asturias-kVC-U2302588077118HVD-1200x870@El%20Comercio.jpg\" width=\"1200\" height=\"870\" \/><\/a><\/p>\n<p>Ye posible qu&#8217;amanezamos ensin precipitaciones, pero <strong>a lo llargo de la ma\u00f1ana<\/strong> van entrar pel oeste y van percorrer tola rex\u00f3n d&#8217;occidente a oriente. Estes <strong>precipitaciones<\/strong> van dexar nieve a partir de los 700 metros, anque nun se refuga que pueda vese dalg\u00fan falopu sobre los 600 metros de primeres. Mientres les <strong>primeres hores de la tarde<\/strong> la inestabilid\u00e1 va unviar por completu y, inclusive, cabi la posibilid\u00e1 de que s&#8217;abrir\u00e1n escamplaes nel cielu. Asina tou, conforme meyora la segunda met\u00e1 del d\u00eda la cota de nieve va dir xubiendo hasta los 1100 o 1200 metros d&#8217;altor. <strong>Los vientos<\/strong> van soplar de suroeste moderaos con dalg\u00fan qu&#8217;otru intervalu fuerte en zones altes del oeste, cordal y tami\u00e9n en puntos costeros.<\/p>\n<p><!--more--><\/p>\n<p>L&#8217;Axencia Estatal de Meteorolox\u00eda va caltener mientres tol mi\u00e9rcoles l&#8217;avisu mariellu na mar por posibilid\u00e1 de foles que podr\u00eden llegar a algamar los 4 o 5 metros. Tocantes a les temperatures, <strong>les m\u00e1ximes<\/strong> de forma xeneralizada en tol Princip\u00e1u hasta 5 \u00baC al respective de les anotaes el martes. <strong>Les m\u00ednimes<\/strong> apenes van variar anque nun se refuga dalg\u00fan descensu local en puntos de la mari\u00f1a occidental y dalg\u00fan ascensu bien llixeru en Picos d&#8217;Europa.<\/p>\n<p><strong>El xueves<\/strong> preven nubes y escamplaes con momentos de daqu\u00e9 m\u00e1s de nubosid\u00e1 que podr\u00eda dexar dalg\u00fan bastiu mientres la ma\u00f1ana principalmente. Les temperatures van xubir de forma notable tanto les m\u00e1ximes como les m\u00ednimes. Los vientos van soplar de suroeste con posibilid\u00e1 de raches fuertes y les foles ent\u00e1 van poder ser d&#8217;hasta 5 metros d&#8217;altor polo que va siguir activ\u00e1u l&#8217;avisu mariellu per parte de l&#8217;AEMET.<\/p>\n<p style=\"text-align: center\">\n<!-- iframe plugin v.6.0 wordpress.org\/plugins\/iframe\/ -->\n<iframe loading=\"lazy\" src=\"https:\/\/www.facebook.com\/plugins\/video.php?height=314&#038;href=https%3A%2F%2Fwww.facebook.com%2Freel%2F837803605971404%2F&#038;show_text=false&#038;width=560&#038;t=0\" width=\"560\" height=\"314\" style=\"border:none;overflow:hidden\" scrolling=\"no\" frameborder=\"0\" allowfullscreen=\"true\" allow=\"autoplay; clipboard-write; encrypted-media; picture-in-picture; web-share\" 0=\"\/iframe\" class=\"iframe-class\"><\/iframe>\n<\/p>\n","protected":false},"excerpt":{"rendered":"<p>Ye posible qu&#8217;amanezamos ensin precipitaciones, pero a lo llargo de la ma\u00f1ana van entrar pel oeste y van percorrer tola rex\u00f3n d&#8217;occidente a oriente. Estes precipitaciones van dexar nieve a partir de los 700 metros, anque nun se refuga que pueda vese dalg\u00fan falopu sobre los 600 metros de primeres. Mientres les primeres hores de [&hellip;]<\/p>\n","protected":false},"author":117,"featured_media":0,"comment_status":"closed","ping_status":"closed","sticky":false,"template":"","format":"standard","meta":{"footnotes":""},"categories":[5],"tags":[],"class_list":["post-66928","post","type-post","status-publish","format-standard","hentry","category-tiempu"],"_links":{"self":[{"href":"https:\/\/edublog.educastur.es\/ixuxu\/wp-json\/wp\/v2\/posts\/66928","targetHints":{"allow":["GET"]}}],"collection":[{"href":"https:\/\/edublog.educastur.es\/ixuxu\/wp-json\/wp\/v2\/posts"}],"about":[{"href":"https:\/\/edublog.educastur.es\/ixuxu\/wp-json\/wp\/v2\/types\/post"}],"author":[{"embeddable":true,"href":"https:\/\/edublog.educastur.es\/ixuxu\/wp-json\/wp\/v2\/users\/117"}],"replies":[{"embeddable":true,"href":"https:\/\/edublog.educastur.es\/ixuxu\/wp-json\/wp\/v2\/comments?post=66928"}],"version-history":[{"count":4,"href":"https:\/\/edublog.educastur.es\/ixuxu\/wp-json\/wp\/v2\/posts\/66928\/revisions"}],"predecessor-version":[{"id":66970,"href":"https:\/\/edublog.educastur.es\/ixuxu\/wp-json\/wp\/v2\/posts\/66928\/revisions\/66970"}],"wp:attachment":[{"href":"https:\/\/edublog.educastur.es\/ixuxu\/wp-json\/wp\/v2\/media?parent=66928"}],"wp:term":[{"taxonomy":"category","embeddable":true,"href":"https:\/\/edublog.educastur.es\/ixuxu\/wp-json\/wp\/v2\/categories?post=66928"},{"taxonomy":"post_tag","embeddable":true,"href":"https:\/\/edublog.educastur.es\/ixuxu\/wp-json\/wp\/v2\/tags?post=66928"}],"curies":[{"name":"wp","href":"https:\/\/api.w.org\/{rel}","templated":true}]}}