{"id":66934,"date":"2026-01-28T08:45:09","date_gmt":"2026-01-28T06:45:09","guid":{"rendered":"https:\/\/edublog.educastur.es\/ixuxu\/?p=66934"},"modified":"2026-01-28T10:41:01","modified_gmt":"2026-01-28T08:41:01","slug":"66934","status":"publish","type":"post","link":"https:\/\/edublog.educastur.es\/ixuxu\/2026\/01\/66934\/","title":{"rendered":"Un tren d&#8217;umbaes\/borrasques"},"content":{"rendered":"<p style=\"text-align: center\"><a href=\"https:\/\/services.meteored.com\/img\/article\/el-atlantico-nororiental-sera-un-nido-de-borrascas-hasta-el-1-de-febrero-espana-entre-los-paises-mas-afectados-1769466111965_1024.png\"><img loading=\"lazy\" decoding=\"async\" class=\"aligncenter size-large\" src=\"https:\/\/services.meteored.com\/img\/article\/el-atlantico-nororiental-sera-un-nido-de-borrascas-hasta-el-1-de-febrero-espana-entre-los-paises-mas-afectados-1769466111965_1024.png\" width=\"1024\" height=\"714\" \/><\/a><\/p>\n<p>La umbaes va aasomar esta nueche pol noroeste va dexar una situaci\u00f3n bien adversa, con ag\u00fces de cierta intensid\u00e1, nieve en cotes baxes nel norte y enforma vientu.<\/p>\n<p style=\"text-align: center\"><!--more--><\/p>\n<p style=\"text-align: center\"><a href=\"https:\/\/services.meteored.com\/img\/article\/el-atlantico-nororiental-sera-un-nido-de-borrascas-hasta-el-1-de-febrero-espana-entre-los-paises-mas-afectados-1769466262959_1024.png\"><img loading=\"lazy\" decoding=\"async\" class=\"aligncenter size-large\" src=\"https:\/\/services.meteored.com\/img\/article\/el-atlantico-nororiental-sera-un-nido-de-borrascas-hasta-el-1-de-febrero-espana-entre-los-paises-mas-afectados-1769466262959_1024.png\" width=\"1024\" height=\"714\" \/><\/a><\/p>\n<p>L&#8217;Atl\u00e1nticu va ser una fervencia d&#8217;umbaes a curtiu y mediu plazu, col remexu polar escurriendo por llatit\u00faes m\u00e1s meridionales de lo habitual.<\/p>\n<p style=\"text-align: center\"><a href=\"https:\/\/services.meteored.com\/img\/article\/el-atlantico-nororiental-sera-un-nido-de-borrascas-hasta-el-1-de-febrero-espana-entre-los-paises-mas-afectados-1769466011380_1024.png\"><img loading=\"lazy\" decoding=\"async\" class=\"aligncenter size-large\" src=\"https:\/\/services.meteored.com\/img\/article\/el-atlantico-nororiental-sera-un-nido-de-borrascas-hasta-el-1-de-febrero-espana-entre-los-paises-mas-afectados-1769466011380_1024.png\" width=\"1024\" height=\"714\" \/><\/a><\/p>\n","protected":false},"excerpt":{"rendered":"<p>La umbaes va aasomar esta nueche pol noroeste va dexar una situaci\u00f3n bien adversa, con ag\u00fces de cierta intensid\u00e1, nieve en cotes baxes nel norte y enforma vientu.<\/p>\n","protected":false},"author":117,"featured_media":0,"comment_status":"closed","ping_status":"closed","sticky":false,"template":"","format":"standard","meta":{"footnotes":""},"categories":[5],"tags":[],"class_list":["post-66934","post","type-post","status-publish","format-standard","hentry","category-tiempu"],"_links":{"self":[{"href":"https:\/\/edublog.educastur.es\/ixuxu\/wp-json\/wp\/v2\/posts\/66934","targetHints":{"allow":["GET"]}}],"collection":[{"href":"https:\/\/edublog.educastur.es\/ixuxu\/wp-json\/wp\/v2\/posts"}],"about":[{"href":"https:\/\/edublog.educastur.es\/ixuxu\/wp-json\/wp\/v2\/types\/post"}],"author":[{"embeddable":true,"href":"https:\/\/edublog.educastur.es\/ixuxu\/wp-json\/wp\/v2\/users\/117"}],"replies":[{"embeddable":true,"href":"https:\/\/edublog.educastur.es\/ixuxu\/wp-json\/wp\/v2\/comments?post=66934"}],"version-history":[{"count":4,"href":"https:\/\/edublog.educastur.es\/ixuxu\/wp-json\/wp\/v2\/posts\/66934\/revisions"}],"predecessor-version":[{"id":66938,"href":"https:\/\/edublog.educastur.es\/ixuxu\/wp-json\/wp\/v2\/posts\/66934\/revisions\/66938"}],"wp:attachment":[{"href":"https:\/\/edublog.educastur.es\/ixuxu\/wp-json\/wp\/v2\/media?parent=66934"}],"wp:term":[{"taxonomy":"category","embeddable":true,"href":"https:\/\/edublog.educastur.es\/ixuxu\/wp-json\/wp\/v2\/categories?post=66934"},{"taxonomy":"post_tag","embeddable":true,"href":"https:\/\/edublog.educastur.es\/ixuxu\/wp-json\/wp\/v2\/tags?post=66934"}],"curies":[{"name":"wp","href":"https:\/\/api.w.org\/{rel}","templated":true}]}}