{"id":66946,"date":"2026-01-28T11:28:39","date_gmt":"2026-01-28T09:28:39","guid":{"rendered":"https:\/\/edublog.educastur.es\/ixuxu\/?p=66946"},"modified":"2026-01-28T11:29:56","modified_gmt":"2026-01-28T09:29:56","slug":"la-policia-nacional-realizo-esti-martes-con-esitu-un-simulacro","status":"publish","type":"post","link":"https:\/\/edublog.educastur.es\/ixuxu\/2026\/01\/la-policia-nacional-realizo-esti-martes-con-esitu-un-simulacro\/","title":{"rendered":"La Polic\u00eda Nacional fai un simulacru d&#8217;intervenci\u00f3n antiterrorista"},"content":{"rendered":"<p style=\"text-align: center\"><a href=\"https:\/\/www.asturiasmundial.com\/noticias\/fotos\/142801_1_thumb.jpg\"><img loading=\"lazy\" decoding=\"async\" class=\"aligncenter size-large\" src=\"https:\/\/www.asturiasmundial.com\/noticias\/fotos\/142801_1_thumb.jpg\" width=\"770\" height=\"380\" \/><\/a><\/p>\n<p>La Polic\u00eda Nacional realiz\u00f3 esti martes con \u00e9situ un simulacru d&#8217;intervenci\u00f3n antiterrorista nel Palaciu de Congresos d&#8217;Uvi\u00e9u, nel edificiu Calatrava, nel que participaron m\u00e1s de 140 efectivos. Valid\u00e1ronse los protocolos d&#8217;evacuaci\u00f3n, control perimetral y primer asistencia sanitaria. <a href=\"https:\/\/www.rtpa.es\/noticias-asturias\/2026-01-27\/La-Policia-Nacional-realiza-un-simulacro-de-intervencion-antiterrorista-en-el-Calatrava_111769516461.html?fbclid=IwY2xjawPmtN9leHRuA2FlbQIxMQBzcnRjBmFwcF9pZBAyMjIwMzkxNzg4MjAwODkyAAEeCWEdMejPUmVmOZ3uDP__33FJ_NL4V_R7KJCgQD0RdeBjrnqdUKtWTwEB25c_aem_pJKh2YkZ8MeGpAS-YgUP6Q\">RTPA<\/a> \/<a href=\"https:\/\/www.instagram.com\/reel\/DUAylrUkTgV\/?utm_source=ig_web_copy_link\"> Videu LNE<\/a> \/<\/p>\n<p><!--more--><\/p>\n<p>So la supervisi\u00f3n de la delegada del Gobiernu n&#8217;Asturies, Adriana Lastra, y del xefe cimeru de Polic\u00eda d&#8217;Asturies, el comisariu principal Jorge Ignacio Moreno Amatria\u00edn, l&#8217;exerciciu sirvi\u00f3 para testar la respuesta operativa de distintes unidaes de segurid\u00e1 policiales, inform\u00f3 la Polic\u00eda Nacional.<\/p>\n<p style=\"text-align: center\"><a href=\"https:\/\/www.rtpa.es\/fotos\/\/26\/01\/20260127133417_RTPA7642493.webp\"><img loading=\"lazy\" decoding=\"async\" class=\"aligncenter size-large\" src=\"https:\/\/www.rtpa.es\/fotos\/\/26\/01\/20260127133417_RTPA7642493.webp\" width=\"853\" height=\"480\" \/><\/a><\/p>\n<p>Ente estes unidaes participaron el Grupu d&#8217;Atenci\u00f3n a la Ciudadana, el Grupu Operativu de Respuesta, la Unid\u00e1 d&#8217;Intervenci\u00f3n Policial, la Unid\u00e1 de Prevenci\u00f3n y Reacci\u00f3n, los Gu\u00edes Caninos, la Unid\u00e1 de Sosuelu, los TEDAX-NRBQ, la Unid\u00e1 A\u00e9rea y la Polic\u00eda Cient\u00edfica, toes elles coordinaes pola Sala del 091.<\/p>\n<p style=\"text-align: center\"><a href=\"https:\/\/encrypted-tbn0.gstatic.com\/images?q=tbn:ANd9GcT3B72htj9T6y4NTqS_-jLE80sisba0nW1O3A&amp;s\"><img loading=\"lazy\" decoding=\"async\" class=\"aligncenter size-large\" src=\"https:\/\/encrypted-tbn0.gstatic.com\/images?q=tbn:ANd9GcT3B72htj9T6y4NTqS_-jLE80sisba0nW1O3A&amp;s\" width=\"259\" height=\"194\" \/><\/a><\/p>\n<p>Nel simulacru tami\u00e9n participaron miembros de la Polic\u00eda Local d&#8217;Uvi\u00e9u, Bomberos, servicios sanitarios y Protecci\u00f3n Civil, lo que dex\u00f3 validar los protocolos d&#8217;evacuaci\u00f3n, control perimetral y <a href=\"https:\/\/image.ondacero.es\/clipping\/cmsimages01\/2026\/01\/27\/EBE61DF0-354D-4714-B7A6-3041B9CBC63C\/policia-nacional-realiza-simulacro-intervencion-antiterrorista-palacio-congresos-oviedo_96.jpg?crop=4032,2268,x0,y384&amp;width=1200&amp;height=675&amp;optimize=low&amp;format=webply\">primer asistencia sanitaria.<\/a><\/p>\n<p>Seg\u00fan destac\u00f3 la Xefatura Cimera de Polic\u00eda d&#8217;Asturies nun comunic\u00e1u, realiz\u00f3se \u00abun exerciciu de m\u00e1ximu realismu pa garantizar\u00bb que los servicios d&#8217;emerxencia tean \u00abpreparaos \u00e9nte cualquier desaf\u00edu\u00bb.<\/p>\n","protected":false},"excerpt":{"rendered":"<p>La Polic\u00eda Nacional realiz\u00f3 esti martes con \u00e9situ un simulacru d&#8217;intervenci\u00f3n antiterrorista nel Palaciu de Congresos d&#8217;Uvi\u00e9u, nel edificiu Calatrava, nel que participaron m\u00e1s de 140 efectivos. Valid\u00e1ronse los protocolos d&#8217;evacuaci\u00f3n, control perimetral y primer asistencia sanitaria. RTPA \/ Videu LNE \/<\/p>\n","protected":false},"author":117,"featured_media":0,"comment_status":"closed","ping_status":"closed","sticky":false,"template":"","format":"standard","meta":{"footnotes":""},"categories":[417],"tags":[],"class_list":["post-66946","post","type-post","status-publish","format-standard","hentry","category-simulacru"],"_links":{"self":[{"href":"https:\/\/edublog.educastur.es\/ixuxu\/wp-json\/wp\/v2\/posts\/66946","targetHints":{"allow":["GET"]}}],"collection":[{"href":"https:\/\/edublog.educastur.es\/ixuxu\/wp-json\/wp\/v2\/posts"}],"about":[{"href":"https:\/\/edublog.educastur.es\/ixuxu\/wp-json\/wp\/v2\/types\/post"}],"author":[{"embeddable":true,"href":"https:\/\/edublog.educastur.es\/ixuxu\/wp-json\/wp\/v2\/users\/117"}],"replies":[{"embeddable":true,"href":"https:\/\/edublog.educastur.es\/ixuxu\/wp-json\/wp\/v2\/comments?post=66946"}],"version-history":[{"count":3,"href":"https:\/\/edublog.educastur.es\/ixuxu\/wp-json\/wp\/v2\/posts\/66946\/revisions"}],"predecessor-version":[{"id":66949,"href":"https:\/\/edublog.educastur.es\/ixuxu\/wp-json\/wp\/v2\/posts\/66946\/revisions\/66949"}],"wp:attachment":[{"href":"https:\/\/edublog.educastur.es\/ixuxu\/wp-json\/wp\/v2\/media?parent=66946"}],"wp:term":[{"taxonomy":"category","embeddable":true,"href":"https:\/\/edublog.educastur.es\/ixuxu\/wp-json\/wp\/v2\/categories?post=66946"},{"taxonomy":"post_tag","embeddable":true,"href":"https:\/\/edublog.educastur.es\/ixuxu\/wp-json\/wp\/v2\/tags?post=66946"}],"curies":[{"name":"wp","href":"https:\/\/api.w.org\/{rel}","templated":true}]}}