{"id":66952,"date":"2026-01-01T10:00:00","date_gmt":"2026-01-01T08:00:00","guid":{"rendered":"https:\/\/edublog.educastur.es\/ixuxu\/?p=66952"},"modified":"2026-01-28T12:37:34","modified_gmt":"2026-01-28T10:37:34","slug":"dia-de-la-muyer-y-la-nena-na-ciencia-4","status":"publish","type":"post","link":"https:\/\/edublog.educastur.es\/ixuxu\/2026\/01\/dia-de-la-muyer-y-la-nena-na-ciencia-4\/","title":{"rendered":"D\u00eda de la muyer y la ne\u00f1a na ciencia"},"content":{"rendered":"<p>La Universid\u00e1 d&#8217;Uvi\u00e9u celebra&#8217;l 11 de febreru de 2026 con una campa\u00f1a coordinada pola Unid\u00e1 de Cultura Cient\u00edfica y de la Innovaci\u00f3n (UCC+I), centrada en visibilizar el trabayu de les sos investigadores y fomentar vocaciones cient\u00edfiques ente ne\u00f1es y nueves. <a href=\"https:\/\/ucc.uniovi.es\/promocion\/diamujerciencia\/recursoseducativos\"><strong>Recursos educativos<\/strong><\/a><\/p>\n<p style=\"text-align: center\"><a href=\"https:\/\/www.educastur.es\/documents\/34868\/37848\/2026-01-act-uniovi-mujer-nina-ciencia-1060.jpg\/4e7cc6a5-305e-f6f5-43f2-99d63cf47c22?t=1769170342643\"><img loading=\"lazy\" decoding=\"async\" class=\"aligncenter size-large\" src=\"https:\/\/www.educastur.es\/documents\/34868\/37848\/2026-01-act-uniovi-mujer-nina-ciencia-1060.jpg\/4e7cc6a5-305e-f6f5-43f2-99d63cf47c22?t=1769170342643\" width=\"1060\" height=\"434\" \/><\/a><a href=\"https:\/\/www.educastur.es\/-\/11-02-dia-internacional-mujer-nina-ciencia-universidad-oviedo?redirect=%2F\">Educastur<\/a> \/<\/p>\n<p>La instituci\u00f3n desenvuelve mientres el presente mes un ampliu programa que pretende visibilizar la contribuci\u00f3n de les muyeres na investigaci\u00f3n y captar nueves vocaciones ente les m\u00e1s nueves sol lema col lema YoSoyCient\u00edfica. Nesta edici\u00f3n m\u00e1s de 60 investigadores de la Universid\u00e1 d&#8217;Uvi\u00e9u van participar na conmemoraci\u00f3n del D\u00eda Internacional de la Muyer y la Ne\u00f1a na Ciencia. <a href=\"https:\/\/ucc.uniovi.es\/promocion\/diamujerciencia\/yosoycientifica\" target=\"_blank\" rel=\"noopener\">Programa de Actividades D\u00eda de la Mujer y la Ni\u00f1a en la Ciencia 2026<\/a><\/p>\n<p><!--more--><\/p>\n<p style=\"text-align: center\"><a href=\"https:\/\/ucc.uniovi.es\/image\/image_gallery?uuid=14784f69-3fb6-49aa-8ea0-ac96ab469499&amp;groupId=3443118&amp;t=1644517655413\"><img loading=\"lazy\" decoding=\"async\" class=\"aligncenter size-large\" src=\"https:\/\/ucc.uniovi.es\/image\/image_gallery?uuid=14784f69-3fb6-49aa-8ea0-ac96ab469499&amp;groupId=3443118&amp;t=1644517655413\" width=\"1920\" height=\"1080\" \/><\/a><\/p>\n<ul>\n<li><a href=\"https:\/\/forms.office.com\/\/pages\/responsepage.aspx?id=o3TqBcWSMUyXipJcPHmc0K7ILZqpagpHuMzT6KawOUxUQU5JRlVUMUE4VDNVUVZVUTVKQUIxWkJKQi4u&amp;fromie=true\" target=\"_blank\" rel=\"noopener\">Formulario de inscripci\u00f3n<\/a><\/li>\n<li><a href=\"https:\/\/ucc.uniovi.es\/promocion\/diamujerciencia\/charlas\" target=\"_blank\" rel=\"noopener\">Charlas en centros educativos<\/a><\/li>\n<li><a href=\"https:\/\/forms.office.com\/\/pages\/responsepage.aspx?id=o3TqBcWSMUyXipJcPHmc0K7ILZqpagpHuMzT6KawOUxUOEM0MDA4N1lFMVNVOVBNRUdZRldaTlY5Si4u&amp;fromie=true\" target=\"_blank\" rel=\"noopener\">Formulario de solicitud de charlas en centros educativos<\/a><\/li>\n<li><a href=\"https:\/\/ucc.uniovi.es\/promocion\/diamujerciencia\/recursoseducativos\" target=\"_blank\" rel=\"noopener\">Recursos educativos<\/a><\/li>\n<li><a href=\"https:\/\/ucc.uniovi.es\/promocion\/diamujerciencia\" target=\"_blank\" rel=\"noopener\">D\u00eda de la Mujer y la Ni\u00f1a en la Ciencia<\/a>\u00a0(web Universidad de Oviedo)<\/li>\n<li><strong>P\u00f3ster \u00abTengo una mu\u00f1eca vestida de cient\u00edfica\u00bb. <a href=\"https:\/\/ucc.uniovi.es\/c\/document_library\/get_file?uuid=e490d0bf-621e-4269-b241-4f50f41a08c6&amp;groupId=3443118\" target=\"_blank\" rel=\"noopener\">Descargar poster (pdf)<\/a><\/strong><\/li>\n<li>CHAT IA \u00abhero\u00ednas de la Ciencia\u00bb<\/li>\n<\/ul>\n<p>Con motivo del D\u00eda de la Mujer y la Ni\u00f1a en la Ciencia, la c\u00e1tedra Merkle de la Universidad de Oviedo ha desarrollado una herramienta de Inteligencia Artificial generativa que permite conversar con algunas cient\u00edficas de la historia como ADA LOVELACE, MARIE CURIE, EMMY NOETHER, MARGARET HAMILTON o HYPATIA DE ALEJANDR\u00cdA.<\/p>\n<ul>\n<li><a href=\"https:\/\/11-febrero-app-mujer-ciencia.streamlit.app\/\" target=\"_blank\" rel=\"noopener\"><strong>Acceder al chat \u00abHeroinas de la Ciencia\u00bb<\/strong><\/a><\/li>\n<\/ul>\n<ul>\n<li>D\u00eda Internacional de la Mujer y la Ni\u00f1a en la Ciencia [<a href=\"https:\/\/11defebrero.org\/\">enlace<\/a>]<\/li>\n<li>Ciencia y tecnolog\u00eda en femenino (Asociaci\u00f3n Espa\u00f1ola de Parques Cient\u00edficos y Tecnol\u00f3gicos, APTE) [<a href=\"https:\/\/www.apte.org\/ciencia-tecnologia-en-femenino\">enlace<\/a>]<\/li>\n<li>El blog de Henrietta [<a href=\"http:\/\/henrietta.iaa.es\/elblog\">enlace<\/a>]<\/li>\n<li>Astr\u00f3nomAs [<a href=\"https:\/\/astronomas.org\/\">enlace<\/a>]<\/li>\n<li>Mujeres con ciencia [<a href=\"https:\/\/mujeresconciencia.com\/\">enlace<\/a>]<\/li>\n<li>Comisi\u00f3n de Igualdad del Museo Nacional de Ciencias Naturales [<a href=\"https:\/\/www.mncn.csic.es\/es\/quienes_somos\/igualdad-en-el-mncn\">enlace<\/a>]<\/li>\n<li><strong>DOCUMENTOS, EXPOSICIONES, MATERIAL PARA DESCARGAR<\/strong><\/li>\n<\/ul>\n<ul>\n<li>Gu\u00eda: \u00bfQu\u00e9 quiero ser de mayor? (APTE) [<a href=\"https:\/\/www.apte.org\/res\/uploads\/GUIA%20QUE%20QUIERO%20SER%20DE%20MAYOR%20ONLINE%281%29.pdf\">enlace<\/a>]<\/li>\n<li>Mujeres que cambiaron el mundo (APTE) [<a href=\"https:\/\/www.apte.org\/res\/uploads\/MUJERES%20QUE%20CAMBIARON%20EL%20MUNDO(1).pdf\">enlace<\/a>]<\/li>\n<li>Calendario Mujeres STEM [<a href=\"http:\/\/blog.loretahur.net\/calendario-women-in-stem\">enlace<\/a>]<\/li>\n<li>C\u00f3mic cient\u00edficas (Universidad de Sevilla) [<a href=\"http:\/\/institucional.us.es\/cientificas\/comic\/\">enlace<\/a>]<\/li>\n<li>Manualidades con Cuentacient\u00edficas [<a href=\"https:\/\/mujeresconciencia.com\/2020\/07\/10\/12-maneras-de-contar-cientificas-con-cuentacientificas\/\">enlace<\/a>]<\/li>\n<li>Retratos de Mujeres en Bioqu\u00edmica (Sociedad Espa\u00f1ola de Bioqu\u00edmica y Biolog\u00eda Molecular) [<a href=\"https:\/\/sebbm.es\/mujer-y-ciencia\/retratos-de-mujeres-en-bioquimica\/\">enlace<\/a>]<\/li>\n<li>No more Matildas (AMIT) [<a href=\"https:\/\/www.nomorematildas.com\/\">enlace<\/a>]<\/li>\n<li>Recursos #CientificasCasio [<a href=\"https:\/\/www.cientificascasio.com\/recursos\">enlace<\/a>]<\/li>\n<li><strong><span style=\"color: #008080\">PROYECTOS<\/span><\/strong><\/li>\n<li>Mujeres de ciencia y arte urbano (Universidad Polit\u00e9cnica de Valencia y Ayuntamiento de Valencia) [<a href=\"http:\/\/www.donesdeciencia.es\/index_c.html\">enlace<\/a>]<\/li>\n<li>Selecci\u00f3n mediterr\u00e1nea de la ciencia [<a href=\"https:\/\/mednight.eu\/blog\/2021\/09\/26\/long-live-mediterranean-science-team\/?lang=es\">enlace<\/a>]<\/li>\n<li>La noche mediterr\u00e1nea de las investigadoras [<a href=\"https:\/\/mednight.eu\/?lang=es\">enlace<\/a>]<\/li>\n<li>Cient\u00edficas: Pasado, presente y futuro (Universidad de Sevilla) [<a href=\"http:\/\/institucional.us.es\/cientificas\/\">enlace<\/a>]<\/li>\n<li><span style=\"color: #008080\"><strong>V\u00cdDEOS<\/strong><\/span><\/li>\n<\/ul>\n<ul>\n<li>Especial PDIciencia (Ciencia inclusiva para todos los p\u00fablicos) 11F 2021 [<a href=\"https:\/\/www.youtube.com\/watch?v=cVRn5Laf194&amp;t=1484s\">enlace<\/a>]<\/li>\n<li>#MujeresconQu\u00edmica ( Foro Qu\u00edmica y Sociedad y Feique) [<a href=\"https:\/\/www.youtube.com\/playlist?list=PLWpQsgi883m24eCFdvgokeSj1vMBDmFvd\">enlace<\/a>]<\/li>\n<li>Museo de la Ciencia de Valladolid [<a href=\"https:\/\/www.youtube.com\/user\/museocienciavalla\/videos\">enlace<\/a>]<\/li>\n<li>Concha Monje, de Robotics Lab (Universidad Carlos III de Madrid) [<a href=\"https:\/\/quo.eldiario.es\/tecnologia\/robots\/q2012088730\/robot-teo-humanoide-futuro\/\">enlace<\/a>]<\/li>\n<li>Mujeres en ciencia (Universidad de Navarra) [<a href=\"https:\/\/museodeciencias.unav.edu\/actividades\/la-mujer-en-la-ciencia\">enlace<\/a>]<\/li>\n<li>Documental &#8211; Picture a Scientist (Netflix) [<a href=\"https:\/\/www.netflix.com\/es\/title\/81303549\">enlace<\/a>]<\/li>\n<li><span style=\"color: #008080\"><strong>REDES SOCIALES<\/strong><\/span><\/li>\n<\/ul>\n<ul>\n<li>Hilo de Twitter &#8211; Mujeres Espaciales [<a href=\"https:\/\/twitter.com\/astrochatgame\/status\/971344621958770688\">enlace<\/a>]<\/li>\n<li><span style=\"color: #008080\"><strong>JUEGOS<\/strong><\/span><\/li>\n<\/ul>\n<ul>\n<li>Videojuego Astrochat [<a href=\"https:\/\/astrochat.org\/\">enlace<\/a>]<\/li>\n<li>Kahoot! &#8211; Juego de preguntas sobre cient\u00edficas Casio [<a href=\"https:\/\/create.kahoot.it\/profiles\/3325d35c-c742-45c5-8e27-aed66bbe00fa\">enlace<\/a>]<\/li>\n<li>El juego de cartas de las mujeres cient\u00edficas [<a href=\"https:\/\/11defebrero.org\/2022\/01\/09\/el-juego-de-cartas-de-mujeres-cientificas\/\">enlace<\/a>]<\/li>\n<li>A hombros de gigantas [<a href=\"https:\/\/docs.google.com\/forms\/d\/e\/1FAIpQLSdrT8Jb-bByUXSZSzIs520XdzcrhiIBsZYJVDl7kD14EhBJNw\/viewform\" target=\"_blank\" rel=\"noopener\">enlace<\/a>] Nuevo<\/li>\n<\/ul>\n","protected":false},"excerpt":{"rendered":"<p>La Universid\u00e1 d&#8217;Uvi\u00e9u celebra&#8217;l 11 de febreru de 2026 con una campa\u00f1a coordinada pola Unid\u00e1 de Cultura Cient\u00edfica y de la Innovaci\u00f3n (UCC+I), centrada en visibilizar el trabayu de les sos investigadores y fomentar vocaciones cient\u00edfiques ente ne\u00f1es y nueves. Recursos educativos Educastur \/ La instituci\u00f3n desenvuelve mientres el presente mes un ampliu programa que [&hellip;]<\/p>\n","protected":false},"author":117,"featured_media":0,"comment_status":"closed","ping_status":"closed","sticky":false,"template":"","format":"standard","meta":{"footnotes":""},"categories":[45,6,79],"tags":[],"class_list":["post-66952","post","type-post","status-publish","format-standard","hentry","category-ciencia","category-dia-de","category-muyer"],"_links":{"self":[{"href":"https:\/\/edublog.educastur.es\/ixuxu\/wp-json\/wp\/v2\/posts\/66952","targetHints":{"allow":["GET"]}}],"collection":[{"href":"https:\/\/edublog.educastur.es\/ixuxu\/wp-json\/wp\/v2\/posts"}],"about":[{"href":"https:\/\/edublog.educastur.es\/ixuxu\/wp-json\/wp\/v2\/types\/post"}],"author":[{"embeddable":true,"href":"https:\/\/edublog.educastur.es\/ixuxu\/wp-json\/wp\/v2\/users\/117"}],"replies":[{"embeddable":true,"href":"https:\/\/edublog.educastur.es\/ixuxu\/wp-json\/wp\/v2\/comments?post=66952"}],"version-history":[{"count":4,"href":"https:\/\/edublog.educastur.es\/ixuxu\/wp-json\/wp\/v2\/posts\/66952\/revisions"}],"predecessor-version":[{"id":66956,"href":"https:\/\/edublog.educastur.es\/ixuxu\/wp-json\/wp\/v2\/posts\/66952\/revisions\/66956"}],"wp:attachment":[{"href":"https:\/\/edublog.educastur.es\/ixuxu\/wp-json\/wp\/v2\/media?parent=66952"}],"wp:term":[{"taxonomy":"category","embeddable":true,"href":"https:\/\/edublog.educastur.es\/ixuxu\/wp-json\/wp\/v2\/categories?post=66952"},{"taxonomy":"post_tag","embeddable":true,"href":"https:\/\/edublog.educastur.es\/ixuxu\/wp-json\/wp\/v2\/tags?post=66952"}],"curies":[{"name":"wp","href":"https:\/\/api.w.org\/{rel}","templated":true}]}}