{"id":66957,"date":"2026-01-28T09:00:39","date_gmt":"2026-01-28T07:00:39","guid":{"rendered":"https:\/\/edublog.educastur.es\/ixuxu\/?p=66957"},"modified":"2026-01-28T17:43:26","modified_gmt":"2026-01-28T15:43:26","slug":"dia-mundial-pola-reduccion-demisiones-de-co2","status":"publish","type":"post","link":"https:\/\/edublog.educastur.es\/ixuxu\/2026\/01\/dia-mundial-pola-reduccion-demisiones-de-co2\/","title":{"rendered":"D\u00eda Mundial pola reducci\u00f3n d&#8217;Emisiones de CO2"},"content":{"rendered":"<div class=\"html-div xdj266r x14z9mp xat24cr x1lziwak xexx8yu x1a8lsjc xf7dkkf xv54qhq\">\n<div class=\"html-div xdj266r x14z9mp xat24cr x1lziwak xexx8yu xyri2b x18d9i69 x1c1uobl x1jx94hy x78zum5 x1q0g3np\">\n<div class=\"x78zum5 xdt5ytf xz62fqu x16ldp7u\">\n<div class=\"xu06os2 x1ok221b\">\n<div class=\"html-div xdj266r x14z9mp xat24cr x1lziwak xexx8yu xyri2b x18d9i69 x1c1uobl\" data-ad-rendering-role=\"profile_name\">\n<ul>\n<li class=\"html-h3 x14z9mp xat24cr x1lziwak xexx8yu xyri2b x18d9i69 x1c1uobl x1vvkbs x1heor9g x1qlqyl8 x1pd3egz x1a2a7pz x1gslohp x1yc453h\"><span class=\"x1lliihq x6ikm8r x10wlt62 x1n2onr6\"><span class=\"xt0psk2\"><a class=\"x1i10hfl xjbqb8w x1ejq31n x18oe1m7 x1sy0etr xstzfhl x972fbf x10w94by x1qhh985 x14e42zd x9f619 x1ypdohk xt0psk2 x3ct3a4 xdj266r x14z9mp xat24cr x1lziwak xexx8yu xyri2b x18d9i69 x1c1uobl x16tdsg8 x1hl2dhg xggy1nq x1a2a7pz xkrqix3 x1sur9pj xzsf02u x1s688f\" role=\"link\" href=\"https:\/\/www.facebook.com\/fundacionbiodiversidad?__cft__[0]=AZZlJ0mdbfd1FR5bXj319ockIrtpf0dhYOfQeYxntRm-TBQg_eCgKIw4xHrf3yInMLXCFOdGiWdGE7-v29PinI0zfoGOTiHNkcFLLHQAYwkRTPmUc4Tz6jpjyXHqTpJpTys742ivErZE7RcohdTofhV5WkQpE2O8QHkfmu_5F5nWPTKbif95WyZPdtfZiRQu3sfTwXImOltdMMGFBtShRd8v&amp;__tn__=-UC%2CP-y-R\"><b class=\"html-b xdj266r x14z9mp xat24cr x1lziwak xexx8yu xyri2b x18d9i69 x1c1uobl x1hl2dhg x16tdsg8 x1vvkbs x1s688f\"><span class=\"html-span xdj266r x14z9mp xat24cr x1lziwak xexx8yu xyri2b x18d9i69 x1c1uobl x1hl2dhg x16tdsg8 x1vvkbs\">Fundaci\u00f3n Biodiversidad<\/span><\/b><\/a><\/span><\/span><span style=\"font-size: 16px\">\/<\/span><img loading=\"lazy\" decoding=\"async\" class=\"xz74otr x15mokao x1ga7v0g x16uus16 xbiv7yw\" style=\"font-size: 16px\" src=\"https:\/\/static.xx.fbcdn.net\/images\/emoji.php\/v9\/t3f\/1\/16\/1f30d.png\" alt=\"\ud83c\udf0d\" width=\"16\" height=\"16\" \/><a class=\"x1i10hfl xjbqb8w x1ejq31n x18oe1m7 x1sy0etr xstzfhl x972fbf x10w94by x1qhh985 x14e42zd x9f619 x1ypdohk xt0psk2 x3ct3a4 xdj266r x14z9mp xat24cr x1lziwak xexx8yu xyri2b x18d9i69 x1c1uobl x16tdsg8 x1hl2dhg xggy1nq x1a2a7pz xkrqix3 x1sur9pj x1fey0fg x1s688f\" style=\"font-size: 16px\" role=\"link\" href=\"https:\/\/www.facebook.com\/hashtag\/d%C3%ADamundialporlareducci%C3%B3ndelco2?__eep__=6&amp;__cft__[0]=AZZlJ0mdbfd1FR5bXj319ockIrtpf0dhYOfQeYxntRm-TBQg_eCgKIw4xHrf3yInMLXCFOdGiWdGE7-v29PinI0zfoGOTiHNkcFLLHQAYwkRTPmUc4Tz6jpjyXHqTpJpTys742ivErZE7RcohdTofhV5WkQpE2O8QHkfmu_5F5nWPTKbif95WyZPdtfZiRQu3sfTwXImOltdMMGFBtShRd8v&amp;__tn__=*NK-y-R\">#D\u00edaMundialporlaReducci\u00f3ndelCO2<\/a><\/li>\n<\/ul>\n<p>Nos \u00faltimos a\u00f1os, les emisiones globales de CO\u2082 caltener en niveles r\u00e9cord, impulsaes poles actividaes humanes. Amenorgales ye urxente para garantizar la nuesa supervivencia y l&#8217;equilibriu del planeta.<\/p>\n<p style=\"text-align: center\"><span class=\"x193iq5w xeuugli x13faqbe x1vvkbs xt0psk2 x1i0vuye xvs91rp xo1l8bm x5n08af x10wh9bi xpm28yp x8viiok x1o7cslx x126k92a\"><span class=\"html-span xexx8yu x4uap5 x18d9i69 xkhd6sd x1hl2dhg x16tdsg8 x1vvkbs x3nfvp2 x1j61x8r x1fcty0u xdj266r xat24cr xgzva0m xhhsvwb xxymvpz xlup9mm x1kky2od\">\n<!-- iframe plugin v.6.0 wordpress.org\/plugins\/iframe\/ -->\n<iframe loading=\"lazy\" src=\"https:\/\/www.instagram.com\/reel\/DUDHTogChvZ\/embed\" width=\"500\" height=\"695\" 0=\"\/iframe\" scrolling=\"yes\" class=\"iframe-class\" frameborder=\"0\"><\/iframe>\n<\/span><\/span><\/p>\n<p><!--more--><\/p>\n<p style=\"text-align: center\"><a href=\"https:\/\/imgs.search.brave.com\/E0k1S2foF6wl35LNQ-3sk5Iiq8hW_vRUq4xubEMR6H0\/rs:fit:860:0:0:0\/g:ce\/aHR0cHM6Ly9tZWRp\/YS5pc3RvY2twaG90\/by5jb20vaWQvMjE4\/MDk1MDk3Ni9waG90\/by9jYXJib24tZm9v\/dHByaW50LXJlZHVj\/dGlvbi53ZWJwP2E9\/MSZiPTEmcz02MTJ4\/NjEyJnc9MCZrPTIw\/JmM9eTZvRjMwUHQy\/N2E3RXNfb0NPMFlB\/X0RSYzRYbTFMRWpk\/VlhsLUIzUzNJMD0\"><img loading=\"lazy\" decoding=\"async\" class=\"aligncenter size-large\" src=\"https:\/\/imgs.search.brave.com\/E0k1S2foF6wl35LNQ-3sk5Iiq8hW_vRUq4xubEMR6H0\/rs:fit:860:0:0:0\/g:ce\/aHR0cHM6Ly9tZWRp\/YS5pc3RvY2twaG90\/by5jb20vaWQvMjE4\/MDk1MDk3Ni9waG90\/by9jYXJib24tZm9v\/dHByaW50LXJlZHVj\/dGlvbi53ZWJwP2E9\/MSZiPTEmcz02MTJ4\/NjEyJnc9MCZrPTIw\/JmM9eTZvRjMwUHQy\/N2E3RXNfb0NPMFlB\/X0RSYzRYbTFMRWpk\/VlhsLUIzUzNJMD0\" width=\"612\" height=\"323\" \/><\/a><\/p>\n<p><strong>Di\u00f3xidu de carbonu (CO\u2082) ye un gas incoloro, inodoro y non t\u00f3xicu<\/strong> compuestu por un \u00e1tomu de carbonu xun\u00edo a dos \u00e1tomos d&#8217;os\u00edxenu por aciu enllaces covalentes dobles. La so f\u00f3rmula qu\u00edmica ye CO\u2082 y<strong> ye un compuestu natural presente na atm\u00f3sfera terrestre<\/strong>, con una concentraci\u00f3n actual d&#8217;alredor de 424 partes per mill\u00f3n (ppm), un nivel ensin precedentes seg\u00fan la Organizaci\u00f3n Meteorol\u00f3xica Mundial (2024).<\/p>\n<p style=\"text-align: center\"><a href=\"https:\/\/imgs.search.brave.com\/qjJ3fioF452ht8I7yVPaXCnYJ2bSho9CfUd8Wz275pc\/rs:fit:500:0:1:0\/g:ce\/aHR0cHM6Ly9tZWRp\/YS5pc3RvY2twaG90\/by5jb20vaWQvOTky\/NDI5MzY0L3Bob3Rv\/L3JlZHVjZS1jbzIt\/d2l0aC1tYW4taG9s\/ZGluZy1hLXRhYmxl\/dC5qcGc_cz02MTJ4\/NjEyJnc9MCZrPTIw\/JmM9aF9fS01UV0hm\/YVFadC1ScXQyOVE0\/d3lOWjN3NngtZE1I\/X3Nwd2RwZlU2Yz0\"><img loading=\"lazy\" decoding=\"async\" class=\"aligncenter size-large\" src=\"https:\/\/imgs.search.brave.com\/qjJ3fioF452ht8I7yVPaXCnYJ2bSho9CfUd8Wz275pc\/rs:fit:500:0:1:0\/g:ce\/aHR0cHM6Ly9tZWRp\/YS5pc3RvY2twaG90\/by5jb20vaWQvOTky\/NDI5MzY0L3Bob3Rv\/L3JlZHVjZS1jbzIt\/d2l0aC1tYW4taG9s\/ZGluZy1hLXRhYmxl\/dC5qcGc_cz02MTJ4\/NjEyJnc9MCZrPTIw\/JmM9aF9fS01UV0hm\/YVFadC1ScXQyOVE0\/d3lOWjN3NngtZE1I\/X3Nwd2RwZlU2Yz0\" width=\"500\" height=\"248\" \/><\/a><\/p>\n<\/div>\n<\/div>\n<\/div>\n<\/div>\n<\/div>\n<p>&nbsp;<\/p>\n","protected":false},"excerpt":{"rendered":"<p>Fundaci\u00f3n Biodiversidad\/#D\u00edaMundialporlaReducci\u00f3ndelCO2 Nos \u00faltimos a\u00f1os, les emisiones globales de CO\u2082 caltener en niveles r\u00e9cord, impulsaes poles actividaes humanes. Amenorgales ye urxente para garantizar la nuesa supervivencia y l&#8217;equilibriu del planeta.<\/p>\n","protected":false},"author":117,"featured_media":0,"comment_status":"closed","ping_status":"closed","sticky":false,"template":"","format":"standard","meta":{"footnotes":""},"categories":[6],"tags":[],"class_list":["post-66957","post","type-post","status-publish","format-standard","hentry","category-dia-de"],"_links":{"self":[{"href":"https:\/\/edublog.educastur.es\/ixuxu\/wp-json\/wp\/v2\/posts\/66957","targetHints":{"allow":["GET"]}}],"collection":[{"href":"https:\/\/edublog.educastur.es\/ixuxu\/wp-json\/wp\/v2\/posts"}],"about":[{"href":"https:\/\/edublog.educastur.es\/ixuxu\/wp-json\/wp\/v2\/types\/post"}],"author":[{"embeddable":true,"href":"https:\/\/edublog.educastur.es\/ixuxu\/wp-json\/wp\/v2\/users\/117"}],"replies":[{"embeddable":true,"href":"https:\/\/edublog.educastur.es\/ixuxu\/wp-json\/wp\/v2\/comments?post=66957"}],"version-history":[{"count":3,"href":"https:\/\/edublog.educastur.es\/ixuxu\/wp-json\/wp\/v2\/posts\/66957\/revisions"}],"predecessor-version":[{"id":66964,"href":"https:\/\/edublog.educastur.es\/ixuxu\/wp-json\/wp\/v2\/posts\/66957\/revisions\/66964"}],"wp:attachment":[{"href":"https:\/\/edublog.educastur.es\/ixuxu\/wp-json\/wp\/v2\/media?parent=66957"}],"wp:term":[{"taxonomy":"category","embeddable":true,"href":"https:\/\/edublog.educastur.es\/ixuxu\/wp-json\/wp\/v2\/categories?post=66957"},{"taxonomy":"post_tag","embeddable":true,"href":"https:\/\/edublog.educastur.es\/ixuxu\/wp-json\/wp\/v2\/tags?post=66957"}],"curies":[{"name":"wp","href":"https:\/\/api.w.org\/{rel}","templated":true}]}}