{"id":6697,"date":"2021-06-03T09:30:45","date_gmt":"2021-06-03T07:30:45","guid":{"rendered":"https:\/\/edublog.educastur.es\/ixuxu\/?p=6697"},"modified":"2021-06-13T11:51:39","modified_gmt":"2021-06-13T09:51:39","slug":"dia-mundial-de-la-bicicleta-2","status":"publish","type":"post","link":"https:\/\/edublog.educastur.es\/ixuxu\/2021\/06\/dia-mundial-de-la-bicicleta-2\/","title":{"rendered":"D\u00eda Mundial de la Bicicleta"},"content":{"rendered":"<p style=\"text-align: center\"><a href=\"https:\/\/www.asuncion.gov.py\/wp-content\/uploads\/2020\/07\/biciclet-1024x576.jpg\"><img loading=\"lazy\" decoding=\"async\" class=\"alignnone\" src=\"https:\/\/www.asuncion.gov.py\/wp-content\/uploads\/2020\/07\/biciclet-1024x576.jpg\" alt=\"\" width=\"661\" height=\"372\" \/><\/a><\/p>\n<p>El <span style=\"color: #008080\"><strong>D\u00eda Mundial de la Bicicleta<\/strong><\/span>, cel\u00e9brase&#8217;l 3 de xunu de cada a\u00f1u, gracies a un decretu de l\u00b4ONU, proclam\u00e1u nel a\u00f1u 2018. L&#8217;oxetivu esencial de conmemorar esta fecha ye da-y m\u00e1s protagonismu a un mediu de tresporte como ye la bicicleta y que&#8217;l mesmu pueda sirvir pa desaniciar un pocu la crisis del mundu actual por cuenta de la contaminaci\u00f3n y al camb\u00e9u clim\u00e1ticu que ta esperimentando&#8217;l planeta.<\/p>\n<ul>\n<li><a href=\"https:\/\/www.ngenespanol.com\/el-mundo\/en-que-pais-hay-mas-bicicletas-que-personas\/?fbclid=IwAR20qpTILYzTL-54s8NVsJoKqnOZ4gNJdN6o3qj_1smVS-1pGjNgVCFRX9I\">Pa\u00eds con m\u00e1s bicicletes que persones<\/a><\/li>\n<\/ul>\n<p><!--more--><\/p>\n<p style=\"text-align: center\">\n<!-- iframe plugin v.6.0 wordpress.org\/plugins\/iframe\/ -->\n<iframe loading=\"lazy\" width=\"100%\" height=\"374\" src=\"https:\/\/www.youtube.com\/embed\/jhjmVjNoQCY\" 0=\"\/iframe\" scrolling=\"yes\" class=\"iframe-class\" frameborder=\"0\"><\/iframe>\n<\/p>\n<p>Magar, l\u00b4ONU promulg\u00f3&#8217;l 3 de xunu como&#8217;l <span style=\"color: #008080\"><strong>D\u00eda Mundial de la Bicicleta<\/strong><\/span>, nun podemos ignorar el fechu de qu&#8217;esti d\u00eda celebr\u00f3se tradicionalmente el 19 d&#8217;abril, coles mires de promover l&#8217;usu d&#8217;esti mediu de tresporte sostenible, sanu y risonderu, y concenciar sobro los derechos de los ciclistes.<\/p>\n<p style=\"text-align: center\"><a href=\"http:\/\/promar.tv\/wp-content\/uploads\/2019\/06\/20190602_233439_0000.png\"><img loading=\"lazy\" decoding=\"async\" class=\"alignnone\" src=\"http:\/\/promar.tv\/wp-content\/uploads\/2019\/06\/20190602_233439_0000.png\" alt=\"\" width=\"433\" height=\"363\" \/><\/a><\/p>\n<p style=\"text-align: center\"><span style=\"font-size: 16px\"><strong><span style=\"color: #008080\">Orixe de la bicicleta<\/span><\/strong><\/span><\/p>\n<p>La bicicleta foi la resultancia d&#8217;una serie d&#8217;intentos fall\u00edos para inventar un veh\u00edculu innovador y que dio como resultancia, <span style=\"color: #008080\">esti maraviyosu mediu de tresporte. Apaeci\u00f3 a mediaos del sieglu XIX. <\/span>N&#8217;Alema\u00f1a&#8217;l primer modelu taba fechu de madera, pero nun tuvo enforma \u00e9situ y\u00e1 que, pa ponela en marcha, hab\u00eda qu&#8217;emburriala colos pies.<\/p>\n<p>Dempu\u00e9s invent\u00e1ronse otres, que sigu\u00eden siendo rudimentaries, hasta l&#8217;a\u00f1u<span style=\"color: #008080\"> 1861 cuando Ernest Michaux<\/span> asocedi\u00f3se-y la idea d&#8217;asitiar pedales delanteros y anque esto nun foi lo ideal, sirvi\u00f3 pa dar el primer pasu a la bicicleta actual.<\/p>\n<p>&nbsp;<\/p>\n<ul>\n<li>\n<h4 id=\"content\" class=\"bbc-1lsgtu3 e1yj3cbb0\"><a href=\"https:\/\/www.bbc.com\/mundo\/noticias-48124872?at_campaign=64&amp;at_custom4=63D27BD0-C44E-11EB-80E2-EA0516F31EAE&amp;at_medium=custom7&amp;at_custom1=%5Bpost+type%5D&amp;at_custom2=facebook_page&amp;at_custom3=BBC+News+Mundo&amp;fbclid=IwAR3jd-gffGyQEGxbw-ABVrJdc87zwDiDSV7yYO0Joe2dCaGsJjs-Ib5s074\">Noticia BBC: La bicicleta, el invento que empoder\u00f3 a las mujeres, liber\u00f3 a los pobres y dio inicio a una revoluci\u00f3n manufacturera<\/a><\/h4>\n<\/li>\n<\/ul>\n<p style=\"text-align: center\"><img loading=\"lazy\" decoding=\"async\" class=\"alignnone \" src=\"https:\/\/i.pinimg.com\/originals\/fa\/fa\/5f\/fafa5f1b92d6139015d174eba1a38df5.jpg\" width=\"665\" height=\"499\" \/><\/p>\n<p style=\"text-align: center\"><strong><span style=\"color: #008080\">L&#8217;usu de la bicicleta pa vivir nun planeta m\u00e1s sostenible<\/span><\/strong><\/p>\n<p>Nel pas\u00e1u, la bicicleta represent\u00f3 un importante mediu de tresporte, sicas\u00ed, nel mundu modernu, tresform\u00f3se nuna necesid\u00e1. Non cabo dulda, que, nestos tiempos, gracies a les meyores tecnol\u00f3xiques, esisten veh\u00edculos innovadores, s\u00faper forn\u00edos, pero que se convirtieron nuna verdadera amenaza pa la vida nel planeta, y\u00e1 que espulsen axentes altamente contaminantes.<\/p>\n<p><span style=\"color: #008080\">Tolo contrario a les tradicionales bicicletes, un senciellu, pr\u00e1cticu y ecol\u00f3xicu econ\u00f3micu mediu de tresporte que puede traer beneficios pa la sal\u00fa y ayudar a menguar los elevaos \u00edndices de contaminaci\u00f3n qu&#8217;afecten a La Tierra.<\/span><\/p>\n<p>Asina mesmu, l<span style=\"color: #008080\">a bicicleta, puede tresformase nun escelente mediu pa la pr\u00e1ctica del deporte<\/span> y\u00e1 que el so impactu sobro&#8217;l mediu ambiente ye 100% natural, a diferencia del que producen otros veh\u00edculos como los coches, les motocicletes o los microbuses o autobuses. En poques palabres, un mediu *totalmente sostenible pa los seres humanos.<\/p>\n<p><a href=\"https:\/\/pbs.twimg.com\/media\/BlRhnaqCEAAsKyr.jpg\"><img loading=\"lazy\" decoding=\"async\" class=\"aligncenter\" src=\"https:\/\/pbs.twimg.com\/media\/BlRhnaqCEAAsKyr.jpg\" alt=\"\" width=\"598\" height=\"451\" \/><\/a><\/p>\n<p style=\"text-align: center\"><span style=\"color: #008080\">\u00a0<strong>Les competiciones ciclistes m\u00e1s importantes del mundu<\/strong><\/span><\/p>\n<p>Ensin dulda, falar de bicicletes fainos pensar nes competiciones de ciclismu a nivel internacional. Anque la celebraci\u00f3n d&#8217;esti d\u00eda trata d\u00b4universalizar la bici como mediu de tresporte nes ciudaes pa la mayor cantid\u00e1 de xente posible, lo cierto ye que munchos de n\u00f3s esfrutemos de ver el <span style=\"color: #008080\"><strong>Xiru d&#8217;Italia,<\/strong><\/span> o&#8217;l <strong><span style=\"color: #008080\">Tour Francia<\/span><\/strong>, y ello anim\u00f3nos a coyer la bici. Los ciclistes profesionales inspir\u00e1ronnos y fix\u00e9ronnos ver que la bici ye un mediu de tresporte col que de pueden encurtiar munches distancies.<\/p>\n<p>Si falamos de competiciones de ciclismu a nivel internacional, hai tr\u00e9s que cada a\u00f1u gocien de l&#8217;aceptaci\u00f3n de miles de persones en tol mundu. La primera d&#8217;elles, ye&#8217;l Tour de Francia, un torn\u00e9u que dura tr\u00e9s selmanes, llenes de total adrenalina tanto pa los competidores como pa l&#8217;afici\u00f3n. Nella participen ciclistes de too el mundu. Les otres dos competiciones de mayor relevancia son el Xiru d&#8217;Italia y la<strong><span style=\"color: #008080\"> Vuelta a Espa\u00f1a<\/span><\/strong>.<\/p>\n<ul>\n<li><a href=\"https:\/\/www.loqueleo.com\/es\/libro\/la-bicicleta-es-mia?fbclid=IwAR0YFiYfDcBg5lhGzyVF0MnrHG4vjSwDNqgBtnz0ccwqLunejSWKKeuQVMs\">Libro: La bicicleta es m\u00eda<\/a><\/li>\n<\/ul>\n","protected":false},"excerpt":{"rendered":"<p>El D\u00eda Mundial de la Bicicleta, cel\u00e9brase&#8217;l 3 de xunu de cada a\u00f1u, gracies a un decretu de l\u00b4ONU, proclam\u00e1u nel a\u00f1u 2018. L&#8217;oxetivu esencial de conmemorar esta fecha ye da-y m\u00e1s protagonismu a un mediu de tresporte como ye la bicicleta y que&#8217;l mesmu pueda sirvir pa desaniciar un pocu la crisis del mundu [&hellip;]<\/p>\n","protected":false},"author":117,"featured_media":0,"comment_status":"open","ping_status":"open","sticky":false,"template":"","format":"standard","meta":{"footnotes":""},"categories":[6,1],"tags":[],"class_list":["post-6697","post","type-post","status-publish","format-standard","hentry","category-dia-de","category-sin-categoria"],"_links":{"self":[{"href":"https:\/\/edublog.educastur.es\/ixuxu\/wp-json\/wp\/v2\/posts\/6697","targetHints":{"allow":["GET"]}}],"collection":[{"href":"https:\/\/edublog.educastur.es\/ixuxu\/wp-json\/wp\/v2\/posts"}],"about":[{"href":"https:\/\/edublog.educastur.es\/ixuxu\/wp-json\/wp\/v2\/types\/post"}],"author":[{"embeddable":true,"href":"https:\/\/edublog.educastur.es\/ixuxu\/wp-json\/wp\/v2\/users\/117"}],"replies":[{"embeddable":true,"href":"https:\/\/edublog.educastur.es\/ixuxu\/wp-json\/wp\/v2\/comments?post=6697"}],"version-history":[{"count":5,"href":"https:\/\/edublog.educastur.es\/ixuxu\/wp-json\/wp\/v2\/posts\/6697\/revisions"}],"predecessor-version":[{"id":7170,"href":"https:\/\/edublog.educastur.es\/ixuxu\/wp-json\/wp\/v2\/posts\/6697\/revisions\/7170"}],"wp:attachment":[{"href":"https:\/\/edublog.educastur.es\/ixuxu\/wp-json\/wp\/v2\/media?parent=6697"}],"wp:term":[{"taxonomy":"category","embeddable":true,"href":"https:\/\/edublog.educastur.es\/ixuxu\/wp-json\/wp\/v2\/categories?post=6697"},{"taxonomy":"post_tag","embeddable":true,"href":"https:\/\/edublog.educastur.es\/ixuxu\/wp-json\/wp\/v2\/tags?post=6697"}],"curies":[{"name":"wp","href":"https:\/\/api.w.org\/{rel}","templated":true}]}}