{"id":66981,"date":"2026-01-29T17:43:40","date_gmt":"2026-01-29T15:43:40","guid":{"rendered":"https:\/\/edublog.educastur.es\/ixuxu\/?p=66981"},"modified":"2026-01-29T19:49:49","modified_gmt":"2026-01-29T17:49:49","slug":"una-casa-premiu-darquitectura-otilio-garcia","status":"publish","type":"post","link":"https:\/\/edublog.educastur.es\/ixuxu\/2026\/01\/una-casa-premiu-darquitectura-otilio-garcia\/","title":{"rendered":"Una casa Premiu d&#8217;Arquitectura Otilio Garc\u00eda"},"content":{"rendered":"<p style=\"text-align: center\"><span class=\"x193iq5w xeuugli x13faqbe x1vvkbs xt0psk2 x1i0vuye xvs91rp xo1l8bm x5n08af x10wh9bi xpm28yp x8viiok x1o7cslx x126k92a\"><span class=\"html-span xexx8yu x4uap5 x18d9i69 xkhd6sd x1hl2dhg x16tdsg8 x1vvkbs x3nfvp2 x1j61x8r x1fcty0u xdj266r xat24cr xgzva0m xhhsvwb xxymvpz xlup9mm x1kky2od\">\n<!-- iframe plugin v.6.0 wordpress.org\/plugins\/iframe\/ -->\n<iframe loading=\"lazy\" src=\"https:\/\/www.instagram.com\/p\/DUDIn1XjXbb\/embed\" width=\"400\" 0=\"height=&quot;725\" 1=\"\/iframe\" height=\"500\" scrolling=\"yes\" class=\"iframe-class\" frameborder=\"0\"><\/iframe>\n<\/span><\/span><\/p>\n<p><span class=\"x193iq5w xeuugli x13faqbe x1vvkbs xt0psk2 x1i0vuye xvs91rp xo1l8bm x5n08af x10wh9bi xpm28yp x8viiok x1o7cslx x126k92a\">\ud83c\udfe0 \u00a0<strong>F5 Proyectos y Arquitectura<\/strong> (<a class=\"x1i10hfl xjbqb8w x1ejq31n x18oe1m7 x1sy0etr xstzfhl x972fbf x10w94by x1qhh985 x14e42zd x9f619 x1ypdohk xt0psk2 x3ct3a4 xdj266r x14z9mp xat24cr x1lziwak xexx8yu xyri2b x18d9i69 x1c1uobl x16tdsg8 x1hl2dhg xggy1nq x1a2a7pz notranslate _a6hd\" role=\"link\" href=\"https:\/\/www.instagram.com\/f5proyectosyarquitectura\/\">@f5proyectosyarquitectura<\/a>) \/\ud83d\udcf8 Iv\u00e1n Mor\u00e1n G-R. \/ <\/span>El proyectu r\u00f3blalu l&#8217;estudiu asturianu F5 Proyectos y Arquitectura y acaba de ganar el <strong>premiu especial Asturiana de Cinc de los galardones ATEG 2025 d&#8217;Arquitectura, Inxenier\u00eda y Arte Otilio Garc\u00eda<\/strong>, que promueven les ventayes del usu del aceru galvaniz\u00e1u, material col que ta construyida la vivienda.<\/p>\n<p><!--more--><\/p>\n<p>L&#8217;estudiu utiliz\u00f3 nesti proyectu 9.300 kg d&#8217;aceru galvaniz\u00e1u como material envolvente na estructura de la vivienda unifamiliar.<\/p>\n<p style=\"text-align: center\"><a href=\"https:\/\/img.interempresas.net\/fotos\/5402470.jpeg\"><img loading=\"lazy\" decoding=\"async\" class=\"aligncenter size-large\" src=\"https:\/\/img.interempresas.net\/fotos\/5402470.jpeg\" width=\"980\" height=\"560\" \/><\/a><\/p>\n<p>Hai hestories que nun se cunten, constr\u00fayense. Y como na pel\u00edcula &#8216;Big fish&#8217;, en Cadavedo crearon una casa que reflexa que la vida nun ta nun para\u00edsu est\u00e1ticu, sin\u00f3n nel viaxe al travi\u00e9s del mundu real y les sos complexidaes<strong>. Un dise\u00f1u bas\u00e1u na fantas\u00eda y que la so forma recuerda a un xigantescu pexe que s&#8217;alza ente un patiu vexetal que remembra l&#8217;id\u00edlicu pueblu Spectre y que, dende l&#8217;allo\u00f1anza, paez tar buscando&#8217;l mar Cant\u00e1bricu.<\/strong><\/p>\n","protected":false},"excerpt":{"rendered":"<p>\ud83c\udfe0 \u00a0F5 Proyectos y Arquitectura (@f5proyectosyarquitectura) \/\ud83d\udcf8 Iv\u00e1n Mor\u00e1n G-R. \/ El proyectu r\u00f3blalu l&#8217;estudiu asturianu F5 Proyectos y Arquitectura y acaba de ganar el premiu especial Asturiana de Cinc de los galardones ATEG 2025 d&#8217;Arquitectura, Inxenier\u00eda y Arte Otilio Garc\u00eda, que promueven les ventayes del usu del aceru galvaniz\u00e1u, material col que ta construyida [&hellip;]<\/p>\n","protected":false},"author":117,"featured_media":0,"comment_status":"closed","ping_status":"closed","sticky":false,"template":"","format":"standard","meta":{"footnotes":""},"categories":[198,89,58],"tags":[],"class_list":["post-66981","post","type-post","status-publish","format-standard","hentry","category-arquitectura","category-arte","category-premios"],"_links":{"self":[{"href":"https:\/\/edublog.educastur.es\/ixuxu\/wp-json\/wp\/v2\/posts\/66981","targetHints":{"allow":["GET"]}}],"collection":[{"href":"https:\/\/edublog.educastur.es\/ixuxu\/wp-json\/wp\/v2\/posts"}],"about":[{"href":"https:\/\/edublog.educastur.es\/ixuxu\/wp-json\/wp\/v2\/types\/post"}],"author":[{"embeddable":true,"href":"https:\/\/edublog.educastur.es\/ixuxu\/wp-json\/wp\/v2\/users\/117"}],"replies":[{"embeddable":true,"href":"https:\/\/edublog.educastur.es\/ixuxu\/wp-json\/wp\/v2\/comments?post=66981"}],"version-history":[{"count":5,"href":"https:\/\/edublog.educastur.es\/ixuxu\/wp-json\/wp\/v2\/posts\/66981\/revisions"}],"predecessor-version":[{"id":66988,"href":"https:\/\/edublog.educastur.es\/ixuxu\/wp-json\/wp\/v2\/posts\/66981\/revisions\/66988"}],"wp:attachment":[{"href":"https:\/\/edublog.educastur.es\/ixuxu\/wp-json\/wp\/v2\/media?parent=66981"}],"wp:term":[{"taxonomy":"category","embeddable":true,"href":"https:\/\/edublog.educastur.es\/ixuxu\/wp-json\/wp\/v2\/categories?post=66981"},{"taxonomy":"post_tag","embeddable":true,"href":"https:\/\/edublog.educastur.es\/ixuxu\/wp-json\/wp\/v2\/tags?post=66981"}],"curies":[{"name":"wp","href":"https:\/\/api.w.org\/{rel}","templated":true}]}}