{"id":66992,"date":"2026-01-29T11:00:41","date_gmt":"2026-01-29T09:00:41","guid":{"rendered":"https:\/\/edublog.educastur.es\/ixuxu\/?p=66992"},"modified":"2026-01-29T20:58:15","modified_gmt":"2026-01-29T18:58:15","slug":"feten-la-feria-internacional-dartes-esceniques-para-nenos-nenes-y-families","status":"publish","type":"post","link":"https:\/\/edublog.educastur.es\/ixuxu\/2026\/01\/feten-la-feria-internacional-dartes-esceniques-para-nenos-nenes-y-families\/","title":{"rendered":"FETEN, la Feria Internacional d&#8217;Artes Esc\u00e9niques para ne\u00f1os, ne\u00f1es y families"},"content":{"rendered":"<p style=\"text-align: center\"><span class=\"x193iq5w xeuugli x13faqbe x1vvkbs xt0psk2 x1i0vuye xvs91rp xo1l8bm x5n08af x10wh9bi xpm28yp x8viiok x1o7cslx x126k92a\"><span class=\"html-span xexx8yu x4uap5 x18d9i69 xkhd6sd x1hl2dhg x16tdsg8 x1vvkbs x3nfvp2 x1j61x8r x1fcty0u xdj266r xat24cr xgzva0m xhhsvwb xxymvpz xlup9mm x1kky2od\">\n<!-- iframe plugin v.6.0 wordpress.org\/plugins\/iframe\/ -->\n<iframe loading=\"lazy\" src=\"https:\/\/www.instagram.com\/p\/DUGXd_KjL9w\/embed\" width=\"400\" 0=\"height=&quot;725\" 1=\"\/iframe\" height=\"500\" scrolling=\"yes\" class=\"iframe-class\" frameborder=\"0\"><\/iframe>\n<\/span><\/span><\/p>\n<div class=\"x1rg5ohu x2fvf9\">\n<div class=\"html-div xdj266r x14z9mp xat24cr x1lziwak xexx8yu xyri2b x18d9i69 x1c1uobl x9f619 xjbqb8w x1rg5ohu x15mokao x1ga7v0g x16uus16 xbiv7yw x1uhb9sk x1plvlek xryxfnj x1c4vz4f x2lah0s x1oa3qoh\">\n<p><a class=\"x1i10hfl xjbqb8w x1ejq31n x18oe1m7 x1sy0etr xstzfhl x972fbf x10w94by x1qhh985 x14e42zd x9f619 x1ypdohk xt0psk2 x3ct3a4 xdj266r x14z9mp xat24cr x1lziwak xexx8yu xyri2b x18d9i69 x1c1uobl x16tdsg8 x1hl2dhg xggy1nq x1a2a7pz _aa9_ _a6hd\" role=\"link\" href=\"https:\/\/www.instagram.com\/explore\/tags\/feten2026\/\">#FETEN2026<\/a> Tola informaci\u00f3n na web, <a href=\"http:\/\/feten.gijon.es\"><strong>http:\/\/feten.gijon.es<\/strong><\/a>, nel link de nuesa bio y en <a class=\"x1i10hfl xjbqb8w x1ejq31n x18oe1m7 x1sy0etr xstzfhl x972fbf x10w94by x1qhh985 x14e42zd x9f619 x1ypdohk xt0psk2 x3ct3a4 xdj266r x14z9mp xat24cr x1lziwak xexx8yu xyri2b x18d9i69 x1c1uobl x16tdsg8 x1hl2dhg xggy1nq x1a2a7pz notranslate _a6hd\" role=\"link\" href=\"https:\/\/www.instagram.com\/fetengijonxixon\/\">@fetengijonxixon <\/a>Esta ma\u00f1ana present\u00f3se nel Centru de Cultura Antiguu Institutu la trix\u00e9simu quinta edici\u00f3n de<span style=\"color: #008080\"><strong> FETEN, la Feria Internacional d&#8217;Artes Esc\u00e9niques<\/strong><\/span> para ne\u00f1os, ne\u00f1es y families que <strong>va tener llugar del 22 al 27 de febreru. <\/strong><a href=\"https:\/\/www.elcomercio.es\/culturas\/arte\/feten-desembarca-febrero-200-funciones-companias-espacios-20260129132544-nt.html\">El Comercio<\/a><\/p>\n<p><!--more--><\/p>\n<p>Ye unu de los escaparates fundamentales del alcuentru de los profesionales del sector n&#8217;Espa\u00f1a. <strong>Nel so trix\u00e9simu quinta edici\u00f3n, FETEN afonda nel so llabor de faer de Xix\u00f3n un llaboratoriu creativu para la escena espa\u00f1ola<\/strong>. Col programa de 2026, la Fundaci\u00f3n Municipal de Cultura, Educaci\u00f3n y Universid\u00e1 Popular de Xix\u00f3n <strong>reafita la naturaleza de la feria xixonesa como gran escaparate d&#8217;enclinos creativos, espaciu de reflex\u00f3n ya intercambiu d&#8217;esperiencies y cita l\u00fadica esencial para los p\u00fablicos presentes y futuros.<\/strong><\/p>\n<p style=\"text-align: center\"><a href=\"https:\/\/drupal.gijon.es\/sites\/default\/files\/styles\/imagen_cabecera_slider\/public\/2025-11\/Cabecera%20web-%20FETEN%202026.jpg\"><img loading=\"lazy\" decoding=\"async\" class=\"aligncenter \" src=\"https:\/\/drupal.gijon.es\/sites\/default\/files\/styles\/imagen_cabecera_slider\/public\/2025-11\/Cabecera%20web-%20FETEN%202026.jpg\" width=\"690\" height=\"223\" \/><\/a><\/p>\n<p><strong>Del 22 al 27 de febreru, FETEN va acoyer 86 espect\u00e1culos ya instalaciones con m\u00e1s de 200 pases de 82 compa\u00f1\u00edes de toles comunidaes aut\u00f3nomes espa\u00f1oles y d&#8217;ocho pa\u00edses<\/strong> como Palestina, Armenia, Francia, Rep\u00fablica Checa o Portugal (recibi\u00e9ronse en redol a 1.300 propuestes). El programa incl\u00fai nueve premi\u00e8res de les compa\u00f1\u00edes Anna Confeti, C\u00ede. Frenes\u00ed On\u00edricu, DA.TE Dancia, LaPieza, Proxecto Cultura, Yarleku Teatru, Almealera, Ultramarinos de Lucas y Corrolada de Garc\u00eda. Bona parte de les compa\u00f1\u00edes que participen angua\u00f1o en FETEN van presentar los sos espect\u00e1culos en Xix\u00f3n per primer vegada fora de la so comunid\u00e1. <a class=\"x1i10hfl xjbqb8w x1ejq31n x18oe1m7 x1sy0etr xstzfhl x972fbf x10w94by x1qhh985 x14e42zd x9f619 x1ypdohk xt0psk2 x3ct3a4 xdj266r x14z9mp xat24cr x1lziwak xexx8yu xyri2b x18d9i69 x1c1uobl x16tdsg8 x1hl2dhg xggy1nq x1a2a7pz _aa9_ _a6hd\" role=\"link\" href=\"https:\/\/www.instagram.com\/explore\/tags\/artesesc%C3%A9nicas\/\">#ArtesEsc\u00e9nicas<\/a>\u00a0<a class=\"x1i10hfl xjbqb8w x1ejq31n x18oe1m7 x1sy0etr xstzfhl x972fbf x10w94by x1qhh985 x14e42zd x9f619 x1ypdohk xt0psk2 x3ct3a4 xdj266r x14z9mp xat24cr x1lziwak xexx8yu xyri2b x18d9i69 x1c1uobl x16tdsg8 x1hl2dhg xggy1nq x1a2a7pz _aa9_ _a6hd\" role=\"link\" href=\"https:\/\/www.instagram.com\/explore\/tags\/familias\/\">#Familias<\/a>\u00a0<a class=\"x1i10hfl xjbqb8w x1ejq31n x18oe1m7 x1sy0etr xstzfhl x972fbf x10w94by x1qhh985 x14e42zd x9f619 x1ypdohk xt0psk2 x3ct3a4 xdj266r x14z9mp xat24cr x1lziwak xexx8yu xyri2b x18d9i69 x1c1uobl x16tdsg8 x1hl2dhg xggy1nq x1a2a7pz _aa9_ _a6hd\" role=\"link\" href=\"https:\/\/www.instagram.com\/explore\/tags\/ferias\/\">#Ferias<\/a><\/p>\n<p style=\"text-align: center\"><a href=\"https:\/\/s2.ppllstatics.com\/elcomercio\/www\/multimedia\/2026\/01\/29\/feten-RKi0XvwVdybTXOkn9mZelqO-1200x840@El%20Comercio.jpg\"><img loading=\"lazy\" decoding=\"async\" class=\"aligncenter size-large\" src=\"https:\/\/s2.ppllstatics.com\/elcomercio\/www\/multimedia\/2026\/01\/29\/feten-RKi0XvwVdybTXOkn9mZelqO-1200x840@El%20Comercio.jpg\" width=\"1200\" height=\"840\" \/><\/a><\/p>\n<\/div>\n<\/div>\n<p><strong>Present\u00e1base esti xueves nel patiu del Centru de Cultura Antiguu Institutu<\/strong>, epicentru d&#8217;una cita qu&#8217;axunta a 82 compa\u00f1\u00edes y que cunta con presencia de toles comunidaes aut\u00f3nomes espa\u00f1oles y d&#8217;ocho pa\u00edses, con una llegada destacada nesta edici\u00f3n de Palestina, cuidao que podr\u00e1 visitase una instalaci\u00f3n realizada con t\u00edteres fechos con material recicl\u00e1u por una compa\u00f1\u00eda gazat\u00ed, que va conducir con guapura a esi territoriu de tantu dolor.<\/p>\n<p>Pero tami\u00e9n d&#8217;Armenia, Francia y la Rep\u00fablica Checa va haber representaci\u00f3n nun certame que suma dos nuevos escenarios a los y\u00e1 habituales, como son la Ciudadela de Capua y la plaza de la G\u00fcelga. Pero ye que la fiesta de l&#8217;artes esc\u00e9niques ocupa otres cais, seg\u00fan el Teatru Xovellanos, la Llaboral, el colexu Xovellanos y distintos centros municipales<\/p>\n","protected":false},"excerpt":{"rendered":"<p>#FETEN2026 Tola informaci\u00f3n na web, http:\/\/feten.gijon.es, nel link de nuesa bio y en @fetengijonxixon Esta ma\u00f1ana present\u00f3se nel Centru de Cultura Antiguu Institutu la trix\u00e9simu quinta edici\u00f3n de FETEN, la Feria Internacional d&#8217;Artes Esc\u00e9niques para ne\u00f1os, ne\u00f1es y families que va tener llugar del 22 al 27 de febreru. El Comercio<\/p>\n","protected":false},"author":117,"featured_media":0,"comment_status":"closed","ping_status":"closed","sticky":false,"template":"","format":"standard","meta":{"footnotes":""},"categories":[167,82],"tags":[],"class_list":["post-66992","post","type-post","status-publish","format-standard","hentry","category-feries","category-teatru"],"_links":{"self":[{"href":"https:\/\/edublog.educastur.es\/ixuxu\/wp-json\/wp\/v2\/posts\/66992","targetHints":{"allow":["GET"]}}],"collection":[{"href":"https:\/\/edublog.educastur.es\/ixuxu\/wp-json\/wp\/v2\/posts"}],"about":[{"href":"https:\/\/edublog.educastur.es\/ixuxu\/wp-json\/wp\/v2\/types\/post"}],"author":[{"embeddable":true,"href":"https:\/\/edublog.educastur.es\/ixuxu\/wp-json\/wp\/v2\/users\/117"}],"replies":[{"embeddable":true,"href":"https:\/\/edublog.educastur.es\/ixuxu\/wp-json\/wp\/v2\/comments?post=66992"}],"version-history":[{"count":4,"href":"https:\/\/edublog.educastur.es\/ixuxu\/wp-json\/wp\/v2\/posts\/66992\/revisions"}],"predecessor-version":[{"id":67042,"href":"https:\/\/edublog.educastur.es\/ixuxu\/wp-json\/wp\/v2\/posts\/66992\/revisions\/67042"}],"wp:attachment":[{"href":"https:\/\/edublog.educastur.es\/ixuxu\/wp-json\/wp\/v2\/media?parent=66992"}],"wp:term":[{"taxonomy":"category","embeddable":true,"href":"https:\/\/edublog.educastur.es\/ixuxu\/wp-json\/wp\/v2\/categories?post=66992"},{"taxonomy":"post_tag","embeddable":true,"href":"https:\/\/edublog.educastur.es\/ixuxu\/wp-json\/wp\/v2\/tags?post=66992"}],"curies":[{"name":"wp","href":"https:\/\/api.w.org\/{rel}","templated":true}]}}