{"id":66999,"date":"2026-01-29T08:45:38","date_gmt":"2026-01-29T06:45:38","guid":{"rendered":"https:\/\/edublog.educastur.es\/ixuxu\/?p=66999"},"modified":"2026-01-29T19:59:36","modified_gmt":"2026-01-29T17:59:36","slug":"estau-del-tiempu-xueves-29-de-xineru-2026","status":"publish","type":"post","link":"https:\/\/edublog.educastur.es\/ixuxu\/2026\/01\/estau-del-tiempu-xueves-29-de-xineru-2026\/","title":{"rendered":"Est\u00e1u del tiempu: xueves 29 de xineru 2026"},"content":{"rendered":"<div class=\"html-div xdj266r x14z9mp xat24cr x1lziwak xexx8yu x1a8lsjc xf7dkkf xv54qhq\">\n<div class=\"html-div xdj266r x14z9mp xat24cr x1lziwak xexx8yu xyri2b x18d9i69 x1c1uobl x1jx94hy x78zum5 x1q0g3np\">\n<div class=\"x78zum5 xdt5ytf xz62fqu x16ldp7u\">\n<div class=\"xu06os2 x1ok221b\">\n<div class=\"html-div xdj266r x14z9mp xat24cr x1lziwak xexx8yu xyri2b x18d9i69 x1c1uobl\" data-ad-rendering-role=\"profile_name\">\n<ul>\n<li class=\"html-h3 x14z9mp xat24cr x1lziwak xexx8yu xyri2b x18d9i69 x1c1uobl x1vvkbs x1heor9g x1qlqyl8 x1pd3egz x1a2a7pz x1gslohp x1yc453h\"><span class=\"x1lliihq x6ikm8r x10wlt62 x1n2onr6\"><span class=\"xt0psk2\"><a class=\"x1i10hfl xjbqb8w x1ejq31n x18oe1m7 x1sy0etr xstzfhl x972fbf x10w94by x1qhh985 x14e42zd x9f619 x1ypdohk xt0psk2 x3ct3a4 xdj266r x14z9mp xat24cr x1lziwak xexx8yu xyri2b x18d9i69 x1c1uobl x16tdsg8 x1hl2dhg xggy1nq x1a2a7pz xkrqix3 x1sur9pj xzsf02u x1s688f\" role=\"link\" href=\"https:\/\/www.facebook.com\/eltiempuenasturies?__cft__[0]=AZYGlRb92D_hgD0dUSfQBGTpUUK4Z8ejnLQ6-NMzl5ioOaX6_lzgJ-hwSs3QJlUOFY1SVHSWdeQTo_JgLsBaGFRirD8CmxSwOwa2cimW2Tp5-LCOnYmZ95gqfZUVuVrBR5jrwrg-NT7Z056aMPZW8GXqlUQB-BGdlqlnea6EotAEFhwZ69GkEH0kOE6gM_c2tWatqev78M4rZUAzz0fbiv3S&amp;__tn__=-UC%2CP-y-R\"><b class=\"html-b xdj266r x14z9mp xat24cr x1lziwak xexx8yu xyri2b x18d9i69 x1c1uobl x1hl2dhg x16tdsg8 x1vvkbs x1s688f\"><span class=\"html-span xdj266r x14z9mp xat24cr x1lziwak xexx8yu xyri2b x18d9i69 x1c1uobl x1hl2dhg x16tdsg8 x1vvkbs\">El Tiempu n&#8217;Asturies.<\/span><\/b><\/a><\/span><\/span><\/li>\n<\/ul>\n<\/div>\n<\/div>\n<div class=\"xu06os2 x1ok221b\" style=\"text-align: center\">\n<!-- iframe plugin v.6.0 wordpress.org\/plugins\/iframe\/ -->\n<iframe loading=\"lazy\" src=\"https:\/\/www.facebook.com\/plugins\/post.php?href=https%3A%2F%2Fwww.facebook.com%2Feltiempuenasturies%2Fposts%2Fpfbid07SScUke3kJnpahyZhdxvQbdR3TUhrbg4EPwjSrizcCCKkEja6KbVAHFQt3Lzdwm4l&#038;show_text=false&#038;width=500\" width=\"500\" height=\"498\" style=\"border:none;overflow:hidden\" scrolling=\"no\" frameborder=\"0\" allowfullscreen=\"true\" allow=\"autoplay; clipboard-write; encrypted-media; picture-in-picture; web-share\" 0=\"\/iframe\" class=\"iframe-class\"><\/iframe>\n<\/div>\n<\/div>\n<\/div>\n<\/div>\n<div class=\"html-div xdj266r x14z9mp xat24cr x1lziwak xexx8yu xyri2b x18d9i69 x1c1uobl\" dir=\"auto\">\n<div class=\"html-div xdj266r x14z9mp xat24cr x1lziwak xexx8yu xyri2b x18d9i69 x1c1uobl\" dir=\"auto\">\n<div class=\"html-div xdj266r x14z9mp xat24cr x1lziwak xexx8yu xyri2b x18d9i69 x1c1uobl\" data-ad-rendering-role=\"story_message\">\n<div class=\"x1l90r2v x1iorvi4 x1g0dm76 xpdmqnj\" data-ad-comet-preview=\"message\" data-ad-preview=\"message\">\n<div class=\"x78zum5 xdt5ytf xz62fqu x16ldp7u\">\n<div class=\"xu06os2 x1ok221b\">\n<div class=\"html-div xdj266r x14z9mp xat24cr x1lziwak xexx8yu xyri2b x18d9i69 x1c1uobl\">\n<div class=\"x14z9mp xat24cr x1lziwak x1vvkbs xtlvy1s x126k92a\">\n<ul>\n<li dir=\"auto\"><span style=\"color: #008080\"><strong>Alborecemos<\/strong> <\/span>col cielu nuboso ya con unes temperatures que tan alrodiu de los 7\u00baC, ell\u00ed onde nun te soplando l&#8217;aire \u00e1brigu, onde si ronden los 14\u00baC, nel puirtu Payeres rexistren 4,8\u00baC con fuerte vientu.<\/li>\n<\/ul>\n<\/div>\n<div class=\"x14z9mp xat24cr x1lziwak x1vvkbs xtlvy1s x126k92a\">\n<ul>\n<li dir=\"auto\"><span style=\"color: #008080\"><strong>G\u00fcei<\/strong><\/span> vamos tener intervalos nubosos entemecios ente dellos claros o abancios con mayor nubosid\u00e1 na fastera surocidental con unes temperatures en moder\u00e1u ascensu anque al final del d\u00eda tornar\u00e1n a baxar cola llegada d&#8217;un frentre que mos dexar\u00e1 precipitaciones y nieve perriba de los 1300m. L&#8217;aire soplar\u00e1 con fuercia nes zones altes y nel llitoral y sedr\u00e1 \u00e1brigu.<\/li>\n<\/ul>\n<p><!--more--><\/p>\n<\/div>\n<div class=\"x14z9mp xat24cr x1lziwak x1vvkbs xtlvy1s x126k92a\">\n<ul>\n<li dir=\"auto\"><strong><span style=\"color: #008080\">Ma\u00f1ana vienres<\/span><\/strong> vamos tener una ma\u00f1ana seliquina ente nubes ya claros o abancios con aumentu de la nubosid\u00e1 pela tarde cola llegada d&#8217;una nueva vaguada atl\u00e1ntica fr\u00eda que mos dexar\u00e1 precipitaciones al escurecer y nieve perriba de los 700m, am\u00e1s puen tener calter moder\u00e1u y ser copioses pela cordelera. Seguir\u00e1 soplando con fuercia l&#8217;aire pero n&#8217;esti casu sedr\u00e1 gallegu.<\/li>\n<\/ul>\n<\/div>\n<div class=\"x14z9mp xat24cr x1lziwak x1vvkbs xtlvy1s x126k92a\">\n<ul>\n<li dir=\"auto\"><strong><span style=\"color: #008080\">El s\u00e1badu<\/span><\/strong> vamos tener un d\u00eda seliqu\u00edn cola apertura de grandes claros o abancios, temperatures n&#8217;ascensu y am\u00e1s l&#8217;aire tender\u00e1 amenorgar.<\/li>\n<\/ul>\n<\/div>\n<div class=\"x14z9mp xat24cr x1lziwak x1vvkbs xtlvy1s x126k92a\">\n<ul>\n<li dir=\"auto\"><strong><span style=\"color: #008080\">Paez que&#8217;l domingu<\/span><\/strong> una masa c\u00e1lida ya humed\u00e1 mos dexar\u00e1 delles precipitaciones al alborecer pa quedar nuboso durante&#8217;l d\u00eda con un ascensu moder\u00e1u de les temperatures.<\/li>\n<\/ul>\n<\/div>\n<div class=\"x14z9mp xat24cr x1lziwak x1vvkbs xtlvy1s x126k92a\">\n<ul>\n<li dir=\"auto\"><strong><span style=\"color: #008080\">La viniente selmana<\/span><\/strong> seguiremos cola mesma din\u00e1mica d&#8217;entrada de borrasques atl\u00e1ntiques que mos dexar\u00e1n ascensos y descensos de les temperatures y delles precipitaciones pero esto y\u00e1 lu diremos viendo.<\/li>\n<\/ul>\n<\/div>\n<\/div>\n<\/div>\n<\/div>\n<\/div>\n<\/div>\n<\/div>\n<\/div>\n<p>&nbsp;<\/p>\n","protected":false},"excerpt":{"rendered":"<p>El Tiempu n&#8217;Asturies. Alborecemos col cielu nuboso ya con unes temperatures que tan alrodiu de los 7\u00baC, ell\u00ed onde nun te soplando l&#8217;aire \u00e1brigu, onde si ronden los 14\u00baC, nel puirtu Payeres rexistren 4,8\u00baC con fuerte vientu. G\u00fcei vamos tener intervalos nubosos entemecios ente dellos claros o abancios con mayor nubosid\u00e1 na fastera surocidental con [&hellip;]<\/p>\n","protected":false},"author":117,"featured_media":0,"comment_status":"closed","ping_status":"closed","sticky":false,"template":"","format":"standard","meta":{"footnotes":""},"categories":[5],"tags":[],"class_list":["post-66999","post","type-post","status-publish","format-standard","hentry","category-tiempu"],"_links":{"self":[{"href":"https:\/\/edublog.educastur.es\/ixuxu\/wp-json\/wp\/v2\/posts\/66999","targetHints":{"allow":["GET"]}}],"collection":[{"href":"https:\/\/edublog.educastur.es\/ixuxu\/wp-json\/wp\/v2\/posts"}],"about":[{"href":"https:\/\/edublog.educastur.es\/ixuxu\/wp-json\/wp\/v2\/types\/post"}],"author":[{"embeddable":true,"href":"https:\/\/edublog.educastur.es\/ixuxu\/wp-json\/wp\/v2\/users\/117"}],"replies":[{"embeddable":true,"href":"https:\/\/edublog.educastur.es\/ixuxu\/wp-json\/wp\/v2\/comments?post=66999"}],"version-history":[{"count":2,"href":"https:\/\/edublog.educastur.es\/ixuxu\/wp-json\/wp\/v2\/posts\/66999\/revisions"}],"predecessor-version":[{"id":67002,"href":"https:\/\/edublog.educastur.es\/ixuxu\/wp-json\/wp\/v2\/posts\/66999\/revisions\/67002"}],"wp:attachment":[{"href":"https:\/\/edublog.educastur.es\/ixuxu\/wp-json\/wp\/v2\/media?parent=66999"}],"wp:term":[{"taxonomy":"category","embeddable":true,"href":"https:\/\/edublog.educastur.es\/ixuxu\/wp-json\/wp\/v2\/categories?post=66999"},{"taxonomy":"post_tag","embeddable":true,"href":"https:\/\/edublog.educastur.es\/ixuxu\/wp-json\/wp\/v2\/tags?post=66999"}],"curies":[{"name":"wp","href":"https:\/\/api.w.org\/{rel}","templated":true}]}}