{"id":67003,"date":"2026-01-29T08:55:17","date_gmt":"2026-01-29T06:55:17","guid":{"rendered":"https:\/\/edublog.educastur.es\/ixuxu\/?p=67003"},"modified":"2026-01-29T20:15:50","modified_gmt":"2026-01-29T18:15:50","slug":"67003","status":"publish","type":"post","link":"https:\/\/edublog.educastur.es\/ixuxu\/2026\/01\/67003\/","title":{"rendered":"Llega a Asturies una masa polar"},"content":{"rendered":"<p style=\"text-align: center\"><a href=\"https:\/\/pbs.twimg.com\/media\/G_0mp7hbUAMNiE4?format=jpg&amp;name=medium\"><img loading=\"lazy\" decoding=\"async\" class=\"aligncenter size-large\" src=\"https:\/\/pbs.twimg.com\/media\/G_0mp7hbUAMNiE4?format=jpg&amp;name=medium\" width=\"952\" height=\"581\" \/><\/a><\/p>\n<p><strong>Llega a Asturies una masa pola<\/strong>r: <a href=\"https:\/\/x.com\/AEMET_Asturias\"><strong>l&#8217;AEMET<\/strong> <\/a>alerta de que&#8217;l peligru va ser \u00abimportante o estraordinariu\u00bb nel Cant\u00e1bricu, con aguaxe y fuerte vientu. Tou la mari\u00f1a va tar n&#8217;avisu naranxa por fen\u00f3menos costeros hasta \u00faltima hora del s\u00e1badu, ente que raches d&#8217;aire de m\u00e1s de 70 kil\u00f3metros per hora van barrer la mari\u00f1a, el Suroccidente y el Cordal. <a href=\"https:\/\/www.lne.es\/asturias\/2026\/01\/29\/llega-asturias-masa-polar-maritima-126229778.html?fbclid=IwY2xjawPof2tleHRuA2FlbQIxMABicmlkETFtTUFWRWdyNUVTdXJuRkhjc3J0YwZhcHBfaWQQMjIyMDM5MTc4ODIwMDg5MgABHsmYGye1B82WkXOMozvKs37j2Qe-AK_AdSDhqHnynplVB5sRJ-9fA2y6wW42_aem_AVAPaXGmIFA7GPchmzymJg&amp;utm_campaign=mrf-facebook-nuevaespana&amp;mrfcid=20260129697b8a0364a361441bce729a\">LNE<\/a><\/p>\n<p><!--more--><\/p>\n<p style=\"text-align: center\"><a href=\"https:\/\/pbs.twimg.com\/media\/G_0xrd3bUAcDJZF?format=jpg&amp;name=medium\"><img loading=\"lazy\" decoding=\"async\" class=\"aligncenter size-large\" src=\"https:\/\/pbs.twimg.com\/media\/G_0xrd3bUAcDJZF?format=jpg&amp;name=medium\" width=\"952\" height=\"581\" \/><\/a><\/p>\n<p>&nbsp;<\/p>\n<p>&nbsp;<\/p>\n<p>&nbsp;<\/p>\n<p style=\"text-align: center\"><a href=\"https:\/\/pbs.twimg.com\/media\/G_2ZTYhXoAA_REv?format=jpg&amp;name=large\"><img loading=\"lazy\" decoding=\"async\" class=\"aligncenter \" src=\"https:\/\/pbs.twimg.com\/media\/G_2ZTYhXoAA_REv?format=jpg&amp;name=large\" width=\"795\" height=\"1076\" \/><\/a><\/p>\n<p style=\"text-align: center\"><a href=\"https:\/\/pbs.twimg.com\/media\/G_2YpoaWUAA3LZP?format=jpg&amp;name=small\"><img loading=\"lazy\" decoding=\"async\" class=\"aligncenter size-large\" src=\"https:\/\/pbs.twimg.com\/media\/G_2YpoaWUAA3LZP?format=jpg&amp;name=small\" width=\"679\" height=\"455\" \/><\/a><\/p>\n<p style=\"text-align: center\"><a href=\"https:\/\/pbs.twimg.com\/media\/G_0_cCQaQAA5Qna?format=jpg&amp;name=medium\"><img loading=\"lazy\" decoding=\"async\" class=\"aligncenter size-large\" src=\"https:\/\/pbs.twimg.com\/media\/G_0_cCQaQAA5Qna?format=jpg&amp;name=medium\" width=\"1080\" height=\"270\" \/><\/a><\/p>\n","protected":false},"excerpt":{"rendered":"<p>Llega a Asturies una masa polar: l&#8217;AEMET alerta de que&#8217;l peligru va ser \u00abimportante o estraordinariu\u00bb nel Cant\u00e1bricu, con aguaxe y fuerte vientu. Tou la mari\u00f1a va tar n&#8217;avisu naranxa por fen\u00f3menos costeros hasta \u00faltima hora del s\u00e1badu, ente que raches d&#8217;aire de m\u00e1s de 70 kil\u00f3metros per hora van barrer la mari\u00f1a, el Suroccidente [&hellip;]<\/p>\n","protected":false},"author":117,"featured_media":0,"comment_status":"closed","ping_status":"closed","sticky":false,"template":"","format":"standard","meta":{"footnotes":""},"categories":[5],"tags":[],"class_list":["post-67003","post","type-post","status-publish","format-standard","hentry","category-tiempu"],"_links":{"self":[{"href":"https:\/\/edublog.educastur.es\/ixuxu\/wp-json\/wp\/v2\/posts\/67003","targetHints":{"allow":["GET"]}}],"collection":[{"href":"https:\/\/edublog.educastur.es\/ixuxu\/wp-json\/wp\/v2\/posts"}],"about":[{"href":"https:\/\/edublog.educastur.es\/ixuxu\/wp-json\/wp\/v2\/types\/post"}],"author":[{"embeddable":true,"href":"https:\/\/edublog.educastur.es\/ixuxu\/wp-json\/wp\/v2\/users\/117"}],"replies":[{"embeddable":true,"href":"https:\/\/edublog.educastur.es\/ixuxu\/wp-json\/wp\/v2\/comments?post=67003"}],"version-history":[{"count":6,"href":"https:\/\/edublog.educastur.es\/ixuxu\/wp-json\/wp\/v2\/posts\/67003\/revisions"}],"predecessor-version":[{"id":67018,"href":"https:\/\/edublog.educastur.es\/ixuxu\/wp-json\/wp\/v2\/posts\/67003\/revisions\/67018"}],"wp:attachment":[{"href":"https:\/\/edublog.educastur.es\/ixuxu\/wp-json\/wp\/v2\/media?parent=67003"}],"wp:term":[{"taxonomy":"category","embeddable":true,"href":"https:\/\/edublog.educastur.es\/ixuxu\/wp-json\/wp\/v2\/categories?post=67003"},{"taxonomy":"post_tag","embeddable":true,"href":"https:\/\/edublog.educastur.es\/ixuxu\/wp-json\/wp\/v2\/tags?post=67003"}],"curies":[{"name":"wp","href":"https:\/\/api.w.org\/{rel}","templated":true}]}}