{"id":67038,"date":"2026-01-29T08:30:13","date_gmt":"2026-01-29T06:30:13","guid":{"rendered":"https:\/\/edublog.educastur.es\/ixuxu\/?p=67038"},"modified":"2026-01-29T20:55:32","modified_gmt":"2026-01-29T18:55:32","slug":"el-tiempu-el-comercio-248","status":"publish","type":"post","link":"https:\/\/edublog.educastur.es\/ixuxu\/2026\/01\/el-tiempu-el-comercio-248\/","title":{"rendered":"El tiempu (El Comercio)"},"content":{"rendered":"<p style=\"text-align: center\"><a href=\"https:\/\/s2.ppllstatics.com\/elcomercio\/www\/multimedia\/2026\/01\/28\/previson-tiempo-asturias-kpgG-U2302588077118HVD-1200x870@El%20Comercio.jpg\"><img loading=\"lazy\" decoding=\"async\" class=\"aligncenter size-large\" src=\"https:\/\/s2.ppllstatics.com\/elcomercio\/www\/multimedia\/2026\/01\/28\/previson-tiempo-asturias-kpgG-U2302588077118HVD-1200x870@El%20Comercio.jpg\" width=\"1200\" height=\"870\" \/><\/a><\/p>\n<p>Esperamos <strong>una ma\u00f1ana<\/strong> estable. Prevense cielos pocu nublos con daqu\u00e9 m\u00e1s de nubosid\u00e1 escontra l&#8217;occidente y escontra el sur. <strong>A lo llargo de la tarde<\/strong>, y por cuenta de la presencia de ll\u00ednees d&#8217;inestabilid\u00e1, la probabilid\u00e1 d&#8217;ag\u00fces va dir n&#8217;aumentu. Van entrar precipitaciones pol occidente y van dise estendiendo escontra l&#8217;oriente col pasu de les hores. <strong>La cota de nieve<\/strong> va tar alta pos va rondar los 1700\/1800 metros anque, mientres el tramu final del d\u00eda, va baxar hasta los 1200 o 1300 metros. Tocantes a<strong> les temperatures<\/strong>, van xubir de forma xeneralizada tanto les m\u00ednimes como les m\u00e1ximes hasta 5 o 6 \u00baC en dambos casos respecto al mi\u00e9rcoles.<\/p>\n<p><!--more--><\/p>\n<p>Parte de culpa d&#8217;esti ascensu ti\u00e9nenlo los vientos de suroeste que van soplar en tola rex\u00f3n con intensid\u00e1 moderada y, por momentos, con intervalos fuertes en zones altes del occidente, cordal y tami\u00e9n en puntos costeros.<\/p>\n<p>Tocantes a avisos meteorol\u00f3xicos, solo va tar activ\u00e1u l&#8217;avisu na mar. Hasta les 21:00 hores va tar activ\u00e1u l&#8217;avisu mariellu por foles d&#8217;hasta 5 metros d&#8217;altor y, pasaes les 21:00 hores l&#8217;avisu va pasar a nivel naranxa por foles d&#8217;hasta 7 metros. Esti avisu va enllargse mientres tola xornada del vienres.<\/p>\n<p>Am\u00e1s,<strong> el vienres<\/strong> vamos tener avisos mariellos nel suroccidente, nel cordal y na mari\u00f1a occidental por raches de vientu que podr\u00eden algamar los 90 km\/h. Los cielos van tar nublos con precipitaciones m\u00e1s probables mientres la ma\u00f1ana y hores centrales, y les temperatures van baxar.<\/p>\n","protected":false},"excerpt":{"rendered":"<p>Esperamos una ma\u00f1ana estable. Prevense cielos pocu nublos con daqu\u00e9 m\u00e1s de nubosid\u00e1 escontra l&#8217;occidente y escontra el sur. A lo llargo de la tarde, y por cuenta de la presencia de ll\u00ednees d&#8217;inestabilid\u00e1, la probabilid\u00e1 d&#8217;ag\u00fces va dir n&#8217;aumentu. Van entrar precipitaciones pol occidente y van dise estendiendo escontra l&#8217;oriente col pasu de les [&hellip;]<\/p>\n","protected":false},"author":117,"featured_media":0,"comment_status":"closed","ping_status":"closed","sticky":false,"template":"","format":"standard","meta":{"footnotes":""},"categories":[5],"tags":[],"class_list":["post-67038","post","type-post","status-publish","format-standard","hentry","category-tiempu"],"_links":{"self":[{"href":"https:\/\/edublog.educastur.es\/ixuxu\/wp-json\/wp\/v2\/posts\/67038","targetHints":{"allow":["GET"]}}],"collection":[{"href":"https:\/\/edublog.educastur.es\/ixuxu\/wp-json\/wp\/v2\/posts"}],"about":[{"href":"https:\/\/edublog.educastur.es\/ixuxu\/wp-json\/wp\/v2\/types\/post"}],"author":[{"embeddable":true,"href":"https:\/\/edublog.educastur.es\/ixuxu\/wp-json\/wp\/v2\/users\/117"}],"replies":[{"embeddable":true,"href":"https:\/\/edublog.educastur.es\/ixuxu\/wp-json\/wp\/v2\/comments?post=67038"}],"version-history":[{"count":1,"href":"https:\/\/edublog.educastur.es\/ixuxu\/wp-json\/wp\/v2\/posts\/67038\/revisions"}],"predecessor-version":[{"id":67039,"href":"https:\/\/edublog.educastur.es\/ixuxu\/wp-json\/wp\/v2\/posts\/67038\/revisions\/67039"}],"wp:attachment":[{"href":"https:\/\/edublog.educastur.es\/ixuxu\/wp-json\/wp\/v2\/media?parent=67038"}],"wp:term":[{"taxonomy":"category","embeddable":true,"href":"https:\/\/edublog.educastur.es\/ixuxu\/wp-json\/wp\/v2\/categories?post=67038"},{"taxonomy":"post_tag","embeddable":true,"href":"https:\/\/edublog.educastur.es\/ixuxu\/wp-json\/wp\/v2\/tags?post=67038"}],"curies":[{"name":"wp","href":"https:\/\/api.w.org\/{rel}","templated":true}]}}