{"id":67046,"date":"2026-01-30T08:45:49","date_gmt":"2026-01-30T06:45:49","guid":{"rendered":"https:\/\/edublog.educastur.es\/ixuxu\/?p=67046"},"modified":"2026-01-30T10:51:50","modified_gmt":"2026-01-30T08:51:50","slug":"estau-del-tiempu-2","status":"publish","type":"post","link":"https:\/\/edublog.educastur.es\/ixuxu\/2026\/01\/estau-del-tiempu-2\/","title":{"rendered":"Est\u00e1u del tiempu"},"content":{"rendered":"<p>Mientres la ma\u00f1ana del vienres un nuevu frente va entrar per Galicia dexando intenses ag\u00fces al so pasu. Estes precipitaciones tami\u00e9n van afectar a otres rexones del noroeste peninsular como Asturies, Castiella y Lli\u00f3n, Pa\u00eds Vascu y Cantabria.<\/p>\n<p style=\"text-align: center\"><a href=\"https:\/\/cdns3.eltiempo.es\/eltiempo\/blog\/noticias\/2026\/01\/29121754\/n.isob_vie-4-700x394.jpg\"><img loading=\"lazy\" decoding=\"async\" class=\"aligncenter size-large\" src=\"https:\/\/cdns3.eltiempo.es\/eltiempo\/blog\/noticias\/2026\/01\/29121754\/n.isob_vie-4-700x394.jpg\" width=\"700\" height=\"394\" \/><\/a><\/p>\n<p><!--more--><a href=\"https:\/\/cdns3.eltiempo.es\/eltiempo\/blog\/noticias\/2026\/01\/29121844\/n.isob_dom-5-700x394.jpg\"><img loading=\"lazy\" decoding=\"async\" class=\"aligncenter size-large\" src=\"https:\/\/cdns3.eltiempo.es\/eltiempo\/blog\/noticias\/2026\/01\/29121844\/n.isob_dom-5-700x394.jpg\" width=\"700\" height=\"394\" \/><\/a><\/p>\n<p>Llunes<\/p>\n<p style=\"text-align: center\"><a href=\"https:\/\/cdns3.eltiempo.es\/eltiempo\/blog\/noticias\/2026\/01\/29121904\/n.isob_lun-1-700x394.jpg\"><img loading=\"lazy\" decoding=\"async\" class=\"aligncenter size-large\" src=\"https:\/\/cdns3.eltiempo.es\/eltiempo\/blog\/noticias\/2026\/01\/29121904\/n.isob_lun-1-700x394.jpg\" width=\"700\" height=\"394\" \/><\/a><\/p>\n<p>A lo llargo de la pr\u00f3xima selmana va ser una sucesi\u00f3n de frentes acomu\u00f1aos a umbaes atl\u00e1ntiques lo que marque una selmana na que&#8217;l parag\u00fces s\u00eda m\u00e1s que necesariu. Los modelos envaloren que la pr\u00f3xima selmana s\u00eda muncho m\u00e1s h\u00fameda de lo normal, especialmente en rexones de la met\u00e1 oeste y del sur peninsular.<\/p>\n","protected":false},"excerpt":{"rendered":"<p>Mientres la ma\u00f1ana del vienres un nuevu frente va entrar per Galicia dexando intenses ag\u00fces al so pasu. Estes precipitaciones tami\u00e9n van afectar a otres rexones del noroeste peninsular como Asturies, Castiella y Lli\u00f3n, Pa\u00eds Vascu y Cantabria.<\/p>\n","protected":false},"author":117,"featured_media":0,"comment_status":"closed","ping_status":"closed","sticky":false,"template":"","format":"standard","meta":{"footnotes":""},"categories":[5],"tags":[],"class_list":["post-67046","post","type-post","status-publish","format-standard","hentry","category-tiempu"],"_links":{"self":[{"href":"https:\/\/edublog.educastur.es\/ixuxu\/wp-json\/wp\/v2\/posts\/67046","targetHints":{"allow":["GET"]}}],"collection":[{"href":"https:\/\/edublog.educastur.es\/ixuxu\/wp-json\/wp\/v2\/posts"}],"about":[{"href":"https:\/\/edublog.educastur.es\/ixuxu\/wp-json\/wp\/v2\/types\/post"}],"author":[{"embeddable":true,"href":"https:\/\/edublog.educastur.es\/ixuxu\/wp-json\/wp\/v2\/users\/117"}],"replies":[{"embeddable":true,"href":"https:\/\/edublog.educastur.es\/ixuxu\/wp-json\/wp\/v2\/comments?post=67046"}],"version-history":[{"count":1,"href":"https:\/\/edublog.educastur.es\/ixuxu\/wp-json\/wp\/v2\/posts\/67046\/revisions"}],"predecessor-version":[{"id":67047,"href":"https:\/\/edublog.educastur.es\/ixuxu\/wp-json\/wp\/v2\/posts\/67046\/revisions\/67047"}],"wp:attachment":[{"href":"https:\/\/edublog.educastur.es\/ixuxu\/wp-json\/wp\/v2\/media?parent=67046"}],"wp:term":[{"taxonomy":"category","embeddable":true,"href":"https:\/\/edublog.educastur.es\/ixuxu\/wp-json\/wp\/v2\/categories?post=67046"},{"taxonomy":"post_tag","embeddable":true,"href":"https:\/\/edublog.educastur.es\/ixuxu\/wp-json\/wp\/v2\/tags?post=67046"}],"curies":[{"name":"wp","href":"https:\/\/api.w.org\/{rel}","templated":true}]}}