{"id":67049,"date":"2026-01-30T00:30:47","date_gmt":"2026-01-29T22:30:47","guid":{"rendered":"https:\/\/edublog.educastur.es\/ixuxu\/?p=67049"},"modified":"2026-01-30T13:36:05","modified_gmt":"2026-01-30T11:36:05","slug":"el-tiempu-el-comercio-249","status":"publish","type":"post","link":"https:\/\/edublog.educastur.es\/ixuxu\/2026\/01\/el-tiempu-el-comercio-249\/","title":{"rendered":"El tiempu (El Comercio)"},"content":{"rendered":"<p>&nbsp;<\/p>\n<p><img decoding=\"async\" src=\"https:\/\/s2.ppllstatics.com\/elcomercio\/www\/multimedia\/2026\/01\/29\/prevision-tiempo-asturias-kiOB-U2302588077118HVD-1200x870@El%20Comercio.jpg\" \/><\/p>\n<p>Vamos amanecer con estabilidad pero, a lo llargo de la ma\u00f1ana, va dir entrando nubosidad pel oeste que va dexar precipitaciones. Estes ag\u00fces van empezar a afectar al terciu occidental antes del mediud\u00eda. Mientres les siguientes hores dir\u00e1n movi\u00e9ndose por tola rex\u00f3n anque van dir perdiendo fuerza conforme vaigan aver\u00e1ndose escontra l&#8217;oriente. Pasada esta masa d&#8217;ag\u00fces, van abrise claros pero r\u00e1pido volver\u00e1 aumentar la nubosidad pel oeste y nueves precipitaciones van empezar a percorrer el Princip\u00e1u. direcci\u00f3n esti.<\/p>\n<p><!--more--><\/p>\n<p><strong>La cota de nieve<\/strong> va rondar los 1200 o 1300 metros al mediud\u00eda, pero a lo llargo de la tarde-nueche dir\u00e1 esbarrumb\u00e1ndose hasta los 600 metros d&#8217;altor. Los vientos van soplar de suroeste-oeste con raches moderaes que podr\u00eden ser localmente fuertes sobremanera en zones elevaes del occidente, tami\u00e9n nel cordal y, poques gracies, na mari\u00f1a.<\/p>\n<p>Ye por ello polo que l&#8217;Axencia Estatal de Meteorolox\u00eda <strong>va activar l&#8217;avisu mariellu nel suroeste<\/strong>, cordal y mari\u00f1a occidental hasta&#8217;l mediud\u00eda por raches d&#8217;hasta 90 km\/h. Ye importante mentar que dellos modelos meteorol\u00f3xicos agoren <strong>raches bien fuertes de vientu en tola mari\u00f1a mientres les \u00faltimes hores del vienres.<\/strong><\/p>\n<p>Podr\u00eden algamar, ya inclusive superar localmente, los 100 km\/h. Am\u00e1s, tami\u00e9n va tar activ\u00e1u mientres tola xornada<strong> l&#8217;avisu naranxa na mar<\/strong> por foles d&#8217;hasta 7 metros d&#8217;altor. Les temperatures m\u00e1ximes van baxar 2 o 3 \u00baC a lo sumo, y les m\u00ednimes apenes van variar respectu al xueves.<\/p>\n","protected":false},"excerpt":{"rendered":"<p>&nbsp; Vamos amanecer con estabilidad pero, a lo llargo de la ma\u00f1ana, va dir entrando nubosidad pel oeste que va dexar precipitaciones. Estes ag\u00fces van empezar a afectar al terciu occidental antes del mediud\u00eda. Mientres les siguientes hores dir\u00e1n movi\u00e9ndose por tola rex\u00f3n anque van dir perdiendo fuerza conforme vaigan aver\u00e1ndose escontra l&#8217;oriente. Pasada esta [&hellip;]<\/p>\n","protected":false},"author":117,"featured_media":0,"comment_status":"closed","ping_status":"closed","sticky":false,"template":"","format":"standard","meta":{"footnotes":""},"categories":[5],"tags":[],"class_list":["post-67049","post","type-post","status-publish","format-standard","hentry","category-tiempu"],"_links":{"self":[{"href":"https:\/\/edublog.educastur.es\/ixuxu\/wp-json\/wp\/v2\/posts\/67049","targetHints":{"allow":["GET"]}}],"collection":[{"href":"https:\/\/edublog.educastur.es\/ixuxu\/wp-json\/wp\/v2\/posts"}],"about":[{"href":"https:\/\/edublog.educastur.es\/ixuxu\/wp-json\/wp\/v2\/types\/post"}],"author":[{"embeddable":true,"href":"https:\/\/edublog.educastur.es\/ixuxu\/wp-json\/wp\/v2\/users\/117"}],"replies":[{"embeddable":true,"href":"https:\/\/edublog.educastur.es\/ixuxu\/wp-json\/wp\/v2\/comments?post=67049"}],"version-history":[{"count":2,"href":"https:\/\/edublog.educastur.es\/ixuxu\/wp-json\/wp\/v2\/posts\/67049\/revisions"}],"predecessor-version":[{"id":67060,"href":"https:\/\/edublog.educastur.es\/ixuxu\/wp-json\/wp\/v2\/posts\/67049\/revisions\/67060"}],"wp:attachment":[{"href":"https:\/\/edublog.educastur.es\/ixuxu\/wp-json\/wp\/v2\/media?parent=67049"}],"wp:term":[{"taxonomy":"category","embeddable":true,"href":"https:\/\/edublog.educastur.es\/ixuxu\/wp-json\/wp\/v2\/categories?post=67049"},{"taxonomy":"post_tag","embeddable":true,"href":"https:\/\/edublog.educastur.es\/ixuxu\/wp-json\/wp\/v2\/tags?post=67049"}],"curies":[{"name":"wp","href":"https:\/\/api.w.org\/{rel}","templated":true}]}}