{"id":67070,"date":"2026-01-31T23:00:59","date_gmt":"2026-01-31T21:00:59","guid":{"rendered":"https:\/\/edublog.educastur.es\/ixuxu\/?p=67070"},"modified":"2026-02-02T17:31:06","modified_gmt":"2026-02-02T15:31:06","slug":"lluna-de-nieve-e-imbolc","status":"publish","type":"post","link":"https:\/\/edublog.educastur.es\/ixuxu\/2026\/01\/lluna-de-nieve-e-imbolc\/","title":{"rendered":"Lluna de Nieve e Imbolc"},"content":{"rendered":"<p style=\"text-align: center\"><a href=\"https:\/\/content.cuerpomente.com\/medio\/2026\/01\/29\/moon_full_3_ba61cccb_260129105909_1280x720.webp\"><img loading=\"lazy\" decoding=\"async\" class=\"aligncenter \" src=\"https:\/\/content.cuerpomente.com\/medio\/2026\/01\/29\/moon_full_3_ba61cccb_260129105909_1280x720.webp\" width=\"880\" height=\"495\" \/><\/a><\/p>\n<p>Nun ye solo una Lluna Llena. Ye un fueu antiguo. \ud83d\udd25\ud83c\udf15\u00a0Munches te van falar de la<strong> Lluna de Nieve<\/strong> esta fin de selmana, pero pocos te van cuntar qu\u00e9 ta pasando realmente so los tos pies. Tamos nun puntu importante de la Rueda del A\u00f1u. Mientres el cielu all\u00famase, la tierra tami\u00e9n camuda de ritmu.<\/p>\n<ul>\n<li>\ud83d\udd6f\ufe0f Nel Norte: cel\u00e9brase <strong>Imbolc.<\/strong> L&#8217;espertar de la grana y la certidume de que l&#8217;iviernu nun ye eternu.<\/li>\n<li>\u2600\ufe0f Nel Sur: v\u00edvese <strong>Lughnasadh<\/strong>. La primer collecha y la reconocencia de lo que y\u00e1 dio frutu.<\/li>\n<\/ul>\n<p><!--more--><\/p>\n<p style=\"text-align: center\"><span class=\"x193iq5w xeuugli x13faqbe x1vvkbs xt0psk2 x1i0vuye xvs91rp xo1l8bm x5n08af x10wh9bi xpm28yp x8viiok x1o7cslx x126k92a\"><span class=\"html-span xexx8yu x4uap5 x18d9i69 xkhd6sd x1hl2dhg x16tdsg8 x1vvkbs x3nfvp2 x1j61x8r x1fcty0u xdj266r xat24cr xgzva0m xhhsvwb xxymvpz xlup9mm x1kky2od\">\n<!-- iframe plugin v.6.0 wordpress.org\/plugins\/iframe\/ -->\n<iframe loading=\"lazy\" src=\"https:\/\/www.instagram.com\/p\/DUG0GMAgaCH\/embed\" width=\"400\" height=\"745\" 0=\"\/iframe\" scrolling=\"yes\" class=\"iframe-class\" frameborder=\"0\"><\/iframe>\n<\/span><\/span><\/p>\n<p style=\"text-align: center\">\n<!-- iframe plugin v.6.0 wordpress.org\/plugins\/iframe\/ -->\n<iframe loading=\"lazy\" src=\"https:\/\/www.facebook.com\/plugins\/post.php?href=https%3A%2F%2Fwww.facebook.com%2FLligaCeltaAsturies%2Fposts%2Fpfbid0UoS48xfbTPrAbPzwToC9avcSfRMWWdA6UZ4BWLGXMan8kaKjAg2WKjFmuwvGRKt4l&#038;show_text=false&#038;width=500\" width=\"500\" height=\"281\" style=\"border:none;overflow:hidden\" scrolling=\"no\" frameborder=\"0\" allowfullscreen=\"true\" allow=\"autoplay; clipboard-write; encrypted-media; picture-in-picture; web-share\" 0=\"\/iframe\" class=\"iframe-class\"><\/iframe>\n<\/p>\n<p>&nbsp;<\/p>\n<p>\u00bfPaecen opuestos? Nun lo son.<\/p>\n<p>Dambos t\u00e1n xun\u00edos pol mesmu elementu: el fueu que se protexe.<br \/>\nY\u00e1 s\u00eda la llapada d&#8217;una vela o&#8217;l calor del sol, esta fin<br \/>\nde selmana munches volvemos axuntanos para curialo.<\/p>\n<p>Y esto importa porque non puede trabayase la enerx\u00eda si nun sabemos en qu\u00e9 parte del ciclu tamos.<\/p>\n<p style=\"text-align: center\"><span class=\"x193iq5w xeuugli x13faqbe x1vvkbs xt0psk2 x1i0vuye xvs91rp xo1l8bm x5n08af x10wh9bi xpm28yp x8viiok x1o7cslx x126k92a\"><span class=\"html-span xexx8yu x4uap5 x18d9i69 xkhd6sd x1hl2dhg x16tdsg8 x1vvkbs x3nfvp2 x1j61x8r x1fcty0u xdj266r xat24cr xgzva0m xhhsvwb xxymvpz xlup9mm x1kky2od\">\n<!-- iframe plugin v.6.0 wordpress.org\/plugins\/iframe\/ -->\n<iframe loading=\"lazy\" src=\"https:\/\/www.instagram.com\/p\/DTvS74-DfS3\/embed\" width=\"400\" 0=\"height=&quot;745\" 1=\"\/iframe\" height=\"500\" scrolling=\"yes\" class=\"iframe-class\" frameborder=\"0\"><\/iframe>\n<\/span><\/span><\/p>\n<p><em><strong>L&#8217;iviernu foi sagr\u00e1u porque ense\u00f1aba a vivir adulce<\/strong>s \u2744\ufe0f<\/em><br \/>\n<em>A curiar el fueu interior, a escuchar la nueche y<\/em><br \/>\n<em>a confiar en que la lluz siempres vuelve.<\/em><br \/>\n<em>Quiciabes nun escaecimos al iviernu\u2026<\/em><br \/>\n<em>quiciabes solo precisamos volver honralo.<\/em><\/p>\n<p style=\"text-align: center\"><span style=\"text-decoration: underline\"><span style=\"color: #008080;font-size: 20px\"><strong>Imbolc, fiesta celta de la lluz<\/strong><\/span><\/span><\/p>\n<p style=\"text-align: center\"><span style=\"color: #008080\">G\u00fcei\u00a0 Candelaria y Dia de Santa Br\u00edgida<\/span><\/p>\n<p>Imbolc ye una de les festividaes celtes que menos conocemos, una y bones les fontes nun refundien tanta informaci\u00f3n sobro ella como asocede con Samhain por casu. Esto nun significa que la fiesta celebrada como Imbolc gociara de menos importancia.<strong> Nes sociedaes celtes yera una de les m\u00e1s importantes porque simbolizaba&#8217;l fin de la d\u00f3mina escura, l&#8217;iviernu.<\/strong> La so celebraci\u00f3n ten\u00eda llugar al empiezu del mes de febreru, pa preparar a la llegada de la primavera.<\/p>\n<p><strong><a href=\"https:\/\/shamanrites.com\/imbolc-fiesta-celta-de-brigid\/\">Imbolc: antiguu festival celta.<\/a>\u00a0<\/strong>Tami\u00e9n llamada Oimelc, Imbolc ye como hemos vistu,<strong> un antiguu festival relixosu celta<\/strong>. Esti festival aparentemente foi una fiesta de purificaci\u00f3n pa los granxeros y compar\u00f3se coles lustratio de los romanos (ceremonies de purificaci\u00f3n). Imbolc acomu\u00f1ase cola diosa Brigid, y dempu\u00e9s de la cristianizaci\u00f3n d&#8217;Europa, el d\u00eda del festival convertiose na fiesta de Santa Brigit. <strong>Yera celebr\u00e1u&#8217;l 1 o&#8217;l 2 de febreru.<\/strong> Imbolc at\u00f3pase na rueda a\u00f1al Wicca, entre Yule y Ostara.<\/p>\n<p><strong>Brigit cross como s\u00edmbolu d&#8217;Imbolc.\u00a0<\/strong>La cruz de Brigit ye una forma xeom\u00e9trica de cuatro estremos que se fabrica de manera artesanal con blima. Fa\u00edase para colocarlaen la puerta del llar y asina protexelo. La so forma recuerda enforma a una rueda solar y recuerda el signific\u00e1u d&#8217;Imbolc. <span style=\"color: #008080\"><strong>La lluz del d\u00eda va aumentando progresivamente, la primavera av\u00e9rase.<\/strong><\/span><\/p>\n<p>L&#8217;Imbolc celta <strong>ye una fiesta na que se celebra la torna de la lluz y de la vida y p\u00eddese fertilid\u00e1, tantu para les muyeres, como para les tierres y los animales.<\/strong><\/p>\n<p>Para los celtes, l&#8217;a\u00f1u yera como una gran rueda que va algamando una serie de puntos al xirar. Tenemos De faer un esfuerzu d&#8217;astracci\u00f3n y ver el mundu a traves de los g\u00fceyos d&#8217;estes sociedaes, extraordinariamente venceyaes cola naturaleza y con un estilu de vida por completu agr\u00edcola. Poro, l&#8217;a\u00f1u taba indisociablemente xun\u00edu al ciclu de la collecha.<\/p>\n<p style=\"text-align: center\"><a href=\"https:\/\/blogger.googleusercontent.com\/img\/b\/R29vZ2xl\/AVvXsEidGiIDDXCLxZGQO8K94MomCvnKk-OQZC-fpp_GsrOBTGGmdyax8p82FW6O2TclUkm9hsEnXOsAYnet1ukOjZ4cTz0Ef2fD1n6nhGGZ95zwcXBJJoaVTiqcURdT4B-790pB6uopKH4nT7JL\/s1600\/ruedacel.jpg\"><img loading=\"lazy\" decoding=\"async\" class=\"aligncenter size-large\" src=\"https:\/\/blogger.googleusercontent.com\/img\/b\/R29vZ2xl\/AVvXsEidGiIDDXCLxZGQO8K94MomCvnKk-OQZC-fpp_GsrOBTGGmdyax8p82FW6O2TclUkm9hsEnXOsAYnet1ukOjZ4cTz0Ef2fD1n6nhGGZ95zwcXBJJoaVTiqcURdT4B-790pB6uopKH4nT7JL\/s1600\/ruedacel.jpg\" width=\"750\" height=\"900\" \/><\/a><\/p>\n<p><strong>Los celtes estremaben el so calendariu, esta gran rueda, en cuatro partes, en cuatro oxetivos, celebrando una gran fiesta cada vez que se cumpl\u00eda unu d&#8217;ellos.<\/strong> La rueda del a\u00f1u empezaba a rodar con Sama\u00edn (Samhain), a fines d&#8217;ochobre, momentu nel que se realizaba la collecha y almacen\u00e1bense estos alimentos para llograr sobrevivir al iviernu.<\/p>\n<p style=\"text-align: center\"><a href=\"https:\/\/www.amigosdeceltiberia.org\/celebraciones\/images\/CELEBRACIONES-CALENDARIO_800.gif\"><img loading=\"lazy\" decoding=\"async\" class=\"aligncenter size-large\" src=\"https:\/\/www.amigosdeceltiberia.org\/celebraciones\/images\/CELEBRACIONES-CALENDARIO_800.gif\" width=\"800\" height=\"800\" \/><\/a><\/p>\n<p><strong>Un rasgu \u00a0que xune Sama\u00edn, Bealtanne y Imbolc ye&#8217;l fueu<\/strong>. Este xugaba un papel bien importante nestos tr\u00e9s grandes fiestes. En Samhain encend\u00edense grandes fogueres para allo\u00f1ar a los malos esp\u00edritos que llegaben dende&#8217;l \u00abotru mundu celta\u00bb. En Bealtaine les fogueres sirv\u00eden para ufiertar protecci\u00f3n y favorecer la crecedera.<strong> En Imbolc simbolizaben el regresu de la lluz.<\/strong><\/p>\n<p style=\"text-align: center\"><a href=\"https:\/\/blogger.googleusercontent.com\/img\/b\/R29vZ2xl\/AVvXsEir0yzYi_5kzX24H9D_ur3YWDKe8Sno-afGLqeC9k7hpsPqRJVTvWPcLNjNDXdXzPqhMAN3aHK1yuALqHC-g4cqPrshftmiKC4g4TmIw-n7nJjeiW6gqtYWTJoqf1rIUB6ZtD1Q2fza5ZSo\/s1600\/samain.jpg\"><img loading=\"lazy\" decoding=\"async\" class=\"aligncenter size-large\" src=\"https:\/\/blogger.googleusercontent.com\/img\/b\/R29vZ2xl\/AVvXsEir0yzYi_5kzX24H9D_ur3YWDKe8Sno-afGLqeC9k7hpsPqRJVTvWPcLNjNDXdXzPqhMAN3aHK1yuALqHC-g4cqPrshftmiKC4g4TmIw-n7nJjeiW6gqtYWTJoqf1rIUB6ZtD1Q2fza5ZSo\/s1600\/samain.jpg\" width=\"1000\" height=\"562\" \/><\/a><\/p>\n<p>L&#8217;a\u00f1u celta, como los sos d\u00edes y los sos meses, empezaben siempres pola so met\u00e1 escura. Dempu\u00e9s de Sama\u00edn llega Imbolc, la festivid\u00e1 que nos ocupa. M\u00e1s tarde llega Bealtaine, a principios de mayu, y con esta gran fiesta empieza la met\u00e1 lluminosa del a\u00f1u y la temporada de llantadera. Ye una celebraci\u00f3n perimportante y bien esperada. Lughnasad, n&#8217;agostu, da empiezu a la temporada de collecha, que llega hasta Sama\u00edn de nuevu. La rueda xir\u00f3 por completu y vuelve empezar.<\/p>\n<p style=\"text-align: center\"><a href=\"https:\/\/upload.wikimedia.org\/wikipedia\/commons\/thumb\/b\/bd\/Saint_Brigid%27s_cross.jpg\/500px-Saint_Brigid%27s_cross.jpg\"><img loading=\"lazy\" decoding=\"async\" class=\"aligncenter size-large\" src=\"https:\/\/upload.wikimedia.org\/wikipedia\/commons\/thumb\/b\/bd\/Saint_Brigid%27s_cross.jpg\/500px-Saint_Brigid%27s_cross.jpg\" width=\"500\" height=\"485\" \/><\/a><\/p>\n<p><strong>La gran fiesta\u00a0 marca un puntu mediu ente&#8217;l solsticiu d&#8217;iviernu y l&#8217;equinocciu de primavera<\/strong>. La palabra Imbolc significa lliteralmente <strong>\u00abnel banduyu\u00bb<\/strong> nel antiguu idioma de los celtes irlandeses. Estes palabres faen referencia al embaranzu de les oveyes, como vamos ver depu\u00e9s.<\/p>\n<p>Tami\u00e9n ye conocida como Oimelc. Esta palabra provien del antiguu irland\u00e9s y significa lliteralmente \u00abcato de les oveyes\u00bb.Imbolc tami\u00e9n se rellaciona dende bien antiguu cola purificaci\u00f3n, quiciabes pola asociaci\u00f3n del blancu puru de la lleche de les oveyes. Esto podemos entendelo si pensamos en que d&#8217;antiguo se consideraba esta festivid\u00e1 celta como fecha na que les oveyes empezaben la lactancia.<\/p>\n<p style=\"text-align: center\"><a href=\"https:\/\/thumbs.dreamstime.com\/z\/conjunto-de-s%C3%ADmbolos-imbolc-concepto-calendario-celta-elementos-wiccan-y-brujer%C3%ADa-letras-escritas-mano-cruz-brigada-ovejas-174949710.jpg?ct=jpeg\"><img loading=\"lazy\" decoding=\"async\" class=\"aligncenter size-large\" src=\"https:\/\/thumbs.dreamstime.com\/z\/conjunto-de-s%C3%ADmbolos-imbolc-concepto-calendario-celta-elementos-wiccan-y-brujer%C3%ADa-letras-escritas-mano-cruz-brigada-ovejas-174949710.jpg?ct=jpeg\" width=\"1600\" height=\"1690\" \/><\/a><\/p>\n<p>&nbsp;<\/p>\n<div class=\"xdj266r x14z9mp xat24cr x1lziwak x1vvkbs x126k92a\">\n<div dir=\"auto\"><span style=\"color: #008080\">1 D E F E B R E R U, I M B O L C <span class=\"html-span xexx8yu xyri2b x18d9i69 x1c1uobl x1hl2dhg x16tdsg8 x1vvkbs x3nfvp2 x1j61x8r x1fcty0u xdj266r xat24cr xm2jcoa x1mpyi22 xxymvpz xlup9mm x1kky2od\"><img loading=\"lazy\" decoding=\"async\" class=\"xz74otr x15mokao x1ga7v0g x16uus16 xbiv7yw aligncenter\" src=\"https:\/\/static.xx.fbcdn.net\/images\/emoji.php\/v9\/t14\/1\/16\/2618.png\" alt=\"\u2618\ufe0f\" width=\"16\" height=\"16\" \/><\/span><\/span><\/div>\n<\/div>\n<div class=\"x14z9mp xat24cr x1lziwak x1vvkbs xtlvy1s x126k92a\">\n<div dir=\"auto\">En \u00abLes fiestes de los antiguos celtes\u00bb (Jean Markale) y \u00abDelles notes sobre un calendariu antigu n&#8217;Asturies\u00bb (<span class=\"html-span xdj266r x14z9mp xat24cr x1lziwak xexx8yu xyri2b x18d9i69 x1c1uobl x1hl2dhg x16tdsg8 x1vvkbs\"><a class=\"x1i10hfl xjbqb8w x1ejq31n x18oe1m7 x1sy0etr xstzfhl x972fbf x10w94by x1qhh985 x14e42zd x9f619 x1ypdohk xt0psk2 x3ct3a4 xdj266r x14z9mp xat24cr x1lziwak xexx8yu xyri2b x18d9i69 x1c1uobl x16tdsg8 x1hl2dhg xggy1nq x1a2a7pz xkrqix3 x1sur9pj x1fey0fg x1s688f\" role=\"link\" href=\"https:\/\/www.facebook.com\/belenosfundacion?__cft__[0]=AZYE8gliBsgSqQVxBkV4bP63jzu67QBcEVrjlVGnRk1Yu5NpxI09xXCG1Xx1k6yyNlT5SAsuVBx5mobxMfMIkRLLhiiVoYyBmjmr4Py-8V8VuZq_9YR4ejZn1fdGoCBSxmUWA2ZY5VHPCHTxBIDAPGxDhyGoTtbtjB85ft-Z9lsRSKC1qHsewcRjAl6PUT99E14&amp;__tn__=-]K-y-R\"><span class=\"xt0psk2\"><span class=\"xjp7ctv\">Fundaci\u00f3n Belenos<\/span><\/span><\/a><\/span>), art\u00edculos asoleyaos nel n\u00famb. 2 de la revista \u00abAsturies, memoria encesa d&#8217;un pa\u00eds\u00bb.<\/div>\n<div dir=\"auto\" style=\"text-align: center\">\n<!-- iframe plugin v.6.0 wordpress.org\/plugins\/iframe\/ -->\n<iframe loading=\"lazy\" src=\"https:\/\/www.facebook.com\/plugins\/post.php?href=https%3A%2F%2Fwww.facebook.com%2Fphoto.php%3Ffbid%3D26022013290820042%26set%3Da.6853444098103582%26type%3D3&#038;show_text=false&#038;width=500\" width=\"500\" height=\"708\" style=\"border:none;overflow:hidden\" scrolling=\"no\" frameborder=\"0\" allowfullscreen=\"true\" allow=\"autoplay; clipboard-write; encrypted-media; picture-in-picture; web-share\" 0=\"\/iframe\" class=\"iframe-class\"><\/iframe>\n<\/div>\n<\/div>\n<p>&nbsp;<\/p>\n","protected":false},"excerpt":{"rendered":"<p>Nun ye solo una Lluna Llena. Ye un fueu antiguo. \ud83d\udd25\ud83c\udf15\u00a0Munches te van falar de la Lluna de Nieve esta fin de selmana, pero pocos te van cuntar qu\u00e9 ta pasando realmente so los tos pies. Tamos nun puntu importante de la Rueda del A\u00f1u. Mientres el cielu all\u00famase, la tierra tami\u00e9n camuda de ritmu. [&hellip;]<\/p>\n","protected":false},"author":117,"featured_media":0,"comment_status":"closed","ping_status":"closed","sticky":false,"template":"","format":"standard","meta":{"footnotes":""},"categories":[46],"tags":[],"class_list":["post-67070","post","type-post","status-publish","format-standard","hentry","category-estaciones"],"_links":{"self":[{"href":"https:\/\/edublog.educastur.es\/ixuxu\/wp-json\/wp\/v2\/posts\/67070","targetHints":{"allow":["GET"]}}],"collection":[{"href":"https:\/\/edublog.educastur.es\/ixuxu\/wp-json\/wp\/v2\/posts"}],"about":[{"href":"https:\/\/edublog.educastur.es\/ixuxu\/wp-json\/wp\/v2\/types\/post"}],"author":[{"embeddable":true,"href":"https:\/\/edublog.educastur.es\/ixuxu\/wp-json\/wp\/v2\/users\/117"}],"replies":[{"embeddable":true,"href":"https:\/\/edublog.educastur.es\/ixuxu\/wp-json\/wp\/v2\/comments?post=67070"}],"version-history":[{"count":13,"href":"https:\/\/edublog.educastur.es\/ixuxu\/wp-json\/wp\/v2\/posts\/67070\/revisions"}],"predecessor-version":[{"id":67281,"href":"https:\/\/edublog.educastur.es\/ixuxu\/wp-json\/wp\/v2\/posts\/67070\/revisions\/67281"}],"wp:attachment":[{"href":"https:\/\/edublog.educastur.es\/ixuxu\/wp-json\/wp\/v2\/media?parent=67070"}],"wp:term":[{"taxonomy":"category","embeddable":true,"href":"https:\/\/edublog.educastur.es\/ixuxu\/wp-json\/wp\/v2\/categories?post=67070"},{"taxonomy":"post_tag","embeddable":true,"href":"https:\/\/edublog.educastur.es\/ixuxu\/wp-json\/wp\/v2\/tags?post=67070"}],"curies":[{"name":"wp","href":"https:\/\/api.w.org\/{rel}","templated":true}]}}