{"id":67091,"date":"2026-01-31T09:00:44","date_gmt":"2026-01-31T07:00:44","guid":{"rendered":"https:\/\/edublog.educastur.es\/ixuxu\/?p=67091"},"modified":"2026-01-31T19:48:56","modified_gmt":"2026-01-31T17:48:56","slug":"dia-mundial-de-la-cebra","status":"publish","type":"post","link":"https:\/\/edublog.educastur.es\/ixuxu\/2026\/01\/dia-mundial-de-la-cebra\/","title":{"rendered":"D\u00eda Mundial de la Cebra"},"content":{"rendered":"<p>G\u00fcei pongamos el focu nel so caltenimientu. Nes postreres tr\u00e9s d\u00e9cades, les sos poblaciones cayeron dr\u00e1sticamente. Cada especie cumple un papel \u00fanicu nel so ecosistema y la so perda ruempe l&#8217;equilibriu. <a href=\"https:\/\/www.instagram.com\/p\/DULoyPUlW9b\/\"><strong>Videu<\/strong> <\/a>\/ Ye unu de los animales m\u00e1s emblem\u00e1ticos de les grandes sabanes africanes.<\/p>\n<p style=\"text-align: center\"><span class=\"x193iq5w xeuugli x13faqbe x1vvkbs xt0psk2 x1i0vuye xvs91rp xo1l8bm x5n08af x10wh9bi xpm28yp x8viiok x1o7cslx x126k92a\"><span class=\"html-span xexx8yu x4uap5 x18d9i69 xkhd6sd x1hl2dhg x16tdsg8 x1vvkbs x3nfvp2 x1j61x8r x1fcty0u xdj266r xat24cr xgzva0m xhhsvwb xxymvpz xlup9mm x1kky2od\">\n<!-- iframe plugin v.6.0 wordpress.org\/plugins\/iframe\/ -->\n<iframe loading=\"lazy\" src=\"https:\/\/www.instagram.com\/p\/DUK8SNviuAu\/embed\" width=\"360\" 0=\"height=&quot;795\" 1=\"\/iframe\" height=\"500\" scrolling=\"yes\" class=\"iframe-class\" frameborder=\"0\"><\/iframe>\n<\/span><\/span><\/p>\n<ul>\n<li class=\"_ap3a _aaco _aacu _aacx _aad7 _aade\" dir=\"auto\">\u00a0\ud83c\udf0d\ud83e\udd93 <a class=\"x1i10hfl xjbqb8w x1ejq31n x18oe1m7 x1sy0etr xstzfhl x972fbf x10w94by x1qhh985 x14e42zd x9f619 x1ypdohk xt0psk2 x3ct3a4 xdj266r x14z9mp xat24cr x1lziwak xexx8yu xyri2b x18d9i69 x1c1uobl x16tdsg8 x1hl2dhg xggy1nq x1a2a7pz _aa9_ _a6hd\" role=\"link\" href=\"https:\/\/www.instagram.com\/explore\/tags\/d%C3%ADadelacebra\/\">#D\u00edaDeLaCebra<\/a> <a class=\"x1i10hfl xjbqb8w x1ejq31n x18oe1m7 x1sy0etr xstzfhl x972fbf x10w94by x1qhh985 x14e42zd x9f619 x1ypdohk xt0psk2 x3ct3a4 xdj266r x14z9mp xat24cr x1lziwak xexx8yu xyri2b x18d9i69 x1c1uobl x16tdsg8 x1hl2dhg xggy1nq x1a2a7pz _aa9_ _a6hd\" role=\"link\" href=\"https:\/\/www.instagram.com\/explore\/tags\/internationalzebraday\/\">#InternationalZebraDay<\/a><\/li>\n<\/ul>\n<p><!--more--><\/p>\n<p>Esisten tr\u00e9s especies de cebres nel mundu: <strong>La cebra d&#8217;enllanada, la de monte y la de Gr\u00e9vy. <\/strong>\u00c9sta consid\u00e9rarase en peligru d&#8217;estinci\u00f3n y forma parte de la Llista Colorada d&#8217;Especies Amenaciaes. Vive n&#8217;Etiop\u00eda y nel norte de Que\u00f1a.<\/p>\n<p style=\"text-align: center\"><span class=\"x193iq5w xeuugli x13faqbe x1vvkbs xt0psk2 x1i0vuye xvs91rp xo1l8bm x5n08af x10wh9bi xpm28yp x8viiok x1o7cslx x126k92a\"><span class=\"html-span xexx8yu x4uap5 x18d9i69 xkhd6sd x1hl2dhg x16tdsg8 x1vvkbs x3nfvp2 x1j61x8r x1fcty0u xdj266r xat24cr xgzva0m xhhsvwb xxymvpz xlup9mm x1kky2od\">\n<!-- iframe plugin v.6.0 wordpress.org\/plugins\/iframe\/ -->\n<iframe loading=\"lazy\" src=\"https:\/\/www.instagram.com\/p\/DUG0GMAgaCH\/embed\" width=\"400\" 0=\"height=&quot;745\" 1=\"\/iframe\" height=\"500\" scrolling=\"yes\" class=\"iframe-class\" frameborder=\"0\"><\/iframe>\n<\/span><\/span><\/p>\n","protected":false},"excerpt":{"rendered":"<p>G\u00fcei pongamos el focu nel so caltenimientu. Nes postreres tr\u00e9s d\u00e9cades, les sos poblaciones cayeron dr\u00e1sticamente. Cada especie cumple un papel \u00fanicu nel so ecosistema y la so perda ruempe l&#8217;equilibriu. Videu \/ Ye unu de los animales m\u00e1s emblem\u00e1ticos de les grandes sabanes africanes. \u00a0\ud83c\udf0d\ud83e\udd93 #D\u00edaDeLaCebra #InternationalZebraDay<\/p>\n","protected":false},"author":117,"featured_media":0,"comment_status":"closed","ping_status":"closed","sticky":false,"template":"","format":"standard","meta":{"footnotes":""},"categories":[6],"tags":[],"class_list":["post-67091","post","type-post","status-publish","format-standard","hentry","category-dia-de"],"_links":{"self":[{"href":"https:\/\/edublog.educastur.es\/ixuxu\/wp-json\/wp\/v2\/posts\/67091","targetHints":{"allow":["GET"]}}],"collection":[{"href":"https:\/\/edublog.educastur.es\/ixuxu\/wp-json\/wp\/v2\/posts"}],"about":[{"href":"https:\/\/edublog.educastur.es\/ixuxu\/wp-json\/wp\/v2\/types\/post"}],"author":[{"embeddable":true,"href":"https:\/\/edublog.educastur.es\/ixuxu\/wp-json\/wp\/v2\/users\/117"}],"replies":[{"embeddable":true,"href":"https:\/\/edublog.educastur.es\/ixuxu\/wp-json\/wp\/v2\/comments?post=67091"}],"version-history":[{"count":3,"href":"https:\/\/edublog.educastur.es\/ixuxu\/wp-json\/wp\/v2\/posts\/67091\/revisions"}],"predecessor-version":[{"id":67097,"href":"https:\/\/edublog.educastur.es\/ixuxu\/wp-json\/wp\/v2\/posts\/67091\/revisions\/67097"}],"wp:attachment":[{"href":"https:\/\/edublog.educastur.es\/ixuxu\/wp-json\/wp\/v2\/media?parent=67091"}],"wp:term":[{"taxonomy":"category","embeddable":true,"href":"https:\/\/edublog.educastur.es\/ixuxu\/wp-json\/wp\/v2\/categories?post=67091"},{"taxonomy":"post_tag","embeddable":true,"href":"https:\/\/edublog.educastur.es\/ixuxu\/wp-json\/wp\/v2\/tags?post=67091"}],"curies":[{"name":"wp","href":"https:\/\/api.w.org\/{rel}","templated":true}]}}