{"id":67099,"date":"2026-01-30T09:05:42","date_gmt":"2026-01-30T07:05:42","guid":{"rendered":"https:\/\/edublog.educastur.es\/ixuxu\/?p=67099"},"modified":"2026-01-31T20:05:07","modified_gmt":"2026-01-31T18:05:07","slug":"flipa-2026-la-gran-folixa-de-la-ilustracion-asturiana","status":"publish","type":"post","link":"https:\/\/edublog.educastur.es\/ixuxu\/2026\/01\/flipa-2026-la-gran-folixa-de-la-ilustracion-asturiana\/","title":{"rendered":"FLIPA 2026, la gran folixa de la ilustraci\u00f3n asturiana"},"content":{"rendered":"<p><a href=\"https:\/\/www.apiast.com\/\"><strong>Apiast<\/strong><\/a> presenta n&#8217;Uvi\u00e9u&#8217;l programa cultural de FLIPA 2026, la gran folixa de la ilustraci\u00f3n asturiana. <a href=\"https:\/\/www.instagram.com\/apiast.ilustracion\/\">Instagram<\/a> \/ <a href=\"https:\/\/www.instagram.com\/p\/DULAGOgjRar\/\"><strong>Videu<\/strong> <\/a>\/ <a href=\"https:\/\/www.lne.es\/oviedo\/2026\/01\/30\/apiast-presenta-oviedo-programa-cultural-126266054.html?fbclid=IwY2xjawPrH7NleHRuA2FlbQIxMABzcnRjBmFwcF9pZBAyMjIwMzkxNzg4MjAwODkyAAEeX-xmTuClchKgEJVMwoELbQMZfG2buTYnkuBzZTcpbGZuHXFhRGh4QlmRb88_aem_b1vWrNKwqDJ3Rg1pE3e5nw&amp;utm_campaign=mrf-facebook-lneoviedo&amp;mrfcid=202601306978a44b54e1b96a3185d6d5\">LNE<\/a><\/p>\n<p style=\"text-align: center\"><span class=\"x193iq5w xeuugli x13faqbe x1vvkbs xt0psk2 x1i0vuye xvs91rp xo1l8bm x5n08af x10wh9bi xpm28yp x8viiok x1o7cslx x126k92a\"><span class=\"html-span xexx8yu x4uap5 x18d9i69 xkhd6sd x1hl2dhg x16tdsg8 x1vvkbs x3nfvp2 x1j61x8r x1fcty0u xdj266r xat24cr xgzva0m xhhsvwb xxymvpz xlup9mm x1kky2od\">\n<!-- iframe plugin v.6.0 wordpress.org\/plugins\/iframe\/ -->\n<iframe loading=\"lazy\" src=\"https:\/\/www.instagram.com\/p\/DUEJMdbjX0E\/embed\" width=\"420\" 0=\"height=&quot;745\" 1=\"\/iframe\" height=\"500\" scrolling=\"yes\" class=\"iframe-class\" frameborder=\"0\"><\/iframe>\n<\/span><\/span><\/p>\n<p><a href=\"https:\/\/www.apiast.com\/\"><strong>L&#8217;Asociaci\u00f3n de Profesionales de la Ilustraci\u00f3n d&#8217;Asturies (Apiast)<\/strong> <\/a>present\u00f3 esta ma\u00f1ana, na see del Mus\u00e9u Arqueol\u00f3xicu d&#8217;Asturies, n&#8217;Uvi\u00e9u, el programa cultural de<span style=\"color: #008080\"><strong> FLIPA 2026, la primera Folixa de la Ilustraci\u00f3n Asturiana<\/strong><\/span>, qu&#8217;incl\u00fai charres y talleres, xornaes sobro bienestar profesional, una esposici\u00f3n itinerante, alcuentros profesionales y xuna gran folixa que va cerrar les actividaes, que<strong> se van desenvolver a lo llargo de too angua\u00f1o.<\/strong><\/p>\n<p class=\"_ap3a _aaco _aacu _aacx _aad7 _aade\" dir=\"auto\">L&#8217;actu de presentaci\u00f3n tien llugar G\u00fcei, 30 de xineru de 2026, <strong><span style=\"color: #008080\">D\u00eda Mundial de la Ilustraci\u00f3n<\/span><\/strong>, a les 10:00h nel sal\u00f3n d&#8217;actos del Mus\u00e9u Arqueol\u00f3xicu d&#8217;Asturies (C\/ San Vicente 3. Uvi\u00e9u). Ilustraci\u00f3n: <a class=\"x1i10hfl xjbqb8w x1ejq31n x18oe1m7 x1sy0etr xstzfhl x972fbf x10w94by x1qhh985 x14e42zd x9f619 x1ypdohk xt0psk2 x3ct3a4 xdj266r x14z9mp xat24cr x1lziwak xexx8yu xyri2b x18d9i69 x1c1uobl x16tdsg8 x1hl2dhg xggy1nq x1a2a7pz notranslate _a6hd\" role=\"link\" href=\"https:\/\/www.instagram.com\/cepandiellart\/\">@cepandiellart<\/a><\/p>\n<p class=\"_ap3a _aaco _aacu _aacx _aad7 _aade\" dir=\"auto\"><!--more--><\/p>\n<p><a class=\"x1i10hfl xjbqb8w x1ejq31n x18oe1m7 x1sy0etr xstzfhl x972fbf x10w94by x1qhh985 x14e42zd x9f619 x1ypdohk xt0psk2 x3ct3a4 xdj266r x14z9mp xat24cr x1lziwak xexx8yu xyri2b x18d9i69 x1c1uobl x16tdsg8 x1hl2dhg xggy1nq x1a2a7pz _aa9_ _a6hd\" role=\"link\" href=\"https:\/\/www.instagram.com\/explore\/tags\/flipa2026\/\">#flipa2026<\/a> <a class=\"x1i10hfl xjbqb8w x1ejq31n x18oe1m7 x1sy0etr xstzfhl x972fbf x10w94by x1qhh985 x14e42zd x9f619 x1ypdohk xt0psk2 x3ct3a4 xdj266r x14z9mp xat24cr x1lziwak xexx8yu xyri2b x18d9i69 x1c1uobl x16tdsg8 x1hl2dhg xggy1nq x1a2a7pz _aa9_ _a6hd\" role=\"link\" href=\"https:\/\/www.instagram.com\/explore\/tags\/ilustracion\/\">#ilustracion<\/a> <a class=\"x1i10hfl xjbqb8w x1ejq31n x18oe1m7 x1sy0etr xstzfhl x972fbf x10w94by x1qhh985 x14e42zd x9f619 x1ypdohk xt0psk2 x3ct3a4 xdj266r x14z9mp xat24cr x1lziwak xexx8yu xyri2b x18d9i69 x1c1uobl x16tdsg8 x1hl2dhg xggy1nq x1a2a7pz _aa9_ _a6hd\" role=\"link\" href=\"https:\/\/www.instagram.com\/explore\/tags\/ilustracionasturiana\/\">#ilustracionasturiana<\/a> <a class=\"x1i10hfl xjbqb8w x1ejq31n x18oe1m7 x1sy0etr xstzfhl x972fbf x10w94by x1qhh985 x14e42zd x9f619 x1ypdohk xt0psk2 x3ct3a4 xdj266r x14z9mp xat24cr x1lziwak xexx8yu xyri2b x18d9i69 x1c1uobl x16tdsg8 x1hl2dhg xggy1nq x1a2a7pz _aa9_ _a6hd\" role=\"link\" href=\"https:\/\/www.instagram.com\/explore\/tags\/apiast\/\">#apiast<\/a><br \/>\n<a class=\"x1i10hfl xjbqb8w x1ejq31n x18oe1m7 x1sy0etr xstzfhl x972fbf x10w94by x1qhh985 x14e42zd x9f619 x1ypdohk xt0psk2 x3ct3a4 xdj266r x14z9mp xat24cr x1lziwak xexx8yu xyri2b x18d9i69 x1c1uobl x16tdsg8 x1hl2dhg xggy1nq x1a2a7pz notranslate _a6hd\" role=\"link\" href=\"https:\/\/www.instagram.com\/apiast.ilustracion\/\">@apiast.ilustracion<\/a><br \/>\n<a class=\"x1i10hfl xjbqb8w x1ejq31n x18oe1m7 x1sy0etr xstzfhl x972fbf x10w94by x1qhh985 x14e42zd x9f619 x1ypdohk xt0psk2 x3ct3a4 xdj266r x14z9mp xat24cr x1lziwak xexx8yu xyri2b x18d9i69 x1c1uobl x16tdsg8 x1hl2dhg xggy1nq x1a2a7pz notranslate _a6hd\" role=\"link\" href=\"https:\/\/www.instagram.com\/flipa_apiast\/\">@flipa_apiast<\/a><\/p>\n<p>&nbsp;<\/p>\n<p>\u201cNun momentu nel que la intelixencia artificial xenerativa ta atacando y precarizando ent\u00e1 ye m\u00e1s a los oficios creativos y a la cultura, ye necesariu poner en valor los procesos art\u00edsticos y dar visibilid\u00e1 a los profesionales que crean la cultura\u201d, sostienen dende Apiast, que la so directiva ta presidida por Eva Rami y de la que formen parte, am\u00e1s, Isabel Mu\u00f1oz (vicepresidenta), Enrique Fern\u00e1ndez, Guillermo Redondo, Rub\u00e9n Megido y Julia Casta\u00f1u.<\/p>\n<p><strong>Apiast, constituyida en 2024, cuenta con 80 asociaos<\/strong> y funciona col trabayu voluntariu de los sos integrantes, coles mires de velar polos sos derechos, visibilizar el sector, asesorar a los sos socios en temes fiscales y llaborales y crear una rede de profesionales. Ta integrada en FADIP, la Federaci\u00f3n d&#8217;Asociaciones d&#8217;Ilustraci\u00f3n Profesional n&#8217;Espa\u00f1a, y EIF, el Foru Europ\u00e9u d&#8217;Ilustraci\u00f3n.<\/p>\n<p>Los profesionales del sector quieren concenciar a lo llargo de too angua\u00f1o a la ciudadan\u00eda del valor de la creaci\u00f3n personal frente a la espansi\u00f3n de la intelixencia artificial.<\/p>\n<p style=\"text-align: center\"><a href=\"https:\/\/estaticos-cdn.prensaiberica.es\/clip\/d7b55f19-5d6f-49de-a3ef-cc15b194e659_16-9-discover-aspect-ratio_default_0_x800y400.webp\"><img loading=\"lazy\" decoding=\"async\" class=\"aligncenter size-large\" src=\"https:\/\/estaticos-cdn.prensaiberica.es\/clip\/d7b55f19-5d6f-49de-a3ef-cc15b194e659_16-9-discover-aspect-ratio_default_0_x800y400.webp\" width=\"1200\" height=\"675\" \/><\/a><\/p>\n<p>El director xeneral d&#8217;Acci\u00f3n Cultural, Ant\u00f3n Garc\u00eda, qu&#8217;asisti\u00f3 a la presentaci\u00f3n de la programaci\u00f3n, destac\u00f3 la importancia del \u201casociacionismo profesional\u201d nel \u00e1mbitu cultural y de l&#8217;alministraci\u00f3n. \u201cFLIPA ye daqu\u00e9 bien importante que dexa visibilizar el trabayu de los ilustradores, homes y muyeres, d&#8217;Asturies\u201d, manifest\u00f3, y brind\u00f3 tol sofitu de la Conseyer\u00eda de Cultura a la iniciativa.<\/p>\n","protected":false},"excerpt":{"rendered":"<p>Apiast presenta n&#8217;Uvi\u00e9u&#8217;l programa cultural de FLIPA 2026, la gran folixa de la ilustraci\u00f3n asturiana. Instagram \/ Videu \/ LNE L&#8217;Asociaci\u00f3n de Profesionales de la Ilustraci\u00f3n d&#8217;Asturies (Apiast) present\u00f3 esta ma\u00f1ana, na see del Mus\u00e9u Arqueol\u00f3xicu d&#8217;Asturies, n&#8217;Uvi\u00e9u, el programa cultural de FLIPA 2026, la primera Folixa de la Ilustraci\u00f3n Asturiana, qu&#8217;incl\u00fai charres y talleres, [&hellip;]<\/p>\n","protected":false},"author":117,"featured_media":0,"comment_status":"closed","ping_status":"closed","sticky":false,"template":"","format":"standard","meta":{"footnotes":""},"categories":[6,139,318],"tags":[],"class_list":["post-67099","post","type-post","status-publish","format-standard","hentry","category-dia-de","category-dibuxos","category-disenu"],"_links":{"self":[{"href":"https:\/\/edublog.educastur.es\/ixuxu\/wp-json\/wp\/v2\/posts\/67099","targetHints":{"allow":["GET"]}}],"collection":[{"href":"https:\/\/edublog.educastur.es\/ixuxu\/wp-json\/wp\/v2\/posts"}],"about":[{"href":"https:\/\/edublog.educastur.es\/ixuxu\/wp-json\/wp\/v2\/types\/post"}],"author":[{"embeddable":true,"href":"https:\/\/edublog.educastur.es\/ixuxu\/wp-json\/wp\/v2\/users\/117"}],"replies":[{"embeddable":true,"href":"https:\/\/edublog.educastur.es\/ixuxu\/wp-json\/wp\/v2\/comments?post=67099"}],"version-history":[{"count":6,"href":"https:\/\/edublog.educastur.es\/ixuxu\/wp-json\/wp\/v2\/posts\/67099\/revisions"}],"predecessor-version":[{"id":67108,"href":"https:\/\/edublog.educastur.es\/ixuxu\/wp-json\/wp\/v2\/posts\/67099\/revisions\/67108"}],"wp:attachment":[{"href":"https:\/\/edublog.educastur.es\/ixuxu\/wp-json\/wp\/v2\/media?parent=67099"}],"wp:term":[{"taxonomy":"category","embeddable":true,"href":"https:\/\/edublog.educastur.es\/ixuxu\/wp-json\/wp\/v2\/categories?post=67099"},{"taxonomy":"post_tag","embeddable":true,"href":"https:\/\/edublog.educastur.es\/ixuxu\/wp-json\/wp\/v2\/tags?post=67099"}],"curies":[{"name":"wp","href":"https:\/\/api.w.org\/{rel}","templated":true}]}}