{"id":67109,"date":"2026-01-30T20:00:31","date_gmt":"2026-01-30T18:00:31","guid":{"rendered":"https:\/\/edublog.educastur.es\/ixuxu\/?p=67109"},"modified":"2026-01-31T20:50:41","modified_gmt":"2026-01-31T18:50:41","slug":"los-ganadores-de-los-premios-pola-paz-carmen-ruiz-tilve","status":"publish","type":"post","link":"https:\/\/edublog.educastur.es\/ixuxu\/2026\/01\/los-ganadores-de-los-premios-pola-paz-carmen-ruiz-tilve\/","title":{"rendered":"Los ganadores de los premios pola Paz \u00abCarmen Ruiz-Tilve\u00bb"},"content":{"rendered":"<p>Los ganadores de los premios pola Paz \u00abCarmen Ruiz-Tilve\u00bb recoyeron los sos galardones en La Corredoria. <a href=\"https:\/\/www.lne.es\/oviedo\/la-corredoria\/2026\/01\/30\/ganadores-premios-paz-carmen-ruiz-126283822.html\"><span style=\"color: #800080\"><strong>LNE<\/strong> <\/span><\/a>\/ <a href=\"https:\/\/www.elcomercio.es\/oviedo\/reunion-paz-colegio-carmen-ruiztilve-oviedo-20260130210030-nt.html\"><strong>El Comercio<\/strong><\/a>\u00a0 <span style=\"color: #008080\"><em>\u00abLa Paz nun ye solo una palabra guapa o un conceutu astractu, constr\u00fayese acald\u00eda nos patios, nos barrios y na forma na que respetamos los unos a los otros\u00bb<\/em><\/span>, esplic\u00f3 l&#8217;axente Iris Rodr\u00edguez.<\/p>\n<p style=\"text-align: center\"><a href=\"https:\/\/estaticos-cdn.prensaiberica.es\/clip\/750df109-0de3-442a-9bd3-5ee5750db428_16-9-discover-aspect-ratio_default_0_x722y321.webp\"><img loading=\"lazy\" decoding=\"async\" class=\"aligncenter size-large\" src=\"https:\/\/estaticos-cdn.prensaiberica.es\/clip\/750df109-0de3-442a-9bd3-5ee5750db428_16-9-discover-aspect-ratio_default_0_x722y321.webp\" width=\"1200\" height=\"675\" \/><\/a><\/p>\n<p>El <strong>Plan Director del Cuerpu Nacional de Polic\u00eda<\/strong> y <strong>Wenceslao Fern\u00e1ndez Iglesias<\/strong>, miembru de la Unid\u00e1 Canina de Rescate del Princip\u00e1u d&#8217;Asturies, llev\u00e1ronse&#8217;l gatu a l&#8217;agua na VIII edici\u00f3n de los Premios pola Paz \u00abCarmen Ruiz\u2011Tilve\u00bb. Les dos candidatures fueron escoy\u00edes ente m\u00e1s de quince iniciatives solidaries.<\/p>\n<p>El xur\u00e1u destac\u00f3&#8217;l llabor desempe\u00f1\u00e1u por Wenceslao mientres m\u00e1s de tr\u00e9s d\u00e9cades de forma, dafechu, voluntaria y del Plan Director remarc\u00f3&#8217;l trabayu realiz\u00e1u nos centros educativos de la ciud\u00e1 al travi\u00e9s de charres pa prevenir el ciberacoso, l&#8217;acoso escolar, la violencia de x\u00e9neru y el consumu de drogues. <span style=\"color: #008080\"><em><strong>\u00abToi verdaderamente emocionada, tener la posibilid\u00e1 de siguir impulsando estes iniciatives ye bien importante. Mir\u00e1i per Asturies y mir\u00e1i per Uvi\u00e9u cola Paz\u00bb<\/strong><\/em><\/span>, dixo Carmen Ruiz-Tilve, antes de despidir l&#8217;actu.<\/p>\n<p><!--more--><\/p>\n<p>Wenceslao Fern\u00e1ndez gan\u00f3 la categor\u00eda individual, asocediendo a Rodrigo Cueves na llista de ganadores, y foi al actu acompa\u00f1\u00e1u de la so compa\u00f1era Anja, xuna perra de cuatro a\u00f1os cola que trabaya nes intervenciones. \u00abEscoy\u00ed la Unid\u00e1 Canina de Rescate como forma de vida y piensu siguir dedicando los mios esfuerzos a esta oficiu tou el tiempu que pueda. Formo parte d&#8217;un equipu de diez persones nel que somos voluntarios, pero bien profesionales\u00bb, remarc\u00f3 mientres el so discursu Fern\u00e1ndez.<\/p>\n<p>Carmen Higelmo, Iris Rodr\u00edguez y C\u00e9sar P\u00e9rez fueron los axentes encargaos de recoyer el premiu del Plan Director en representaci\u00f3n del Cuerpu Nacional de Polic\u00eda. La mesma Carmen Ruiz-Tilve f\u00edxo-yos entrega del galard\u00f3n ente los aplausos del centenar d&#8217;asistentes qu&#8217;allegaron a la gala.<span style=\"color: #008080\"><em><strong> \u00abLa Paz nun ye solo una palabra guapa o un conceutu astractu, constr\u00fayese acald\u00eda nos patios, nos barrios y na forma na que respetamos los unos a los otros\u00bb<\/strong><\/em><\/span>, apunt\u00f3 Rodr\u00edguez.<\/p>\n<p>El restu de los nomaos. La gala cunt\u00f3 am\u00e1s cola presencia de numberosos proyectos, entidaes y persones compromet\u00edes col \u00e1mbitu social que tami\u00e9n fueron reconoc\u00edos cola entrega de diplomes pol so llabor.<\/p>\n<p>Unu de los momentos m\u00e1s emotivos de la gala protagonizolu Alba L\u00f3pez, representante d&#8217;<strong>Abrazos Verdes Asturies,<\/strong> quien centr\u00f3 la so intervenci\u00f3n na invisibilizaci\u00f3n del suicidiu y na necesid\u00e1 d&#8217;encetalo dende la prevenci\u00f3n, la escucha y l&#8217;acompa\u00f1amientu, apelando a la responsabilid\u00e1 colectiva y al compromisu social.<\/p>\n<p>Tami\u00e9n se dedic\u00f3 una reconocencia a Daniela Giraldo, alumna del centru que lleva un a\u00f1u ingresada nel hospital y que, magar la so situaci\u00f3n, sigue la so formaci\u00f3n gracies al programa d&#8217;Aules Hospitalaries del HUCA, compatibilizando&#8217;l so tratamientu coles clases y convirti\u00e9ndose nun exemplu pa tolos sos compa\u00f1eros de clase.<\/p>\n<p><a href=\"https:\/\/x.com\/ictusasturias\/status\/2017490192010014919\">ICTUS ASTURIES<\/a><\/p>\n<p>Norabona a toles persones y entidaes premiaes nos Premios pola Paz \u201cCarmen Ruiz-Tilve\u201d. Un arguyu que se reconoza tami\u00e9n el llabor de <span class=\"r-18u37iz\"><a class=\"css-1jxf684 r-bcqeeo r-1ttztb7 r-qvutc0 r-poiln3 r-1wvb978 r-1loqt21\" dir=\"ltr\" role=\"link\" href=\"https:\/\/x.com\/ictusasturias\">@ictusasturias. <\/a><\/span>La paz constr\u00fayese acald\u00eda, con respetu, curi\u00e1u y compromisu.<\/p>\n<p style=\"text-align: center\"><a href=\"https:\/\/s2.ppllstatics.com\/elcomercio\/www\/multimedia\/2026\/01\/30\/colegio-RTranEfTHYqE92pwiwgDWiP-1200x840@El%20Comercio.jpg\"><img loading=\"lazy\" decoding=\"async\" class=\"aligncenter size-large\" src=\"https:\/\/s2.ppllstatics.com\/elcomercio\/www\/multimedia\/2026\/01\/30\/colegio-RTranEfTHYqE92pwiwgDWiP-1200x840@El%20Comercio.jpg\" width=\"1200\" height=\"840\" \/><\/a><\/p>\n<p>La celebraci\u00f3n de la octava edici\u00f3n de los Premios pola Paz nel colexu p\u00fablicu Carmen Ruiz-Tilve, en La Corredoria,<strong> nun foi solo un eventu protocolariu, sin\u00f3n la resultancia de meses de trabayu nes aules onde los alumnos analizaron y defendieron les catorce candidatures propuestes angua\u00f1o, de les que salieron dos galardones<\/strong>: La Unid\u00e1 Canina de Rescate d&#8217;Asturies y el Plan Director de la Polic\u00eda Nacional.<\/p>\n<p>La cronista oficial d&#8217;Uvi\u00e9u, Carmen Ruiz-Tilve \u2013que da nome al centru y a los galardones\u2013 nun duld\u00f3 en tar presente. Emponder\u00f3 <span style=\"color: #008080\"><strong>\u00abtener una posibilid\u00e1 d&#8217;axuntanos alredor de la paz. F\u00e1ense coses que se ven y otres que non, pero toos cunten. Hai que mirar per Asturies, per Uvi\u00e9u y pola paz\u00bb<\/strong><\/span>, anim\u00f3 a los presentes.<\/p>\n<p>Wenceslao Fern\u00e1ndez Iglesias, xefe d&#8217;intervenci\u00f3n de la Unid\u00e1 Canina de Rescate d&#8217;Asturies, acompa\u00f1\u00e1u por &#8216;Anja&#8217;, una de les perres de rescate, recibi\u00f3&#8217;l galard\u00f3n principal. Con 35 a\u00f1os d&#8217;esperiencia n&#8217;activu, record\u00f3 qu&#8217;el so llabor ye \u00abtotalmente profesional pero ensin \u00e1nimu d&#8217;arriquecimientu\u00bb.<\/p>\n<p>Na categor\u00eda d&#8217;instituciones, el premiu recay\u00f3 nel Plan Director del Cuerpu Nacional de Polic\u00eda d&#8217;Uvi\u00e9u. Los axentes Iris Rodr\u00edguez, C\u00e9sar P\u00e9rez y Carmen Higeldo recoyeron el galard\u00f3n de manos de la mesma Carmen Ruiz-Tilve.<\/p>\n<p>A los premios allegaron Marisa Valle *Roso, Jald\u00eda Abubakra, Santiago Jim\u00e9nez Trevi\u00f1o, Mar\u00eda Teresa P\u00e9rez Fern\u00e1ndez, Mercedes Gonz\u00e1lez Men\u00e9ndez, ASICAS, Asociaci\u00f3n BUBISHER, Plan Director CNP, CEACTIVO, Abrazos Verdes Asturies, Asturies Feminista 8M, Aules Hospitalaries HUCA, UNIOVI por Palestina y El \u00c1nxel de Javi.<\/p>\n<p>Na so llucha para sofitar la investigaci\u00f3n del s\u00edndrome de Nedamss, la familia de Javi comparti\u00f3 les meyores para traer la terapia x\u00e9nica a Espa\u00f1a: \u00abY\u00e1 tenemos permisos y podr\u00edamos liderar el tratamientu na parte europea gracies a l&#8217;ayuda de toos v\u00f3s\u00bb.<\/p>\n<p>&nbsp;<\/p>\n","protected":false},"excerpt":{"rendered":"<p>Los ganadores de los premios pola Paz \u00abCarmen Ruiz-Tilve\u00bb recoyeron los sos galardones en La Corredoria. LNE \/ El Comercio\u00a0 \u00abLa Paz nun ye solo una palabra guapa o un conceutu astractu, constr\u00fayese acald\u00eda nos patios, nos barrios y na forma na que respetamos los unos a los otros\u00bb, esplic\u00f3 l&#8217;axente Iris Rodr\u00edguez. El Plan [&hellip;]<\/p>\n","protected":false},"author":117,"featured_media":0,"comment_status":"closed","ping_status":"closed","sticky":false,"template":"","format":"standard","meta":{"footnotes":""},"categories":[64,58],"tags":[],"class_list":["post-67109","post","type-post","status-publish","format-standard","hentry","category-carmen-ruiz-tilve","category-premios"],"_links":{"self":[{"href":"https:\/\/edublog.educastur.es\/ixuxu\/wp-json\/wp\/v2\/posts\/67109","targetHints":{"allow":["GET"]}}],"collection":[{"href":"https:\/\/edublog.educastur.es\/ixuxu\/wp-json\/wp\/v2\/posts"}],"about":[{"href":"https:\/\/edublog.educastur.es\/ixuxu\/wp-json\/wp\/v2\/types\/post"}],"author":[{"embeddable":true,"href":"https:\/\/edublog.educastur.es\/ixuxu\/wp-json\/wp\/v2\/users\/117"}],"replies":[{"embeddable":true,"href":"https:\/\/edublog.educastur.es\/ixuxu\/wp-json\/wp\/v2\/comments?post=67109"}],"version-history":[{"count":7,"href":"https:\/\/edublog.educastur.es\/ixuxu\/wp-json\/wp\/v2\/posts\/67109\/revisions"}],"predecessor-version":[{"id":67135,"href":"https:\/\/edublog.educastur.es\/ixuxu\/wp-json\/wp\/v2\/posts\/67109\/revisions\/67135"}],"wp:attachment":[{"href":"https:\/\/edublog.educastur.es\/ixuxu\/wp-json\/wp\/v2\/media?parent=67109"}],"wp:term":[{"taxonomy":"category","embeddable":true,"href":"https:\/\/edublog.educastur.es\/ixuxu\/wp-json\/wp\/v2\/categories?post=67109"},{"taxonomy":"post_tag","embeddable":true,"href":"https:\/\/edublog.educastur.es\/ixuxu\/wp-json\/wp\/v2\/tags?post=67109"}],"curies":[{"name":"wp","href":"https:\/\/api.w.org\/{rel}","templated":true}]}}