{"id":67114,"date":"2026-01-31T08:30:18","date_gmt":"2026-01-31T06:30:18","guid":{"rendered":"https:\/\/edublog.educastur.es\/ixuxu\/?p=67114"},"modified":"2026-01-31T20:22:24","modified_gmt":"2026-01-31T18:22:24","slug":"el-tiempu-el-comercio-250","status":"publish","type":"post","link":"https:\/\/edublog.educastur.es\/ixuxu\/2026\/01\/el-tiempu-el-comercio-250\/","title":{"rendered":"El tiempu (El Comercio)"},"content":{"rendered":"<p style=\"text-align: center\"><a href=\"https:\/\/s1.ppllstatics.com\/elcomercio\/www\/multimedia\/2026\/01\/30\/tiempo-asturias-kXMD-U2302588077118HVD-1200x870@El%20Comercio.jpg\"><img loading=\"lazy\" decoding=\"async\" class=\"aligncenter size-large\" src=\"https:\/\/s1.ppllstatics.com\/elcomercio\/www\/multimedia\/2026\/01\/30\/tiempo-asturias-kXMD-U2302588077118HVD-1200x870@El%20Comercio.jpg\" width=\"1200\" height=\"870\" \/><\/a><\/p>\n<p><strong>Vamos amanecer<\/strong> con cielos nublos y con dellos bastios que van dexar nieve a partir de los 700 metros aprosimao. <strong>A lo llargo de la ma\u00f1ana<\/strong> esta inestabilid\u00e1 va unviar por completu y, inclusive, quepe la posibilid\u00e1 de que s&#8217;abrir\u00e1nr grandes claros nel cielu. Comoquier, nun se refuga que les nubes vuelvan aumentar <strong>antes d&#8217;acabar el d\u00eda. Los vientos<\/strong> van soplar d&#8217;oeste-suroeste moderaos con raches fuertes sobremanera na mari\u00f1a y zones elevaes del oeste y del cordal, con encl\u00edn a perder intensid\u00e1 conforme trescurran les hores. <strong>Les temperatures<\/strong> apenes van variar al respective de les del vienres. <strong>Les m\u00e1ximes<\/strong> nam\u00e1 van poder baxar un pocu nel interior oriental ente que nel restu nun van esperimentar cambeos. <strong>Les m\u00ednimes<\/strong> van ser casi un calcu a les anotaes al vienres. Na mar va tar activ\u00e1u l&#8217;avisu naranxa mientres tola xornada por foles d&#8217;hasta 8 metros d&#8217;altor.<\/p>\n<p style=\"text-align: center\"><!--more--><\/p>\n<p><strong>El domingu<\/strong> vamos concluyir la selmana con nubes y delles precipitaciones mientres les primeres hores de la ma\u00f1ana, pero&#8217;l tiempu volver\u00e1 estabilizase mientres la ma\u00f1ana con intervalos de nubes altes a lo sumo pela tarde. Les temperatures m\u00e1ximes van xubir en tol interior y les m\u00ednimes van facelo de forma xeneralizada y, de forma notable, concretamente nel occidente. Los vientos van ser moderaos a lo sumo y l&#8217;avisu na mar por foles va concluyir a les 8 de la ma\u00f1ana.<\/p>\n","protected":false},"excerpt":{"rendered":"<p>Vamos amanecer con cielos nublos y con dellos bastios que van dexar nieve a partir de los 700 metros aprosimao. A lo llargo de la ma\u00f1ana esta inestabilid\u00e1 va unviar por completu y, inclusive, quepe la posibilid\u00e1 de que s&#8217;abrir\u00e1nr grandes claros nel cielu. Comoquier, nun se refuga que les nubes vuelvan aumentar antes d&#8217;acabar [&hellip;]<\/p>\n","protected":false},"author":117,"featured_media":0,"comment_status":"closed","ping_status":"closed","sticky":false,"template":"","format":"standard","meta":{"footnotes":""},"categories":[5],"tags":[],"class_list":["post-67114","post","type-post","status-publish","format-standard","hentry","category-tiempu"],"_links":{"self":[{"href":"https:\/\/edublog.educastur.es\/ixuxu\/wp-json\/wp\/v2\/posts\/67114","targetHints":{"allow":["GET"]}}],"collection":[{"href":"https:\/\/edublog.educastur.es\/ixuxu\/wp-json\/wp\/v2\/posts"}],"about":[{"href":"https:\/\/edublog.educastur.es\/ixuxu\/wp-json\/wp\/v2\/types\/post"}],"author":[{"embeddable":true,"href":"https:\/\/edublog.educastur.es\/ixuxu\/wp-json\/wp\/v2\/users\/117"}],"replies":[{"embeddable":true,"href":"https:\/\/edublog.educastur.es\/ixuxu\/wp-json\/wp\/v2\/comments?post=67114"}],"version-history":[{"count":3,"href":"https:\/\/edublog.educastur.es\/ixuxu\/wp-json\/wp\/v2\/posts\/67114\/revisions"}],"predecessor-version":[{"id":67117,"href":"https:\/\/edublog.educastur.es\/ixuxu\/wp-json\/wp\/v2\/posts\/67114\/revisions\/67117"}],"wp:attachment":[{"href":"https:\/\/edublog.educastur.es\/ixuxu\/wp-json\/wp\/v2\/media?parent=67114"}],"wp:term":[{"taxonomy":"category","embeddable":true,"href":"https:\/\/edublog.educastur.es\/ixuxu\/wp-json\/wp\/v2\/categories?post=67114"},{"taxonomy":"post_tag","embeddable":true,"href":"https:\/\/edublog.educastur.es\/ixuxu\/wp-json\/wp\/v2\/tags?post=67114"}],"curies":[{"name":"wp","href":"https:\/\/api.w.org\/{rel}","templated":true}]}}