{"id":67124,"date":"2026-01-30T09:30:14","date_gmt":"2026-01-30T07:30:14","guid":{"rendered":"https:\/\/edublog.educastur.es\/ixuxu\/?p=67124"},"modified":"2026-01-31T20:32:12","modified_gmt":"2026-01-31T18:32:12","slug":"el-colexu-santa-maria-del-naranco-sofita-la-causa-de-el-angel-de-javi","status":"publish","type":"post","link":"https:\/\/edublog.educastur.es\/ixuxu\/2026\/01\/el-colexu-santa-maria-del-naranco-sofita-la-causa-de-el-angel-de-javi\/","title":{"rendered":"El colexu Santa Mar\u00eda del Naranco sofita la causa de &#8216;El \u00c1ngel de Javi&#8217;"},"content":{"rendered":"<p class=\"text-2xl font-bold font-serif leading-tight max-w-[65ch] mb-1.5\">El colexu Santa Mar\u00eda del Naranco sofita la causa de &#8216;El \u00c1ngel de Javi&#8217; nel D\u00eda de la Paz nes aules. <a href=\"https:\/\/www.rtpa.es\/noticias-asturias-ast\/2026-01-30\/El-colexu-Santa-Maria-del-Naranco-sofita-la-causa-de-'El-Angel-de-Javi'-nel-Dia-de-la-Paz-nes-aules%E2%80%82%E2%80%82%E2%80%82%E2%80%82-%E2%80%82%E2%80%82_111769780996.html\">TPA.<\/a><\/p>\n<p style=\"text-align: center\"><a href=\"https:\/\/www.rtpa.es\/fotos\/\/26\/01\/20260130132509_RTPA7655850.webp\"><img loading=\"lazy\" decoding=\"async\" class=\"aligncenter size-large\" src=\"https:\/\/www.rtpa.es\/fotos\/\/26\/01\/20260130132509_RTPA7655850.webp\" width=\"853\" height=\"480\" \/><\/a><\/p>\n<div id=\"noticiacompleta\" class=\"col-span-12 lg:col-span-6 lg:col-start-3\">\n<div class=\"flow rtpa-prose text-lg leading-tight mb-6\">Movimientu de sofitu al ne\u00f1u d&#8217;Uvi\u00e9u que sufre la enfermed\u00e1 ultra rara de Nedamss.<\/div>\n<div><!--more--><\/div>\n<div class=\"flow rtpa-prose text-base text-neutral-700\">\n<p>Un total de 24 colexos de toa Asturies, con m\u00e1s de 20.000 alumnos, participaron en delles carreres solidaries pa sofitar la causa &#8216;El \u00c1ngel de Javi&#8217;, el movimientu de sofitu al ne\u00f1u d&#8217;Uvi\u00e9u que sufre la enfermed\u00e1 de Nedamss, una enfermed\u00e1 ultra rara dientro de la xornada que conmemora&#8217;l D\u00eda de la Paz y la Non Violencia nes aules y que se celebra por mor del aniversariu de la muerte de Mahatma Gandhi.<\/p>\n<p>Nel colexu de Javi, el Santa Mar\u00eda del Naranco, n&#8217;Uvi\u00e9u, los sos compa\u00f1eros lleeron un manifiestu en favor del respetu, la tolerancia y la compasi\u00f3n ente iguales.<\/p>\n<p>Depu\u00e9s, nel patiu del colexu, Javi encabez\u00f3 la carrera solidaria ayud\u00e1u por dellos de los sos compa\u00f1eros qu\u2019emburriaron la so siella de ruedes.<\/p>\n<\/div>\n<\/div>\n<p>&nbsp;<\/p>\n","protected":false},"excerpt":{"rendered":"<p>El colexu Santa Mar\u00eda del Naranco sofita la causa de &#8216;El \u00c1ngel de Javi&#8217; nel D\u00eda de la Paz nes aules. TPA. Movimientu de sofitu al ne\u00f1u d&#8217;Uvi\u00e9u que sufre la enfermed\u00e1 ultra rara de Nedamss.<\/p>\n","protected":false},"author":117,"featured_media":0,"comment_status":"closed","ping_status":"closed","sticky":false,"template":"","format":"standard","meta":{"footnotes":""},"categories":[6],"tags":[],"class_list":["post-67124","post","type-post","status-publish","format-standard","hentry","category-dia-de"],"_links":{"self":[{"href":"https:\/\/edublog.educastur.es\/ixuxu\/wp-json\/wp\/v2\/posts\/67124","targetHints":{"allow":["GET"]}}],"collection":[{"href":"https:\/\/edublog.educastur.es\/ixuxu\/wp-json\/wp\/v2\/posts"}],"about":[{"href":"https:\/\/edublog.educastur.es\/ixuxu\/wp-json\/wp\/v2\/types\/post"}],"author":[{"embeddable":true,"href":"https:\/\/edublog.educastur.es\/ixuxu\/wp-json\/wp\/v2\/users\/117"}],"replies":[{"embeddable":true,"href":"https:\/\/edublog.educastur.es\/ixuxu\/wp-json\/wp\/v2\/comments?post=67124"}],"version-history":[{"count":1,"href":"https:\/\/edublog.educastur.es\/ixuxu\/wp-json\/wp\/v2\/posts\/67124\/revisions"}],"predecessor-version":[{"id":67125,"href":"https:\/\/edublog.educastur.es\/ixuxu\/wp-json\/wp\/v2\/posts\/67124\/revisions\/67125"}],"wp:attachment":[{"href":"https:\/\/edublog.educastur.es\/ixuxu\/wp-json\/wp\/v2\/media?parent=67124"}],"wp:term":[{"taxonomy":"category","embeddable":true,"href":"https:\/\/edublog.educastur.es\/ixuxu\/wp-json\/wp\/v2\/categories?post=67124"},{"taxonomy":"post_tag","embeddable":true,"href":"https:\/\/edublog.educastur.es\/ixuxu\/wp-json\/wp\/v2\/tags?post=67124"}],"curies":[{"name":"wp","href":"https:\/\/api.w.org\/{rel}","templated":true}]}}