{"id":67136,"date":"2026-01-31T10:10:25","date_gmt":"2026-01-31T08:10:25","guid":{"rendered":"https:\/\/edublog.educastur.es\/ixuxu\/?p=67136"},"modified":"2026-01-31T21:21:42","modified_gmt":"2026-01-31T19:21:42","slug":"conseyos-dautoproteccion-nel-monte","status":"publish","type":"post","link":"https:\/\/edublog.educastur.es\/ixuxu\/2026\/01\/conseyos-dautoproteccion-nel-monte\/","title":{"rendered":"Conseyos d&#8217;autoprotecci\u00f3n nel monte"},"content":{"rendered":"<div class=\"html-div xdj266r x14z9mp xat24cr x1lziwak xexx8yu x1a8lsjc xf7dkkf xv54qhq\">\n<div class=\"html-div xdj266r x14z9mp xat24cr x1lziwak xexx8yu xyri2b x18d9i69 x1c1uobl x1jx94hy x78zum5 x1q0g3np\">\n<div class=\"x78zum5 xdt5ytf xz62fqu x16ldp7u\">\n<div class=\"xu06os2 x1ok221b\">\n<div class=\"html-div xdj266r x14z9mp xat24cr x1lziwak xexx8yu xyri2b x18d9i69 x1c1uobl\" data-ad-rendering-role=\"profile_name\">\n<ul>\n<li class=\"html-h3 x14z9mp xat24cr x1lziwak xexx8yu xyri2b x18d9i69 x1c1uobl x1vvkbs x1heor9g x1qlqyl8 x1pd3egz x1a2a7pz x1gslohp x1yc453h\"><span class=\"x1lliihq x6ikm8r x10wlt62 x1n2onr6\"><span class=\"xt0psk2\"><span class=\"xjp7ctv\"><a class=\"x1i10hfl xjbqb8w x1ejq31n x18oe1m7 x1sy0etr xstzfhl x972fbf x10w94by x1qhh985 x14e42zd x9f619 x1ypdohk xt0psk2 x3ct3a4 xdj266r x14z9mp xat24cr x1lziwak xexx8yu xyri2b x18d9i69 x1c1uobl x16tdsg8 x1hl2dhg xggy1nq x1a2a7pz xkrqix3 x1sur9pj xzsf02u x1s688f\" role=\"link\" href=\"https:\/\/www.facebook.com\/MovilidadAsturias?__cft__[0]=AZY2a-X9k_zknRdMgA6BI8VHRqFDzN5VxoWc9XNKDf26IX0KtyYiW9oM-BUPLDDOZUnuS4K4ElCkoP20Mu_itt9YgXCKAUKaFluWhmtuSW8k7-Qer7eQFnx4CG24anSqSEFUz7PwnYRA54wv3d_WBrlqUepZp28dTYp2DMD-yKD_TGvP-XZ7geEYcfSs9pUaLI5irKNeUCr1lJPegmQjUrAF&amp;__tn__=-UC%2CP-y-R\"><b class=\"html-b xdj266r x14z9mp xat24cr x1lziwak xexx8yu xyri2b x18d9i69 x1c1uobl x1hl2dhg x16tdsg8 x1vvkbs x1s688f\"><span class=\"html-span xdj266r x14z9mp xat24cr x1lziwak xexx8yu xyri2b x18d9i69 x1c1uobl x1hl2dhg x16tdsg8 x1vvkbs\">Consejer\u00eda de Movilidad, Medio Ambiente y Gesti\u00f3n de Emergencias<\/span><\/b><\/a><\/span><\/span><\/span><\/li>\n<\/ul>\n<\/div>\n<\/div>\n<div class=\"xu06os2 x1ok221b\"><\/div>\n<\/div>\n<\/div>\n<\/div>\n<div class=\"html-div xdj266r x14z9mp xat24cr x1lziwak xexx8yu xyri2b x18d9i69 x1c1uobl\" dir=\"auto\">\n<div class=\"html-div xdj266r x14z9mp xat24cr x1lziwak xexx8yu xyri2b x18d9i69 x1c1uobl\" dir=\"auto\">\n<div class=\"html-div xdj266r x14z9mp xat24cr x1lziwak xexx8yu xyri2b x18d9i69 x1c1uobl\" data-ad-rendering-role=\"story_message\">\n<div class=\"x1l90r2v x1iorvi4 x1g0dm76 xpdmqnj\" data-ad-comet-preview=\"message\" data-ad-preview=\"message\">\n<div class=\"x78zum5 xdt5ytf xz62fqu x16ldp7u\">\n<div class=\"xu06os2 x1ok221b\">\n<div class=\"html-div xdj266r x14z9mp xat24cr x1lziwak xexx8yu xyri2b x18d9i69 x1c1uobl\">\n<div class=\"x14z9mp xat24cr x1lziwak x1vvkbs xtlvy1s x126k92a\">\n<div dir=\"auto\" style=\"text-align: center\">\n<!-- iframe plugin v.6.0 wordpress.org\/plugins\/iframe\/ -->\n<iframe loading=\"lazy\" src=\"https:\/\/www.facebook.com\/plugins\/post.php?href=https%3A%2F%2Fwww.facebook.com%2FMovilidadAsturias%2Fposts%2Fpfbid0d64nRfcdNSq8AtkFsM37wfqvcM4XBKGDo3wBjpX3gD86fFGLPfG5wgaV4uBjb1zEl&#038;show_text=false&#038;width=500\" width=\"500\" height=\"498\" style=\"border:none;overflow:hidden\" scrolling=\"no\" frameborder=\"0\" allowfullscreen=\"true\" allow=\"autoplay; clipboard-write; encrypted-media; picture-in-picture; web-share\" 0=\"\/iframe\" class=\"iframe-class\"><\/iframe>\n<\/div>\n<div dir=\"auto\"><strong>\u00bfEntames salir al monte estos d\u00edes? <\/strong><span style=\"color: #008080\"><em>Antes de faelo, sigue estos conseyos d&#8217;autoprotecci\u00f3n del 112 Asturies:<\/em><\/span><\/div>\n<ul>\n<li dir=\"auto\"><span style=\"color: #008080\"><em>Plania la to ruta y l&#8217;activid\u00e1<\/em><\/span><\/li>\n<li dir=\"auto\"><span style=\"color: #008080\"><em>Informa a daqui\u00e9n del to percorr\u00edu <\/em><\/span><\/li>\n<li dir=\"auto\"><span style=\"color: #008080\"><em>Lleva la equipaci\u00f3n fayadiza <\/em><\/span><\/li>\n<li dir=\"auto\"><span style=\"color: #008080\"><em>Incl\u00fai un botiqu\u00edn b\u00e1sicu <\/em><\/span><\/li>\n<li dir=\"auto\"><span style=\"color: #008080\"><em>Sal col m\u00f3vil carg\u00e1u <\/em><\/span><\/li>\n<li dir=\"auto\"><span style=\"color: #008080\"><em>Esfruta de la naturaleza con segurid\u00e1.<\/em><\/span><\/li>\n<\/ul>\n<\/div>\n<\/div>\n<\/div>\n<\/div>\n<\/div>\n<\/div>\n<\/div>\n<\/div>\n","protected":false},"excerpt":{"rendered":"<p>Consejer\u00eda de Movilidad, Medio Ambiente y Gesti\u00f3n de Emergencias \u00bfEntames salir al monte estos d\u00edes? Antes de faelo, sigue estos conseyos d&#8217;autoprotecci\u00f3n del 112 Asturies: Plania la to ruta y l&#8217;activid\u00e1 Informa a daqui\u00e9n del to percorr\u00edu Lleva la equipaci\u00f3n fayadiza Incl\u00fai un botiqu\u00edn b\u00e1sicu Sal col m\u00f3vil carg\u00e1u Esfruta de la naturaleza con segurid\u00e1.<\/p>\n","protected":false},"author":117,"featured_media":0,"comment_status":"closed","ping_status":"closed","sticky":false,"template":"","format":"standard","meta":{"footnotes":""},"categories":[311,48],"tags":[],"class_list":["post-67136","post","type-post","status-publish","format-standard","hentry","category-montes","category-salu"],"_links":{"self":[{"href":"https:\/\/edublog.educastur.es\/ixuxu\/wp-json\/wp\/v2\/posts\/67136","targetHints":{"allow":["GET"]}}],"collection":[{"href":"https:\/\/edublog.educastur.es\/ixuxu\/wp-json\/wp\/v2\/posts"}],"about":[{"href":"https:\/\/edublog.educastur.es\/ixuxu\/wp-json\/wp\/v2\/types\/post"}],"author":[{"embeddable":true,"href":"https:\/\/edublog.educastur.es\/ixuxu\/wp-json\/wp\/v2\/users\/117"}],"replies":[{"embeddable":true,"href":"https:\/\/edublog.educastur.es\/ixuxu\/wp-json\/wp\/v2\/comments?post=67136"}],"version-history":[{"count":2,"href":"https:\/\/edublog.educastur.es\/ixuxu\/wp-json\/wp\/v2\/posts\/67136\/revisions"}],"predecessor-version":[{"id":67166,"href":"https:\/\/edublog.educastur.es\/ixuxu\/wp-json\/wp\/v2\/posts\/67136\/revisions\/67166"}],"wp:attachment":[{"href":"https:\/\/edublog.educastur.es\/ixuxu\/wp-json\/wp\/v2\/media?parent=67136"}],"wp:term":[{"taxonomy":"category","embeddable":true,"href":"https:\/\/edublog.educastur.es\/ixuxu\/wp-json\/wp\/v2\/categories?post=67136"},{"taxonomy":"post_tag","embeddable":true,"href":"https:\/\/edublog.educastur.es\/ixuxu\/wp-json\/wp\/v2\/tags?post=67136"}],"curies":[{"name":"wp","href":"https:\/\/api.w.org\/{rel}","templated":true}]}}