{"id":67142,"date":"2026-01-31T20:30:52","date_gmt":"2026-01-31T18:30:52","guid":{"rendered":"https:\/\/edublog.educastur.es\/ixuxu\/?p=67142"},"modified":"2026-01-31T21:01:41","modified_gmt":"2026-01-31T19:01:41","slug":"rellume-unu-de-los-grupos-que-van-tocar-nel-iv-semando-fest","status":"publish","type":"post","link":"https:\/\/edublog.educastur.es\/ixuxu\/2026\/01\/rellume-unu-de-los-grupos-que-van-tocar-nel-iv-semando-fest\/","title":{"rendered":"Rellume, unu de los grupos que van tocar nel IV Semando Fest"},"content":{"rendered":"<div class=\"elementor-element elementor-element-667e3c7 elementor-widget__width-inherit elementor-widget elementor-widget-theme-post-title elementor-page-title elementor-widget-heading\" data-id=\"667e3c7\" data-element_type=\"widget\" data-widget_type=\"theme-post-title.default\">\n<div class=\"elementor-widget-container\">\n<p class=\"elementor-heading-title elementor-size-default\"><em>\u00abHai un movimientu incre\u00edble agora mesmo, con proyectos de munch\u00edsima calid\u00e1 y moced\u00e1 faciendo coses perinteresantes\u00bb <\/em>Ana Feito, Alba Su\u00e1rez y Alba Estrada formen<strong> Rellume, unu de los grupos que van tocar nel IV Semando Fest. <\/strong><a href=\"https:\/\/musicasturiana.com\/hai-un-movimientu-increible-agora-mesmo-con-proyectos-de-munchisima-calida-y-moceda-faciendo-coses-perinteresantes\/\">Musicasturiana.com<\/a><\/p>\n<\/div>\n<\/div>\n<p style=\"text-align: center\"><a href=\"https:\/\/musicasturiana.com\/wp-content\/uploads\/2025\/12\/Rellume-Semando-Fest.png\"><img loading=\"lazy\" decoding=\"async\" class=\"aligncenter \" src=\"https:\/\/musicasturiana.com\/wp-content\/uploads\/2025\/12\/Rellume-Semando-Fest.png\" width=\"633\" height=\"791\" \/><\/a><\/p>\n<p><strong>Rellume<\/strong>, el tr\u00edu de pandereteres moces, ye una de les bandes que nuna semana va xubir al escenariu de la Lata de Zinc d\u2019Uvi\u00e9u, dientro de la cuarta edici\u00f3n del <strong><a href=\"https:\/\/entradium.com\/es\/events\/iv-semando-fest\" target=\"_blank\" rel=\"noopener\">Semando Fest<\/a><\/strong>.<\/p>\n<p><!--more--><\/p>\n<p>Magar de la so moced\u00e1, el grupu y\u00e1 comparti\u00f3 escenariu con S\u00fcne y Catuxa Salom nel festival <strong>Art\u00edstiques<\/strong>, con <strong>Herbamora<\/strong> en La Pola Siero y fueron unu de los grupos que tocaron na \u00faltima edici\u00f3n del Cachu Fest. Con elles falamos del <strong>presente y futuru<\/strong> de la m\u00fasica tradicional.<\/p>\n<div class=\"elementor-element elementor-element-a767a8c elementor-widget__width-inherit elementor-widget elementor-widget-theme-post-content\" data-id=\"a767a8c\" data-element_type=\"widget\" data-widget_type=\"theme-post-content.default\">\n<div class=\"elementor-widget-container\">\n<p><strong>Pa quien ent\u00e1 nun vos conoz, \u00bfc\u00f3mo presentar\u00edais a Rellume en poques pallabres?<\/strong><\/p>\n<p>Dir\u00edemos que Rellume ye un grupu form\u00e1u por tres muyeres x\u00f3venes que con esti proyectu musical busquen tresmitir la so pasi\u00f3n y espresi\u00f3n propia, de la m\u00fasica tradicional enfotada a montar filera pal baille.<\/p>\n<div class=\"wp-block-spacer\" aria-hidden=\"true\"><\/div>\n<p><strong>\u00bfRecord\u00e1is el momentu nel que pens\u00e1steis: \u201cesti proyectu tien que salir alantre xuntes\u201d?<\/strong><\/p>\n<p>\u00a1De xuru! Ye un recuerdu grab\u00e1u a fueu, siempres lu cuntamos. Foi nel FolkAyer del 2024, onde surdi\u00f3 la idea. Esa nueche echamos un baille tres d\u2019otru y cuando paramos a cenar dalgo, Alba Su\u00e1rez salt\u00f3 con: \u201cAi, qu\u00e9 guapo sedr\u00eda montar un grup\u00edn pa cantar y que la xente baille y lo esfrute tanto como nosotres\u201d, comentariu al que nun fizo falta da-y m\u00e1s vuelta. Ensin pensalo muncho m\u00e1s, propunx\u00edmonos seriamente l\u2019entamar a xuntanos y pues equ\u00ed tamos.<\/p>\n<div class=\"wp-block-spacer\" aria-hidden=\"true\"><\/div>\n<blockquote class=\"wp-block-quote is-style-large is-layout-flow wp-block-quote-is-layout-flow\"><p><mark class=\"has-inline-color\">\u00abRellume como colectivu ye esa chispa que la m\u00fasica tradi nos fai sentir y que queremos proyectar\u00bb<\/mark><\/p><\/blockquote>\n<div class=\"wp-block-spacer\" aria-hidden=\"true\"><\/div>\n<p><strong>El nome Rellume suxere lluz, destellu\u2026 \u00bfqu\u00e9 significa pa vosotres?<\/strong><\/p>\n<p>Cuando t\u00e1bemos en b\u00fasqueda del nome que diba representar el conxuntu que formamos les tres, quer\u00edemos una pallabra que reflexara la enerx\u00eda que se xenera nel baille y na percusi\u00f3n. Al final, Rellume como colectivu ye eso, esa chispa que la m\u00fasica tradi nos fai sentir y que queremos proyectar. Ye, de dalguna manera, volver a da-y lluz y saca-y provechu a cantares y bailles d\u2019anta\u00f1o pa caltenelos con n\u00f3s angua\u00f1o.<\/p>\n<div class=\"wp-block-spacer\" aria-hidden=\"true\"><\/div>\n<p><strong>\u00bfC\u00f3mo ye\u2019l vuestru procesu pa llevar la tradici\u00f3n al escenariu ensin que pierda\u2019l so raiga\u00f1u?<\/strong><\/p>\n<p>La base ye\u2019l respetu fonderu polo que facemos, y polos y poles que nos lo ense\u00f1aron y ense\u00f1en. Escuchamos munchu archivu, pero nun buscamos copiar y pegar tal cual como se documentara. La clave ta en caltener los<br \/>\nritmos y l\u2019esp\u00edritu del baille, pero dexando que la nuesa personalid\u00e1 y les nueses voces fluyan con naturalid\u00e1 en base a esto.<\/p>\n<div class=\"wp-block-spacer\" aria-hidden=\"true\"><\/div>\n<blockquote class=\"wp-block-quote is-style-large is-layout-flow wp-block-quote-is-layout-flow\"><p><mark class=\"has-inline-color\">\u00abNun va ser un conciertu pa quedase mirando; apostamos por una propuesta que faiga al p\u00fablicu participar, cantar y sobre manera, gastar suela baillando\u00bb<\/mark><\/p><\/blockquote>\n<div class=\"wp-block-spacer\" aria-hidden=\"true\"><\/div>\n<p><strong>\u00bfQu\u00e9 llugar ocupa la pandereta na vuesa vida musical y personal?<\/strong><\/p>\n<p>Ye muncho m\u00e1s qu\u2019un simple instrumentu. La pandereta ye la nuesa forma de conectar cola nuesa tierra, col pas\u00e1u y cola xente que tenemos delantre. Ye una ferramienta d\u2019empoderamientu que nos dexa espresanos cantando.<\/p>\n<div class=\"wp-block-spacer\" aria-hidden=\"true\"><\/div>\n<p><strong>Vais actuar nel Semando Fest. \u00bfQu\u00e9 pue esperar el p\u00fablicu del conciertu de Rellume?<\/strong><\/p>\n<p>\u00a1Muncha enerx\u00eda y ganes de pasalo perbi\u00e9n! Nun va ser un conciertu pa quedase mirando; apostamos por una propuesta que faiga al p\u00fablicu participar, cantar y sobre manera, gastar suela baillando. Vamos facer un percorr\u00edu per ritmos variaos del pa\u00eds, pero siempre col env\u00eds de que la folixa nun pare.<\/p>\n<div class=\"wp-block-spacer\" aria-hidden=\"true\"><\/div>\n<blockquote class=\"wp-block-quote is-style-large is-layout-flow wp-block-quote-is-layout-flow\"><p><mark class=\"has-inline-color\">\u00abQue se dean espacios a la moced\u00e1 pa facer cultura propia ye lo que garantiza que la m\u00fasica siga viva y non estancada. Sent\u00edmonos mui agradec\u00edes y responsables\u00bb<\/mark><\/p><\/blockquote>\n<div class=\"wp-block-spacer\" aria-hidden=\"true\"><\/div>\n<p><strong>\u00bfQu\u00e9 tien d\u2019especial tocar nun festival que sofita la cultura y, especialmente, la cultura fecha por xente mozo?<\/strong><\/p>\n<p>Ye daqu\u00e9 fundamental. Que se dean espacios a la moced\u00e1 pa facer cultura propia ye lo que garantiza que la m\u00fasica siga viva y non estancada. Sent\u00edmonos mui agradec\u00edes y responsables. Tocar nel Semando ye dalgo<br \/>\nmui especial, l\u2019a\u00f1u pas\u00e1u t\u00e1bemos como espectadores y qu\u2019agora vayamos xubir al escenariu, ye una pasada. Proyectos como\u2019l Semando dexen que les nueves xeneraciones se den a conecer y animen a otros a llanzase. Al final, ver a xente mozo faciendo esto ye lo que normaliza la nuesa m\u00fasica y fai que la rueda siga xirando.<\/p>\n<div class=\"wp-block-spacer\" aria-hidden=\"true\"><\/div>\n<p><strong>\u00bfQu\u00e9 significa pa vosotres formar parte del momentu actual de la m\u00fasica tradicional asturiana?<\/strong><\/p>\n<p>Sent\u00edmonos mui afortunaes. Hai un movimientu incre\u00edble agora mesmo, con proyectos de munch\u00edsima calid\u00e1 y moced\u00e1 faciendo coses perinteresantes. Tar eh\u00ed met\u00edes, aportando\u2019l nuesu gran\u00edn de sable, xunto a tantos<br \/>\ncompa\u00f1eros y compa\u00f1eres talentoses, como son los grupazos colos que compartimos cartelu, da munchu aliendu pa siguir. Sentimos qu\u2019hai una comunid\u00e1 mui fuerte emburriando p\u2019alantre.<\/p>\n<div class=\"wp-block-spacer\" aria-hidden=\"true\"><\/div>\n<p><strong>Pa quien tea dudando en dir a la vuestra actuaci\u00f3n, \u00bfpor qu\u00e9 nun tendr\u00eda que perdelo?<\/strong><\/p>\n<p>Porque l\u2019ambiente va ser d\u2019esos que presten. Un espaciu vivu, con xente allegre y con muncha gana de folixa. Vamos crear un ambiente ente toos y toes nel que se pueda desconectar, vivir el momentu y sobre too, esfrutar de lo que nos une a les que taremos ell\u00ed, la pasi\u00f3n pola m\u00fasica de raiga\u00f1u y l\u2019arguyu de pertenencia a esti pa\u00eds y a la so cultura.<\/p>\n<\/div>\n<\/div>\n<div class=\"elementor-element elementor-element-6d96732 elementor-widget__width-inherit elementor-post-navigation-borders-yes elementor-widget elementor-widget-post-navigation\" data-id=\"6d96732\" data-element_type=\"widget\" data-widget_type=\"post-navigation.default\">\n<div class=\"elementor-widget-container\">\n<div class=\"elementor-post-navigation\">\n<div class=\"elementor-post-navigation__prev elementor-post-navigation__link\"><\/div>\n<div class=\"elementor-post-navigation__separator-wrapper\">\n<div class=\"elementor-post-navigation__separator\"><\/div>\n<\/div>\n<div class=\"elementor-post-navigation__next elementor-post-navigation__link\"><\/div>\n<\/div>\n<\/div>\n<\/div>\n","protected":false},"excerpt":{"rendered":"<p>\u00abHai un movimientu incre\u00edble agora mesmo, con proyectos de munch\u00edsima calid\u00e1 y moced\u00e1 faciendo coses perinteresantes\u00bb Ana Feito, Alba Su\u00e1rez y Alba Estrada formen Rellume, unu de los grupos que van tocar nel IV Semando Fest. Musicasturiana.com Rellume, el tr\u00edu de pandereteres moces, ye una de les bandes que nuna semana va xubir al escenariu [&hellip;]<\/p>\n","protected":false},"author":117,"featured_media":0,"comment_status":"closed","ping_status":"closed","sticky":false,"template":"","format":"standard","meta":{"footnotes":""},"categories":[35,125],"tags":[],"class_list":["post-67142","post","type-post","status-publish","format-standard","hentry","category-musica","category-musicasturiana-com"],"_links":{"self":[{"href":"https:\/\/edublog.educastur.es\/ixuxu\/wp-json\/wp\/v2\/posts\/67142","targetHints":{"allow":["GET"]}}],"collection":[{"href":"https:\/\/edublog.educastur.es\/ixuxu\/wp-json\/wp\/v2\/posts"}],"about":[{"href":"https:\/\/edublog.educastur.es\/ixuxu\/wp-json\/wp\/v2\/types\/post"}],"author":[{"embeddable":true,"href":"https:\/\/edublog.educastur.es\/ixuxu\/wp-json\/wp\/v2\/users\/117"}],"replies":[{"embeddable":true,"href":"https:\/\/edublog.educastur.es\/ixuxu\/wp-json\/wp\/v2\/comments?post=67142"}],"version-history":[{"count":2,"href":"https:\/\/edublog.educastur.es\/ixuxu\/wp-json\/wp\/v2\/posts\/67142\/revisions"}],"predecessor-version":[{"id":67144,"href":"https:\/\/edublog.educastur.es\/ixuxu\/wp-json\/wp\/v2\/posts\/67142\/revisions\/67144"}],"wp:attachment":[{"href":"https:\/\/edublog.educastur.es\/ixuxu\/wp-json\/wp\/v2\/media?parent=67142"}],"wp:term":[{"taxonomy":"category","embeddable":true,"href":"https:\/\/edublog.educastur.es\/ixuxu\/wp-json\/wp\/v2\/categories?post=67142"},{"taxonomy":"post_tag","embeddable":true,"href":"https:\/\/edublog.educastur.es\/ixuxu\/wp-json\/wp\/v2\/tags?post=67142"}],"curies":[{"name":"wp","href":"https:\/\/api.w.org\/{rel}","templated":true}]}}