{"id":67148,"date":"2026-01-31T08:45:51","date_gmt":"2026-01-31T06:45:51","guid":{"rendered":"https:\/\/edublog.educastur.es\/ixuxu\/?p=67148"},"modified":"2026-01-31T21:07:59","modified_gmt":"2026-01-31T19:07:59","slug":"espana-ente-un-tren-infinitu-dagua-y-vientu","status":"publish","type":"post","link":"https:\/\/edublog.educastur.es\/ixuxu\/2026\/01\/espana-ente-un-tren-infinitu-dagua-y-vientu\/","title":{"rendered":"Espa\u00f1a, \u00e9nte un tren infinitu d&#8217;agua y vientu"},"content":{"rendered":"<p>Espa\u00f1a, \u00e9nte un tren infinitu d&#8217;agua y vientu: Leonardo podr\u00eda convertise na sesta umbada de gran impactu en cutir la Pen\u00ednsula.\u00a0 Nes pr\u00f3ximes hores esp\u00e9rase la llegada de nueves umbaes atl\u00e1ntiques que van dexar una nueva riola d&#8217;envernaes mar\u00edtimes l&#8217;Atl\u00e1nticu y nel Mediterr\u00e1neu. Magar la nueva umbada trai agua, vientu, nieve y foles, va dar xuna tregua hasta la llegada d&#8217;otra esti domingu. Dos anticiclones son los causantes del pasiellu d&#8217;umbaes d&#8217;estes \u00faltimes selmanes.<\/p>\n<p style=\"text-align: center\"><a href=\"https:\/\/fotografias.lasexta.com\/clipping\/cmsimages02\/2026\/01\/30\/1C951CC0-F8AB-445A-8A59-33930DE7B6CF\/espana-tren-infinito-lluvia-viento-leonardo-podria-convertirse-quinta-borrasca-consecutiva_167.jpg?crop=1920,1080,x0,y0&amp;width=1266&amp;height=712&amp;optimize=low&amp;format=webply\"><img loading=\"lazy\" decoding=\"async\" class=\"aligncenter size-large\" src=\"https:\/\/fotografias.lasexta.com\/clipping\/cmsimages02\/2026\/01\/30\/1C951CC0-F8AB-445A-8A59-33930DE7B6CF\/espana-tren-infinito-lluvia-viento-leonardo-podria-convertirse-quinta-borrasca-consecutiva_167.jpg?crop=1920,1080,x0,y0&amp;width=1266&amp;height=712&amp;optimize=low&amp;format=webply\" width=\"1266\" height=\"712\" \/><\/a><\/p>\n<p>Goretti, Harry, Ingrid, Joseph, Kristin\u2026 y podr\u00eda llegar Leonardo. Esti mes de xineru apunta a ser unu de los m\u00e1s lluviosos nos \u00faltimos a\u00f1os n&#8217;Espa\u00f1a, y esta concatenaci\u00f3n d&#8217;umbaes podr\u00eda nun tener fin nel curtiu plazu.<\/p>\n<p><!--more--><\/p>\n<p>Nes pr\u00f3ximes hores esp\u00e9rase la llegada de nueves umbaes atl\u00e1ntiques que van dexar una nueva riola d&#8217;envernaes mar\u00edtimes l&#8217;Atl\u00e1nticu y nel Mediterr\u00e1neu. Am\u00e1s, podr\u00edamos siguir teniendo vientos furacanados y fuertes ag\u00fces en bona parte de la Pen\u00ednsula a partir d&#8217;esti vienres.<\/p>\n<p>Tamos \u00e9nte lo que se llama un pasiellu d&#8217;umbaes, esto ye, tr\u00e1tase d&#8217;una especie d&#8217;autopista ente dos anticiclones polos que se colen les umbaes de forma directa escontra la Pen\u00ednsula Ib\u00e9rica.<\/p>\n","protected":false},"excerpt":{"rendered":"<p>Espa\u00f1a, \u00e9nte un tren infinitu d&#8217;agua y vientu: Leonardo podr\u00eda convertise na sesta umbada de gran impactu en cutir la Pen\u00ednsula.\u00a0 Nes pr\u00f3ximes hores esp\u00e9rase la llegada de nueves umbaes atl\u00e1ntiques que van dexar una nueva riola d&#8217;envernaes mar\u00edtimes l&#8217;Atl\u00e1nticu y nel Mediterr\u00e1neu. Magar la nueva umbada trai agua, vientu, nieve y foles, va dar [&hellip;]<\/p>\n","protected":false},"author":117,"featured_media":0,"comment_status":"closed","ping_status":"closed","sticky":false,"template":"","format":"standard","meta":{"footnotes":""},"categories":[5],"tags":[],"class_list":["post-67148","post","type-post","status-publish","format-standard","hentry","category-tiempu"],"_links":{"self":[{"href":"https:\/\/edublog.educastur.es\/ixuxu\/wp-json\/wp\/v2\/posts\/67148","targetHints":{"allow":["GET"]}}],"collection":[{"href":"https:\/\/edublog.educastur.es\/ixuxu\/wp-json\/wp\/v2\/posts"}],"about":[{"href":"https:\/\/edublog.educastur.es\/ixuxu\/wp-json\/wp\/v2\/types\/post"}],"author":[{"embeddable":true,"href":"https:\/\/edublog.educastur.es\/ixuxu\/wp-json\/wp\/v2\/users\/117"}],"replies":[{"embeddable":true,"href":"https:\/\/edublog.educastur.es\/ixuxu\/wp-json\/wp\/v2\/comments?post=67148"}],"version-history":[{"count":2,"href":"https:\/\/edublog.educastur.es\/ixuxu\/wp-json\/wp\/v2\/posts\/67148\/revisions"}],"predecessor-version":[{"id":67150,"href":"https:\/\/edublog.educastur.es\/ixuxu\/wp-json\/wp\/v2\/posts\/67148\/revisions\/67150"}],"wp:attachment":[{"href":"https:\/\/edublog.educastur.es\/ixuxu\/wp-json\/wp\/v2\/media?parent=67148"}],"wp:term":[{"taxonomy":"category","embeddable":true,"href":"https:\/\/edublog.educastur.es\/ixuxu\/wp-json\/wp\/v2\/categories?post=67148"},{"taxonomy":"post_tag","embeddable":true,"href":"https:\/\/edublog.educastur.es\/ixuxu\/wp-json\/wp\/v2\/tags?post=67148"}],"curies":[{"name":"wp","href":"https:\/\/api.w.org\/{rel}","templated":true}]}}