{"id":67164,"date":"2026-01-31T20:20:10","date_gmt":"2026-01-31T18:20:10","guid":{"rendered":"https:\/\/edublog.educastur.es\/ixuxu\/?p=67164"},"modified":"2026-01-31T21:21:08","modified_gmt":"2026-01-31T19:21:08","slug":"daniel-velasco-escribio-esta-lletra-fai-mas-de-25-anos","status":"publish","type":"post","link":"https:\/\/edublog.educastur.es\/ixuxu\/2026\/01\/daniel-velasco-escribio-esta-lletra-fai-mas-de-25-anos\/","title":{"rendered":"Daniel Velasco escribi\u00f3 esta lletra fai m\u00e1s de 25 a\u00f1os"},"content":{"rendered":"<div class=\"xdj266r x14z9mp xat24cr x1lziwak x1vvkbs x126k92a\">\n<div dir=\"auto\">\u00bfDalgun@ sab\u00e9is dicinos qu\u00e9 foi d\u2019aquel asturianu?<span class=\"html-span xexx8yu xyri2b x18d9i69 x1c1uobl x1hl2dhg x16tdsg8 x1vvkbs x3nfvp2 x1j61x8r x1fcty0u xdj266r xat24cr xm2jcoa x1mpyi22 xxymvpz xlup9mm x1kky2od\"><img loading=\"lazy\" decoding=\"async\" class=\"xz74otr x15mokao x1ga7v0g x16uus16 xbiv7yw\" src=\"https:\/\/static.xx.fbcdn.net\/images\/emoji.php\/v9\/t9e\/1\/16\/1f3b5.png\" alt=\"\ud83c\udfb5\" width=\"16\" height=\"16\" \/>\u00a0<\/span><strong>Daniel Velasco escribi\u00f3 esta lletra fai m\u00e1s de 25 a\u00f1os<\/strong>; \u00e9l y\u00e1 ten\u00eda claro\u2019l pa\u00eds que ven\u00eda. \u00c9l y\u00e1 sab\u00eda que les prejubilaciones ten\u00eden una cara B, que l\u2019Asturies que \u00e9l conoc\u00eda nunca volver\u00eda ser la mesma. G\u00fcei, en 2026, convid\u00e1mosvos a escuchala y reflexionar.<\/div>\n<div dir=\"auto\" style=\"text-align: center\">\n<!-- iframe plugin v.6.0 wordpress.org\/plugins\/iframe\/ -->\n<iframe loading=\"lazy\" src=\"https:\/\/www.facebook.com\/plugins\/video.php?height=350&#038;href=https%3A%2F%2Fwww.facebook.com%2Freel%2F1606482833840372%2F&#038;show_text=false&#038;width=560&#038;t=0\" width=\"560\" height=\"350\" style=\"border:none;overflow:hidden\" scrolling=\"no\" frameborder=\"0\" allowfullscreen=\"true\" allow=\"autoplay; clipboard-write; encrypted-media; picture-in-picture; web-share\" 0=\"\/iframe\" class=\"iframe-class\"><\/iframe>\n<\/div>\n<\/div>\n","protected":false},"excerpt":{"rendered":"<p>\u00bfDalgun@ sab\u00e9is dicinos qu\u00e9 foi d\u2019aquel asturianu?\u00a0Daniel Velasco escribi\u00f3 esta lletra fai m\u00e1s de 25 a\u00f1os; \u00e9l y\u00e1 ten\u00eda claro\u2019l pa\u00eds que ven\u00eda. \u00c9l y\u00e1 sab\u00eda que les prejubilaciones ten\u00eden una cara B, que l\u2019Asturies que \u00e9l conoc\u00eda nunca volver\u00eda ser la mesma. G\u00fcei, en 2026, convid\u00e1mosvos a escuchala y reflexionar.<\/p>\n","protected":false},"author":117,"featured_media":0,"comment_status":"closed","ping_status":"closed","sticky":false,"template":"","format":"standard","meta":{"footnotes":""},"categories":[35],"tags":[],"class_list":["post-67164","post","type-post","status-publish","format-standard","hentry","category-musica"],"_links":{"self":[{"href":"https:\/\/edublog.educastur.es\/ixuxu\/wp-json\/wp\/v2\/posts\/67164","targetHints":{"allow":["GET"]}}],"collection":[{"href":"https:\/\/edublog.educastur.es\/ixuxu\/wp-json\/wp\/v2\/posts"}],"about":[{"href":"https:\/\/edublog.educastur.es\/ixuxu\/wp-json\/wp\/v2\/types\/post"}],"author":[{"embeddable":true,"href":"https:\/\/edublog.educastur.es\/ixuxu\/wp-json\/wp\/v2\/users\/117"}],"replies":[{"embeddable":true,"href":"https:\/\/edublog.educastur.es\/ixuxu\/wp-json\/wp\/v2\/comments?post=67164"}],"version-history":[{"count":1,"href":"https:\/\/edublog.educastur.es\/ixuxu\/wp-json\/wp\/v2\/posts\/67164\/revisions"}],"predecessor-version":[{"id":67165,"href":"https:\/\/edublog.educastur.es\/ixuxu\/wp-json\/wp\/v2\/posts\/67164\/revisions\/67165"}],"wp:attachment":[{"href":"https:\/\/edublog.educastur.es\/ixuxu\/wp-json\/wp\/v2\/media?parent=67164"}],"wp:term":[{"taxonomy":"category","embeddable":true,"href":"https:\/\/edublog.educastur.es\/ixuxu\/wp-json\/wp\/v2\/categories?post=67164"},{"taxonomy":"post_tag","embeddable":true,"href":"https:\/\/edublog.educastur.es\/ixuxu\/wp-json\/wp\/v2\/tags?post=67164"}],"curies":[{"name":"wp","href":"https:\/\/api.w.org\/{rel}","templated":true}]}}