{"id":67169,"date":"2026-02-01T10:00:08","date_gmt":"2026-02-01T08:00:08","guid":{"rendered":"https:\/\/edublog.educastur.es\/ixuxu\/?p=67169"},"modified":"2026-02-02T17:31:39","modified_gmt":"2026-02-02T15:31:39","slug":"el-pueblu-dasturies-que-te-lleva-de-viaxe-100-anos-tras-nel-tiempu","status":"publish","type":"post","link":"https:\/\/edublog.educastur.es\/ixuxu\/2026\/02\/el-pueblu-dasturies-que-te-lleva-de-viaxe-100-anos-tras-nel-tiempu\/","title":{"rendered":"El pueblu d&#8217;Asturies que te lleva de viaxe 100 a\u00f1os tras nel tiempu"},"content":{"rendered":"<p><a href=\"https:\/\/viajar.elperiodico.com\/escapate_cerca\/pueblo-asturias-pasado-modernista-gastronomia-balneario-126139351\">Viaxar. El Peri\u00f3dico<\/a> \/ El pueblu d&#8217;Asturies que te lleva de viaxe 100 a\u00f1os tras nel tiempu: arquitectura modernista, comida incre\u00edble y ambiente de ciud\u00e1 balneariu Asiti\u00e1u na mari\u00f1a del Cant\u00e1bricu, esti pequenu conceyu de tradici\u00f3n pesquera foi unu de los principales puertos del sieglu XIX.<\/p>\n<p style=\"text-align: center\"><a href=\"https:\/\/estaticos-cdn.prensaiberica.es\/clip\/526dc2b7-da9a-46d6-a021-f517a1a27221_16-9-discover-aspect-ratio_default_1430356.webp\"><img loading=\"lazy\" decoding=\"async\" class=\"aligncenter size-large\" src=\"https:\/\/estaticos-cdn.prensaiberica.es\/clip\/526dc2b7-da9a-46d6-a021-f517a1a27221_16-9-discover-aspect-ratio_default_1430356.webp\" width=\"1200\" height=\"675\" \/><\/a><!--more--><\/p>\n<p>Asturies, Patria quer\u00eda, Asturies de los mios amores; \u00a1qui\u00e9n tuviera n&#8217;Asturies en toles ocasiones! Estes son les primeres palabres del himnu d&#8217;esta maraviyosa tierra llamada Asturies, un pequenu rinc\u00f3n de cielu equ\u00ed na tierra que, coles sos estelantes panor\u00e1miques de mar y monte, una gastronom\u00eda que combina tradici\u00f3n y modernid\u00e1 perfectamente, y un impresionante patrimoniu hist\u00f3ricu, namora a tou aquel que lo visita.<\/p>\n<p>Am\u00e1s, ye&#8217;l dest\u00edn ideal para cualquier d\u00f3mina del a\u00f1u; un dest\u00edn \u00fanicu que dispon d&#8217;una m\u00e1s qu&#8217;amplia ufierta d&#8217;opciones para afayar esta m\u00e1xica rex\u00f3n: incontables kil\u00f3metros de rutes para practicar senderismu y cicloturismu a lo llargo del a\u00f1u, sableres de sable dor\u00e1u onde relaxase sol sol del branu, o visites para conocer el maraviyosu patrimoniu cultural y arquitect\u00f3nicu qu&#8217;alluga.<\/p>\n<p>Na desaguada d&#8217;un r\u00edu<\/p>\n<p><strong>A media hora en coche del conceyu de Cangues d&#8217;On\u00eds, y a una hora dende la ciud\u00e1 d&#8217;Uvi\u00e9u<\/strong>, el conceyu de Ribesella estiende frente al mar Cant\u00e1bricu, al pie de la desaguada del r\u00edu Sella. El conceyu foi cre\u00e1u nel 1270 por Alfonso X el Sabiu, que mand\u00f3 xunir los territorios de Meluerda y Leces, unu a cada llau de la desaguada del Sella.<\/p>\n<p>De fonda tradici\u00f3n marinera, <strong>Ribesella foi unu de los principales puertos de la mari\u00f1a cant\u00e1brica mientres munchos sieglos.<\/strong> Dalgunes de les principales actividaes econ\u00f3miques que ten\u00eden llugar nel puertu yeren la industria ballenero y l&#8217;importaci\u00f3n y distribuci\u00f3n de sal. Pero foi mientres la segunda met\u00e1 del sieglu XIX cuando&#8217;l puertu algam\u00f3&#8217;l so cenit; gracies a la creaci\u00f3n de la ll\u00ednea Ribesella-Cuba que fa\u00eda&#8217;l bergant\u00edn Habana, esti puertu convirtiose n&#8217;una de les principales puertes de salida para la emigraci\u00f3n escontra les Am\u00e9riques.<\/p>\n<p style=\"text-align: center\"><a href=\"https:\/\/estaticos-cdn.prensaiberica.es\/clip\/a8b69df1-543c-4d4e-b329-21626273e40f_source-aspect-ratio_default_0_x682y256.webp\"><img loading=\"lazy\" decoding=\"async\" class=\"aligncenter size-large\" src=\"https:\/\/estaticos-cdn.prensaiberica.es\/clip\/a8b69df1-543c-4d4e-b329-21626273e40f_source-aspect-ratio_default_0_x682y256.webp\" width=\"1365\" height=\"768\" \/><\/a><\/p>\n<p>La sablera de Ribesella \/ stock \/ Estanis Banuelos<\/p>\n<p>Con una poblaci\u00f3n que ronda los 5.500 habitantes, angua\u00f1o Ribesella basa la so econom\u00eda, principalmente, na activid\u00e1 tur\u00edstica, con una amplia ufierta comercial y hotelera, am\u00e1s d&#8217;actividaes culturales y deportives perfectes para faer en familia.<\/p>\n<p>Una escapada a Ribesella<\/p>\n<p>La principal atracci\u00f3n de la villa, sobremanera para los m\u00e1s aficionaos al deporte, el pirag\u00fcismu en particular, ye&#8217;l famosu <strong>Descensu Internacional del Sella<\/strong>, celebr\u00e1u&#8217;l primer s\u00e1badu d&#8217;agostu dempu\u00e9s del d\u00eda 2. <strong>Declarada Fiesta d&#8217;Inter\u00e9s Tur\u00edsticu Internacional<\/strong>, esta competici\u00f3n axunta a\u00f1u tres d&#8217;a\u00f1u a miles de persones atra\u00edes pol ambiente festivu que xenera, pos nun se basa solo nel aspeutu deportivu, sin\u00f3n que tami\u00e9n se sofita nos aspeutos folcl\u00f3ricu, medi\u00e1ticu y festivu.<\/p>\n<p>Pero nun ye solo esi d\u00eda que Ribesella merez ser afayada, y\u00e1 que tien muncho m\u00e1s qu&#8217;ufiertar, empezando pol so cascu hist\u00f3ricu, apin\u00e1u d&#8217;edificios que los sos orixe rem\u00f3ntase a la Ed\u00e1 Media. Ye nesta zona del conceyu que s&#8217;atopa&#8217;l barriu del Portiellu, apin\u00e1u de colorides cases y un marc\u00e1u ambiente pesquero, pos foi equ\u00ed onde se construy\u00f3&#8217;l primer puertu local. Pasiando poles cais d&#8217;esti barriu vas atopar la Escalera de Colores, un pintorescu rinc\u00f3n onde les frases sencielles afiguraes nos pasos de colores vivos cobren el protagonismu.<\/p>\n<p>Enclavada nel estremu que m\u00e1s s&#8217;enfusa al mar del Monte Corberu, un puexu natural que parte del cascu urbanu, \u00e1lzase la ermita de Gu\u00eda, una capiya renacentista de finales del sieglu XVI qu&#8217;acueye la imaxe de la Virxe de Gu\u00eda, patrona de los marineros. Am\u00e1s de el so interior, la ermita destaca pola so redolada, pos la escampada na que s&#8217;asitia, con ca\u00f1ones apuntando al mar, dexa claro qu&#8217;esti foi una cortil defensiva.<\/p>\n<p style=\"text-align: center\"><a href=\"https:\/\/estaticos-cdn.prensaiberica.es\/clip\/6564c56d-d5dc-4613-a9b1-4a3e2d3415eb_source-aspect-ratio_default_0_x627y278.webp\"><img loading=\"lazy\" decoding=\"async\" class=\"aligncenter size-large\" src=\"https:\/\/estaticos-cdn.prensaiberica.es\/clip\/6564c56d-d5dc-4613-a9b1-4a3e2d3415eb_source-aspect-ratio_default_0_x627y278.webp\" width=\"1254\" height=\"836\" \/><\/a><\/p>\n<p>La ermita de Gu\u00eda \/ Istock \/ Joaquin Ossorio-Castillo<\/p>\n<p>Al baxar de la ermita puedes aprovechar pa percorrer los varios paseos que s&#8217;estienden a lo llargo de la llende costera de la villa. Nel pas\u00e9u de la Gr\u00faa, na vera derecha del r\u00edu, destaquen el Monumentu al Marineru, la Fuentina y los Paneles de Mingote, un mural compuestu por seis pieces de cer\u00e1mica onde l&#8217;humorista afigur\u00f3 la hestoria de la villa.<\/p>\n<p>Gastronom\u00eda y agospiamientu<\/p>\n<p>Ribesella cunta con una amplia ufierta d&#8217;hoteles, y\u00e1 s\u00eda barganal de la sablera o m\u00e1s nel interior, rurales o con serviciu de spa. Ente los rurales atopamos opciones como El Pagad\u00edn, un coqueto hotel con habitaciones de lo m\u00e1s atopadices, o La Llosona, construy\u00edu a partir d&#8217;una antigua caser\u00eda asturiana. Frente a la sablera t\u00e1n el Gran Hotel del Sella, asiti\u00e1u no que fuera&#8217;l palaciu branizu de los Marqueses d&#8217;Arg\u00fcelles, o la Villa Rosario Palacete, que&#8217;l so restor\u00e1n ta encament\u00e1u por Gu\u00eda Michelin. Tocantes a balnearios y spa, La Piconera cuenta con una prestosa zona d&#8217;ag\u00fces pensada pal descansu y la desconex\u00f3n.<\/p>\n<p style=\"text-align: center\"><a href=\"https:\/\/estaticos-cdn.prensaiberica.es\/clip\/4a6e4b00-b4b2-4995-94b4-a3cb8e615723_source-aspect-ratio_default_0_x627y279.webp\"><img loading=\"lazy\" decoding=\"async\" class=\"aligncenter size-large\" src=\"https:\/\/estaticos-cdn.prensaiberica.es\/clip\/4a6e4b00-b4b2-4995-94b4-a3cb8e615723_source-aspect-ratio_default_0_x627y279.webp\" width=\"1254\" height=\"837\" \/><\/a><\/p>\n<p>La gastronom\u00eda de Ribesella tampoco tien bagazu dalgunu. Con cantid\u00e1 de restoranes y sidrer\u00edes d&#8217;una calid\u00e1 escelente, equ\u00ed vas poder atopar restoranes especializaos na cocina tradicional asturiana, la cocina d&#8217;autor o l&#8217;alta cocina. A parte, vas poder afayar los populares \u201cchigres\u201d, onde esfrutar d&#8217;una bona sidra y sabroses tapes a bon preciu.<\/p>\n","protected":false},"excerpt":{"rendered":"<p>Viaxar. El Peri\u00f3dico \/ El pueblu d&#8217;Asturies que te lleva de viaxe 100 a\u00f1os tras nel tiempu: arquitectura modernista, comida incre\u00edble y ambiente de ciud\u00e1 balneariu Asiti\u00e1u na mari\u00f1a del Cant\u00e1bricu, esti pequenu conceyu de tradici\u00f3n pesquera foi unu de los principales puertos del sieglu XIX.<\/p>\n","protected":false},"author":117,"featured_media":0,"comment_status":"closed","ping_status":"closed","sticky":false,"template":"","format":"standard","meta":{"footnotes":""},"categories":[22],"tags":[],"class_list":["post-67169","post","type-post","status-publish","format-standard","hentry","category-pueblos"],"_links":{"self":[{"href":"https:\/\/edublog.educastur.es\/ixuxu\/wp-json\/wp\/v2\/posts\/67169","targetHints":{"allow":["GET"]}}],"collection":[{"href":"https:\/\/edublog.educastur.es\/ixuxu\/wp-json\/wp\/v2\/posts"}],"about":[{"href":"https:\/\/edublog.educastur.es\/ixuxu\/wp-json\/wp\/v2\/types\/post"}],"author":[{"embeddable":true,"href":"https:\/\/edublog.educastur.es\/ixuxu\/wp-json\/wp\/v2\/users\/117"}],"replies":[{"embeddable":true,"href":"https:\/\/edublog.educastur.es\/ixuxu\/wp-json\/wp\/v2\/comments?post=67169"}],"version-history":[{"count":2,"href":"https:\/\/edublog.educastur.es\/ixuxu\/wp-json\/wp\/v2\/posts\/67169\/revisions"}],"predecessor-version":[{"id":67171,"href":"https:\/\/edublog.educastur.es\/ixuxu\/wp-json\/wp\/v2\/posts\/67169\/revisions\/67171"}],"wp:attachment":[{"href":"https:\/\/edublog.educastur.es\/ixuxu\/wp-json\/wp\/v2\/media?parent=67169"}],"wp:term":[{"taxonomy":"category","embeddable":true,"href":"https:\/\/edublog.educastur.es\/ixuxu\/wp-json\/wp\/v2\/categories?post=67169"},{"taxonomy":"post_tag","embeddable":true,"href":"https:\/\/edublog.educastur.es\/ixuxu\/wp-json\/wp\/v2\/tags?post=67169"}],"curies":[{"name":"wp","href":"https:\/\/api.w.org\/{rel}","templated":true}]}}