{"id":67177,"date":"2026-02-01T11:00:38","date_gmt":"2026-02-01T09:00:38","guid":{"rendered":"https:\/\/edublog.educastur.es\/ixuxu\/?p=67177"},"modified":"2026-02-01T20:25:48","modified_gmt":"2026-02-01T18:25:48","slug":"aviles-preparase-pal-antroxu","status":"publish","type":"post","link":"https:\/\/edublog.educastur.es\/ixuxu\/2026\/02\/aviles-preparase-pal-antroxu\/","title":{"rendered":"Avil\u00e9s prep\u00e1rase pal Antroxu"},"content":{"rendered":"<ul>\n<li class=\"text-2xl font-bold font-serif leading-tight max-w-[65ch] mb-1.5\"><a href=\"https:\/\/www.rtpa.es\/noticias-sociedad-ast\/2026-01-31\/Aviles-preparase-pal-Antroxu_111769876386.html?fbclid=IwY2xjawPseapleHRuA2FlbQIxMQBzcnRjBmFwcF9pZBAyMjIwMzkxNzg4MjAwODkyAAEeX3brDSKt6pCSIOBQLHGGpvDXw_eADu3mVmk3pv-6TNvv7aJqvBO-rKKUkss_aem_PhXUotggizMUs0GJ8Ysreg\">Avil\u00e9s prep\u00e1rase pal Antroxu. TPA<\/a><\/li>\n<\/ul>\n<p style=\"text-align: center\"><a href=\"https:\/\/www.rtpa.es\/fotos\/\/26\/01\/20260131171621_RTPA7662903.webp\"><img loading=\"lazy\" decoding=\"async\" class=\"aligncenter size-large\" src=\"https:\/\/www.rtpa.es\/fotos\/\/26\/01\/20260131171621_RTPA7662903.webp\" width=\"853\" height=\"480\" \/><\/a><\/p>\n<div id=\"noticiacompleta\" class=\"col-span-12 lg:col-span-6 lg:col-start-3\">\n<p class=\"flow rtpa-prose text-lg leading-tight mb-6\">Les pe\u00f1es prepararen los 35 ardiluxos del tradicional Descensu de Galiana so la tem\u00e1tica &#8216;Les Mil y un Antroxu, un viaxe nel desiertu&#8217;.<\/p>\n<div><!--more--><\/div>\n<div class=\"flow rtpa-prose text-base text-neutral-700\">\n<p>L&#8217;Antroxu empieza en naves como esta, onde madera, cart\u00f3n y poliesp\u00e1n ax\u00fantense nes meses, y onde trabayu y contentu van de la mano asegura Daniel Rogel, de la Pe\u00f1a Arrexuntaos.<\/p>\n<p>Les pe\u00f1es que van participar per primer vegada nel descensu, apuesten pola creativid\u00e1 como estratexa p&#8217;atrapar al espectador y al xur\u00e1u se\u00f1ala Raquel Pan, de la Pe\u00f1a L\u2019\u00e1ticu.<\/p>\n<p>L&#8217;\u00e9situ de los ardiluxos tami\u00e9n anicia la collaboraci\u00f3n interxeneracional, y el llabor colectivu apunten Anselmo Valle, de la Pe\u00f1a Abuelo Anselmo; y Eduardo Piniellanos, de Los Piniellanos.<\/p>\n<p>Los preparativos del Antroxu tami\u00e9n s&#8217;estiende a la mesma ciud\u00e1, onde hoteles y restauranes y\u00e1 atropen reserves esplica Yolanda Alonso, conceyala de festexos del Ayuntamientu d&#8217;Avil\u00e9s.<\/p>\n<p>Nesta edici\u00f3n participen 35 ardiluxos que van salir el s\u00e1badu 14 de febreru a les 12h de la ma\u00f1ana, nel \u00abascensu del descensu\u201d, dende&#8217;l Parque del Muelle hasta&#8217;l colexu Palacio Vald\u00e9s. Pela tarde, a les seis, van salir de la parte alta de la cai Galiana hasta la plaza d&#8217;Espa\u00f1a, nel tradicional descensu fluvial onde la espluma va ser la protagonista.<\/p>\n<\/div>\n<\/div>\n<p>&nbsp;<\/p>\n<div class=\"col-span-12 lg:col-span-3 lg:col-start-9\"><\/div>\n","protected":false},"excerpt":{"rendered":"<p>Avil\u00e9s prep\u00e1rase pal Antroxu. TPA Les pe\u00f1es prepararen los 35 ardiluxos del tradicional Descensu de Galiana so la tem\u00e1tica &#8216;Les Mil y un Antroxu, un viaxe nel desiertu&#8217;.<\/p>\n","protected":false},"author":117,"featured_media":0,"comment_status":"closed","ping_status":"closed","sticky":false,"template":"","format":"standard","meta":{"footnotes":""},"categories":[262],"tags":[],"class_list":["post-67177","post","type-post","status-publish","format-standard","hentry","category-antroxu"],"_links":{"self":[{"href":"https:\/\/edublog.educastur.es\/ixuxu\/wp-json\/wp\/v2\/posts\/67177","targetHints":{"allow":["GET"]}}],"collection":[{"href":"https:\/\/edublog.educastur.es\/ixuxu\/wp-json\/wp\/v2\/posts"}],"about":[{"href":"https:\/\/edublog.educastur.es\/ixuxu\/wp-json\/wp\/v2\/types\/post"}],"author":[{"embeddable":true,"href":"https:\/\/edublog.educastur.es\/ixuxu\/wp-json\/wp\/v2\/users\/117"}],"replies":[{"embeddable":true,"href":"https:\/\/edublog.educastur.es\/ixuxu\/wp-json\/wp\/v2\/comments?post=67177"}],"version-history":[{"count":1,"href":"https:\/\/edublog.educastur.es\/ixuxu\/wp-json\/wp\/v2\/posts\/67177\/revisions"}],"predecessor-version":[{"id":67178,"href":"https:\/\/edublog.educastur.es\/ixuxu\/wp-json\/wp\/v2\/posts\/67177\/revisions\/67178"}],"wp:attachment":[{"href":"https:\/\/edublog.educastur.es\/ixuxu\/wp-json\/wp\/v2\/media?parent=67177"}],"wp:term":[{"taxonomy":"category","embeddable":true,"href":"https:\/\/edublog.educastur.es\/ixuxu\/wp-json\/wp\/v2\/categories?post=67177"},{"taxonomy":"post_tag","embeddable":true,"href":"https:\/\/edublog.educastur.es\/ixuxu\/wp-json\/wp\/v2\/tags?post=67177"}],"curies":[{"name":"wp","href":"https:\/\/api.w.org\/{rel}","templated":true}]}}