{"id":67179,"date":"2026-02-01T11:26:48","date_gmt":"2026-02-01T09:26:48","guid":{"rendered":"https:\/\/edublog.educastur.es\/ixuxu\/?p=67179"},"modified":"2026-02-01T20:28:17","modified_gmt":"2026-02-01T18:28:17","slug":"uvieu-dexa-bicicletes-en-vies-peatonales-y-residenciales-dusu-compartiu","status":"publish","type":"post","link":"https:\/\/edublog.educastur.es\/ixuxu\/2026\/02\/uvieu-dexa-bicicletes-en-vies-peatonales-y-residenciales-dusu-compartiu\/","title":{"rendered":"Uvi\u00e9u dexa bicicletes en v\u00edes peatonales y residenciales d&#8217;usu compart\u00edu"},"content":{"rendered":"<p><a href=\"https:\/\/www.rtpa.es\/fotos\/\/26\/01\/20260131154020_RTPA7662698.webp\">TPA<\/a> \/<\/p>\n<p style=\"text-align: center\"><a href=\"https:\/\/www.rtpa.es\/fotos\/\/26\/01\/20260131154020_RTPA7662698.webp\"><img loading=\"lazy\" decoding=\"async\" class=\"aligncenter size-large\" src=\"https:\/\/www.rtpa.es\/fotos\/\/26\/01\/20260131154020_RTPA7662698.webp\" width=\"853\" height=\"480\" \/><\/a><\/p>\n<div id=\"noticia-redes-nuevo\" class=\"col-span-12 lg:col-span-1 lg:col-start-2\"><\/div>\n<div id=\"noticiacompleta\" class=\"col-span-12 lg:col-span-6 lg:col-start-3\">\n<div class=\"flow rtpa-prose text-lg leading-tight mb-6\">\n<div id=\"noticiacompleta\" class=\"col-span-12 lg:col-span-6 lg:col-start-3\">\n<div class=\"flow rtpa-prose text-lg leading-tight mb-6\"><strong>Ye de una de les novedaes de la Ordenanza de Movilid\u00e1 que s&#8217;aprob\u00f3 reci\u00e9n. <\/strong>Cola nueva Ordenanza de Movilid\u00e1 d\u2019Uvi\u00e9u d\u00e9xase circular a les bicicletes per cais residenciales y per cais peatonales d\u2019usu compart\u00edu. Tar\u00e1n habil\u00edtaes, inclusive, pa circular en cualquier sen, menos si hai una prohibici\u00f3n afitada.<\/div>\n<div><!--more--><\/div>\n<div class=\"flow rtpa-prose text-base text-neutral-700\">\n<p>La velocid\u00e1 tar\u00e1 llendada a 10 kil\u00f3metros hora. Novedaes que l\u2019Ayuntamientu inxert\u00f3 nel documentu gracies a les alegaciones presentaes por Asturies Con Bici y Ecoloxistes n\u2019Aici\u00f3n. Queda fuera de la Ordenanza, sicas\u00ed, una mayor regulaci\u00f3n del usu de la bici en parques y xardinos se\u00f1ala Ignacio Fern\u00e1ndez del P\u00e1ramo, d\u2019Ecoloxistes n\u2019Aici\u00f3n.<\/p>\n<p>Otra reivindicaci\u00f3n d\u2019estos colectivos que nun s\u2019inxert\u00f3 nel documentu ye la d\u2019habilitar m\u00e1s zones d\u2019aparcaderos pa esti tipu de veh\u00edculos. Tanto Asturies Con Bici como Ecoloxistes n\u2019Aici\u00f3n consideren la nueva Ordenanza como un avance en movilid\u00e1 caltenible col env\u00eds de facer la ciud\u00e1 m\u00e1s segura y saludable.<\/p>\n<\/div>\n<\/div>\n<p><strong>a de Movilid\u00e1 que s&#8217;aprob\u00f3 reci\u00e9n<\/strong><\/p>\n<\/div>\n<div class=\"flow rtpa-prose text-base text-neutral-700\">\n<p>Cola nueva Ordenanza de Movilid\u00e1 d\u2019Uvi\u00e9u d\u00e9xase circular a les bicicletes per cais residenciales y per cais peatonales d\u2019usu compart\u00edu. Tar\u00e1n habil\u00edtaes, inclusive, pa circular en cualquier sen, menos si hai una prohibici\u00f3n afitada.<\/p>\n<p>La velocid\u00e1 tar\u00e1 llendada a 10 kil\u00f3metros hora. Novedaes que l\u2019Ayuntamientu inxert\u00f3 nel documentu gracies a les alegaciones presentaes por Asturies Con Bici y Ecoloxistes n\u2019Aici\u00f3n. Queda fuera de la Ordenanza, sicas\u00ed, una mayor regulaci\u00f3n del usu de la bici en parques y xardinos se\u00f1ala Ignacio Fern\u00e1ndez del P\u00e1ramo, d\u2019Ecoloxistes n\u2019Aici\u00f3n.<\/p>\n<p>Otra reivindicaci\u00f3n d\u2019estos colectivos que nun s\u2019inxert\u00f3 nel documentu ye la d\u2019habilitar m\u00e1s zones d\u2019aparcaderos pa esti tipu de veh\u00edculos. Tanto Asturies Con Bici como Ecoloxistes n\u2019Aici\u00f3n consideren la nueva Ordenanza como un avance en movilid\u00e1 caltenible col env\u00eds de facer la ciud\u00e1 m\u00e1s segura y saludable.<\/p>\n<\/div>\n<\/div>\n<p>&nbsp;<\/p>\n","protected":false},"excerpt":{"rendered":"<p>TPA \/ Ye de una de les novedaes de la Ordenanza de Movilid\u00e1 que s&#8217;aprob\u00f3 reci\u00e9n. Cola nueva Ordenanza de Movilid\u00e1 d\u2019Uvi\u00e9u d\u00e9xase circular a les bicicletes per cais residenciales y per cais peatonales d\u2019usu compart\u00edu. Tar\u00e1n habil\u00edtaes, inclusive, pa circular en cualquier sen, menos si hai una prohibici\u00f3n afitada.<\/p>\n","protected":false},"author":117,"featured_media":0,"comment_status":"closed","ping_status":"closed","sticky":false,"template":"","format":"standard","meta":{"footnotes":""},"categories":[33],"tags":[],"class_list":["post-67179","post","type-post","status-publish","format-standard","hentry","category-uvieu"],"_links":{"self":[{"href":"https:\/\/edublog.educastur.es\/ixuxu\/wp-json\/wp\/v2\/posts\/67179","targetHints":{"allow":["GET"]}}],"collection":[{"href":"https:\/\/edublog.educastur.es\/ixuxu\/wp-json\/wp\/v2\/posts"}],"about":[{"href":"https:\/\/edublog.educastur.es\/ixuxu\/wp-json\/wp\/v2\/types\/post"}],"author":[{"embeddable":true,"href":"https:\/\/edublog.educastur.es\/ixuxu\/wp-json\/wp\/v2\/users\/117"}],"replies":[{"embeddable":true,"href":"https:\/\/edublog.educastur.es\/ixuxu\/wp-json\/wp\/v2\/comments?post=67179"}],"version-history":[{"count":2,"href":"https:\/\/edublog.educastur.es\/ixuxu\/wp-json\/wp\/v2\/posts\/67179\/revisions"}],"predecessor-version":[{"id":67181,"href":"https:\/\/edublog.educastur.es\/ixuxu\/wp-json\/wp\/v2\/posts\/67179\/revisions\/67181"}],"wp:attachment":[{"href":"https:\/\/edublog.educastur.es\/ixuxu\/wp-json\/wp\/v2\/media?parent=67179"}],"wp:term":[{"taxonomy":"category","embeddable":true,"href":"https:\/\/edublog.educastur.es\/ixuxu\/wp-json\/wp\/v2\/categories?post=67179"},{"taxonomy":"post_tag","embeddable":true,"href":"https:\/\/edublog.educastur.es\/ixuxu\/wp-json\/wp\/v2\/tags?post=67179"}],"curies":[{"name":"wp","href":"https:\/\/api.w.org\/{rel}","templated":true}]}}