{"id":67184,"date":"2026-02-01T08:32:37","date_gmt":"2026-02-01T06:32:37","guid":{"rendered":"https:\/\/edublog.educastur.es\/ixuxu\/?p=67184"},"modified":"2026-02-01T20:35:05","modified_gmt":"2026-02-01T18:35:05","slug":"el-tiempu-el-comercio-251","status":"publish","type":"post","link":"https:\/\/edublog.educastur.es\/ixuxu\/2026\/02\/el-tiempu-el-comercio-251\/","title":{"rendered":"El tiempu (El Comercio)"},"content":{"rendered":"<p style=\"text-align: center\"><a href=\"https:\/\/s2.ppllstatics.com\/elcomercio\/www\/multimedia\/2026\/01\/31\/tiempo-asturias-keBC-U2302588077118HVD-1200x870@El%20Comercio.jpg\"><img loading=\"lazy\" decoding=\"async\" class=\"aligncenter size-large\" src=\"https:\/\/s2.ppllstatics.com\/elcomercio\/www\/multimedia\/2026\/01\/31\/tiempo-asturias-keBC-U2302588077118HVD-1200x870@El%20Comercio.jpg\" width=\"1200\" height=\"870\" \/><\/a><\/p>\n<p>Va ser un d\u00eda estable sacantes les posibles precipitaciones que van poder tener llugar de primeres y a la fin de la xornada. Vamos amanecer con nubes y posibilid\u00e1 de dellos bastios que van poder dexar nieve solo en cotes bien altes (percima de los 2000 metros). Esta inestabilid\u00e1 va unviar r\u00e1pido mientres la ma\u00f1ana al par que la nubosid\u00e1 va ser cada vez menos compacta. Nun se refuga l&#8217;apertura de delles escamplaes o, s\u00eda que non, prevense intervalos de nubes altes insignificantes a lo sumo. Asina vamos siguir mientres lo que resta de domingu salvu nel so tramu final cuando vuelva apaecer nubosid\u00e1 que va dexar precipitaciones nel oeste, nel cordal, y de forma m\u00e1s esvalixada n&#8217;otros puntos.<\/p>\n<p><!--more--><\/p>\n<p><strong> Los vientos<\/strong> van soplar de suroeste con raches moderaes pos nun van aportar tan fuertes como les rexistraes estos d\u00edes tras. <strong>Les temperatures m\u00e1ximes<\/strong> van xubir hasta 4 o 5 \u00baC na met\u00e1 sur asturiana, y de forma m\u00e1s llixera nel restu. Tocantes a <strong>les m\u00ednimes<\/strong>, l&#8217;ascensu va ser m\u00e1s significativu na met\u00e1 occidental, hasta 4 \u00baC m\u00e1s que les del s\u00e1badu, ente que na met\u00e1 oriental van xubir a lo sumo 2 o 3 \u00baC.<\/p>\n<p><strong>El llunes<\/strong> les precipitaciones van concentrase sobremanera nel oeste y nel sur del Princip\u00e1u. Les temperatures llixeramente van baxar y los vientos volver\u00e1n soplar con fuerza.<\/p>\n","protected":false},"excerpt":{"rendered":"<p>Va ser un d\u00eda estable sacantes les posibles precipitaciones que van poder tener llugar de primeres y a la fin de la xornada. Vamos amanecer con nubes y posibilid\u00e1 de dellos bastios que van poder dexar nieve solo en cotes bien altes (percima de los 2000 metros). Esta inestabilid\u00e1 va unviar r\u00e1pido mientres la ma\u00f1ana [&hellip;]<\/p>\n","protected":false},"author":117,"featured_media":0,"comment_status":"closed","ping_status":"closed","sticky":false,"template":"","format":"standard","meta":{"footnotes":""},"categories":[1],"tags":[],"class_list":["post-67184","post","type-post","status-publish","format-standard","hentry","category-sin-categoria"],"_links":{"self":[{"href":"https:\/\/edublog.educastur.es\/ixuxu\/wp-json\/wp\/v2\/posts\/67184","targetHints":{"allow":["GET"]}}],"collection":[{"href":"https:\/\/edublog.educastur.es\/ixuxu\/wp-json\/wp\/v2\/posts"}],"about":[{"href":"https:\/\/edublog.educastur.es\/ixuxu\/wp-json\/wp\/v2\/types\/post"}],"author":[{"embeddable":true,"href":"https:\/\/edublog.educastur.es\/ixuxu\/wp-json\/wp\/v2\/users\/117"}],"replies":[{"embeddable":true,"href":"https:\/\/edublog.educastur.es\/ixuxu\/wp-json\/wp\/v2\/comments?post=67184"}],"version-history":[{"count":1,"href":"https:\/\/edublog.educastur.es\/ixuxu\/wp-json\/wp\/v2\/posts\/67184\/revisions"}],"predecessor-version":[{"id":67185,"href":"https:\/\/edublog.educastur.es\/ixuxu\/wp-json\/wp\/v2\/posts\/67184\/revisions\/67185"}],"wp:attachment":[{"href":"https:\/\/edublog.educastur.es\/ixuxu\/wp-json\/wp\/v2\/media?parent=67184"}],"wp:term":[{"taxonomy":"category","embeddable":true,"href":"https:\/\/edublog.educastur.es\/ixuxu\/wp-json\/wp\/v2\/categories?post=67184"},{"taxonomy":"post_tag","embeddable":true,"href":"https:\/\/edublog.educastur.es\/ixuxu\/wp-json\/wp\/v2\/tags?post=67184"}],"curies":[{"name":"wp","href":"https:\/\/api.w.org\/{rel}","templated":true}]}}