{"id":67191,"date":"2026-02-01T08:50:40","date_gmt":"2026-02-01T06:50:40","guid":{"rendered":"https:\/\/edublog.educastur.es\/ixuxu\/?p=67191"},"modified":"2026-02-01T20:56:19","modified_gmt":"2026-02-01T18:56:19","slug":"avisos-de-laemet-paral-domingu","status":"publish","type":"post","link":"https:\/\/edublog.educastur.es\/ixuxu\/2026\/02\/avisos-de-laemet-paral-domingu\/","title":{"rendered":"Avisos de l&#8217;AEMET para&#8217;l domingu"},"content":{"rendered":"<p>Avisos de l&#8217;AEMET para&#8217;l domingu: <strong>destemples y ag\u00fces persistentes.\u00a0<\/strong>La xubida de la cota de nieve acomu\u00f1ada al frente templ\u00e1u va provocar destemples naquelles zones con nieve per debaxo de los 2000 metros. L&#8217;AEMET activ\u00f3 avisos mariellos por destemples el domingu nel Sistema Central de Salamanca, \u00c1vila y Segovia, seg\u00fan en Sanabria y el Cordal Cant\u00e1bricu de Lli\u00f3n.<\/p>\n<p style=\"text-align: center\"><a href=\"https:\/\/services.meteored.com\/img\/article\/un-frente-de-lluvias-intensas-se-aproxima-a-toda-velocidad-las-franjas-horarias-clave-de-manana-1-de-febrero-1769857392794_1024.png\"><img loading=\"lazy\" decoding=\"async\" class=\"aligncenter size-large\" src=\"https:\/\/services.meteored.com\/img\/article\/un-frente-de-lluvias-intensas-se-aproxima-a-toda-velocidad-las-franjas-horarias-clave-de-manana-1-de-febrero-1769857392794_1024.png\" width=\"1024\" height=\"714\" \/><\/a><\/p>\n<p><!--more--><\/p>\n<p style=\"text-align: center\"><a href=\"https:\/\/services.meteored.com\/img\/article\/un-frente-de-lluvias-intensas-se-aproxima-a-toda-velocidad-las-franjas-horarias-clave-de-manana-1-de-febrero-1769849035990_1024.png\"><img loading=\"lazy\" decoding=\"async\" class=\"aligncenter size-large\" src=\"https:\/\/services.meteored.com\/img\/article\/un-frente-de-lluvias-intensas-se-aproxima-a-toda-velocidad-las-franjas-horarias-clave-de-manana-1-de-febrero-1769849035990_1024.png\" width=\"1024\" height=\"720\" \/><\/a><\/p>\n<p style=\"text-align: center\">El frente d&#8217;ag\u00fces va llegar al oeste d&#8217;Espa\u00f1a a primer hora de la ma\u00f1ana del domingu 1 de febreru.<\/p>\n<p style=\"text-align: center\"><a href=\"https:\/\/services.meteored.com\/img\/article\/el-miercoles-4-llegara-un-rio-atmosferico-desde-la-republica-dominicana-que-agravara-las-lluvias-1769812748745_1024.png\"><img loading=\"lazy\" decoding=\"async\" class=\"aligncenter size-large\" src=\"https:\/\/services.meteored.com\/img\/article\/el-miercoles-4-llegara-un-rio-atmosferico-desde-la-republica-dominicana-que-agravara-las-lluvias-1769812748745_1024.png\" width=\"1024\" height=\"714\" \/><\/a><\/p>\n<p>El martes podr\u00eda nevar per debaxo de los 900-1000 metros nel centru y norte, dispar\u00e1ndose la cota a lo llargo del mi\u00e9rcoles. Nos cumes de Sierra Nevada, cara sur del Pirin\u00e9u y del <strong>Cordal Cant\u00e1bricu<\/strong> y del Sistema Central pueden atropase unos cuantos cent\u00edmetros.<\/p>\n<p style=\"text-align: center\"><a href=\"https:\/\/services.meteored.com\/img\/article\/el-miercoles-4-llegara-un-rio-atmosferico-desde-la-republica-dominicana-que-agravara-las-lluvias-1769812679321_1024.png\"><img loading=\"lazy\" decoding=\"async\" class=\"aligncenter size-large\" src=\"https:\/\/services.meteored.com\/img\/article\/el-miercoles-4-llegara-un-rio-atmosferico-desde-la-republica-dominicana-que-agravara-las-lluvias-1769812679321_1024.png\" width=\"1024\" height=\"714\" \/><\/a><\/p>\n<p>&nbsp;<\/p>\n<p>&nbsp;<\/p>\n","protected":false},"excerpt":{"rendered":"<p>Avisos de l&#8217;AEMET para&#8217;l domingu: destemples y ag\u00fces persistentes.\u00a0La xubida de la cota de nieve acomu\u00f1ada al frente templ\u00e1u va provocar destemples naquelles zones con nieve per debaxo de los 2000 metros. L&#8217;AEMET activ\u00f3 avisos mariellos por destemples el domingu nel Sistema Central de Salamanca, \u00c1vila y Segovia, seg\u00fan en Sanabria y el Cordal Cant\u00e1bricu [&hellip;]<\/p>\n","protected":false},"author":117,"featured_media":0,"comment_status":"closed","ping_status":"closed","sticky":false,"template":"","format":"standard","meta":{"footnotes":""},"categories":[5],"tags":[],"class_list":["post-67191","post","type-post","status-publish","format-standard","hentry","category-tiempu"],"_links":{"self":[{"href":"https:\/\/edublog.educastur.es\/ixuxu\/wp-json\/wp\/v2\/posts\/67191","targetHints":{"allow":["GET"]}}],"collection":[{"href":"https:\/\/edublog.educastur.es\/ixuxu\/wp-json\/wp\/v2\/posts"}],"about":[{"href":"https:\/\/edublog.educastur.es\/ixuxu\/wp-json\/wp\/v2\/types\/post"}],"author":[{"embeddable":true,"href":"https:\/\/edublog.educastur.es\/ixuxu\/wp-json\/wp\/v2\/users\/117"}],"replies":[{"embeddable":true,"href":"https:\/\/edublog.educastur.es\/ixuxu\/wp-json\/wp\/v2\/comments?post=67191"}],"version-history":[{"count":4,"href":"https:\/\/edublog.educastur.es\/ixuxu\/wp-json\/wp\/v2\/posts\/67191\/revisions"}],"predecessor-version":[{"id":67196,"href":"https:\/\/edublog.educastur.es\/ixuxu\/wp-json\/wp\/v2\/posts\/67191\/revisions\/67196"}],"wp:attachment":[{"href":"https:\/\/edublog.educastur.es\/ixuxu\/wp-json\/wp\/v2\/media?parent=67191"}],"wp:term":[{"taxonomy":"category","embeddable":true,"href":"https:\/\/edublog.educastur.es\/ixuxu\/wp-json\/wp\/v2\/categories?post=67191"},{"taxonomy":"post_tag","embeddable":true,"href":"https:\/\/edublog.educastur.es\/ixuxu\/wp-json\/wp\/v2\/tags?post=67191"}],"curies":[{"name":"wp","href":"https:\/\/api.w.org\/{rel}","templated":true}]}}