{"id":67215,"date":"2026-02-01T13:00:04","date_gmt":"2026-02-01T11:00:04","guid":{"rendered":"https:\/\/edublog.educastur.es\/ixuxu\/?p=67215"},"modified":"2026-02-01T21:39:29","modified_gmt":"2026-02-01T19:39:29","slug":"muralia-consolidase-en-siero","status":"publish","type":"post","link":"https:\/\/edublog.educastur.es\/ixuxu\/2026\/02\/muralia-consolidase-en-siero\/","title":{"rendered":"Muralia consol\u00eddase en Siero"},"content":{"rendered":"<p>Muralia consol\u00eddase en Siero: suma venti grandes grafitis, espierta l&#8217;inter\u00e9s d&#8217;autores internacionales y prepara una sorpresa para angua\u00f1o. El<br \/>\npresupuestu municipal para&#8217;l programa algama los 80.000 euros y el plazu por que los vecinos soliciten una intervenci\u00f3n y\u00e1 s&#8217;atopa abierto. <a href=\"https:\/\/www.lne.es\/fotos\/siero\/2026\/01\/29\/muralia-vuelve-carga-siero-convoca-96997833.html\">GALER\u00cdA<\/a> \/<a href=\"https:\/\/www.lne.es\/siero\/2026\/01\/29\/muralia-consolida-siero-suma-veinte-126182939.html\">LNE<\/a><\/p>\n<p style=\"text-align: center\"><a href=\"https:\/\/estaticos-cdn.prensaiberica.es\/clip\/0665bf4f-5912-4b38-8305-53ae9c93fadb_16-9-discover-aspect-ratio_default_0_x705y354.jpg\"><img loading=\"lazy\" decoding=\"async\" class=\"aligncenter size-large\" src=\"https:\/\/estaticos-cdn.prensaiberica.es\/clip\/0665bf4f-5912-4b38-8305-53ae9c93fadb_16-9-discover-aspect-ratio_default_0_x705y354.jpg\" width=\"1200\" height=\"675\" \/><\/a><\/p>\n<p><!--more--><\/p>\n<blockquote class=\"wp-embedded-content\" data-secret=\"olXlKuCqWL\"><p><a href=\"https:\/\/www.ayto-siero.es\/%f0%9f%8e%a8-arranca-muralia-2026-el-arte-urbano-vuelve-a-llenar-de-color-siero\/\">\ud83c\udfa8 Arranca MURALIA 2026: el arte urbano vuelve a llenar de color Siero<\/a><\/p><\/blockquote>\n<p><iframe loading=\"lazy\" class=\"wp-embedded-content\" sandbox=\"allow-scripts\" security=\"restricted\" style=\"position: absolute; visibility: hidden;\" title=\"\u00ab\ud83c\udfa8 Arranca MURALIA 2026: el arte urbano vuelve a llenar de color Siero\u00bb \u2014 Ayuntamiento de Siero\" src=\"https:\/\/www.ayto-siero.es\/%f0%9f%8e%a8-arranca-muralia-2026-el-arte-urbano-vuelve-a-llenar-de-color-siero\/embed\/#?secret=PK2gfbi09b#?secret=olXlKuCqWL\" data-secret=\"olXlKuCqWL\" width=\"600\" height=\"338\" frameborder=\"0\" marginwidth=\"0\" marginheight=\"0\" scrolling=\"no\"><\/iframe><\/p>\n<p style=\"text-align: center\"><a href=\"https:\/\/www.ayto-siero.es\/wp-content\/uploads\/2024\/01\/MURALIA-WEB-1024x951.png\"><img loading=\"lazy\" decoding=\"async\" class=\"aligncenter size-large\" src=\"https:\/\/www.ayto-siero.es\/wp-content\/uploads\/2024\/01\/MURALIA-WEB-1024x951.png\" width=\"1024\" height=\"951\" \/><\/a><\/p>\n<p style=\"text-align: center\"><a href=\"https:\/\/estaticos-cdn.prensaiberica.es\/clip\/c18d3af4-6e3e-4b43-aba3-58f14157c19c_source-aspect-ratio_default_0.jpg\"><img loading=\"lazy\" decoding=\"async\" class=\"aligncenter size-large\" src=\"https:\/\/estaticos-cdn.prensaiberica.es\/clip\/c18d3af4-6e3e-4b43-aba3-58f14157c19c_source-aspect-ratio_default_0.jpg\" width=\"2000\" height=\"1500\" \/><\/a><\/p>\n<p style=\"text-align: center\"><a href=\"https:\/\/estaticos-cdn.prensaiberica.es\/clip\/33a39978-0b5f-4537-be9c-5dd948f3e79a_source-aspect-ratio_default_0.jpg\"><img loading=\"lazy\" decoding=\"async\" class=\"aligncenter size-large\" src=\"https:\/\/estaticos-cdn.prensaiberica.es\/clip\/33a39978-0b5f-4537-be9c-5dd948f3e79a_source-aspect-ratio_default_0.jpg\" width=\"1600\" height=\"1200\" \/><\/a><\/p>\n","protected":false},"excerpt":{"rendered":"<p>Muralia consol\u00eddase en Siero: suma venti grandes grafitis, espierta l&#8217;inter\u00e9s d&#8217;autores internacionales y prepara una sorpresa para angua\u00f1o. El presupuestu municipal para&#8217;l programa algama los 80.000 euros y el plazu por que los vecinos soliciten una intervenci\u00f3n y\u00e1 s&#8217;atopa abierto. GALER\u00cdA \/LNE<\/p>\n","protected":false},"author":117,"featured_media":0,"comment_status":"closed","ping_status":"closed","sticky":false,"template":"","format":"standard","meta":{"footnotes":""},"categories":[139,154],"tags":[],"class_list":["post-67215","post","type-post","status-publish","format-standard","hentry","category-dibuxos","category-parees"],"_links":{"self":[{"href":"https:\/\/edublog.educastur.es\/ixuxu\/wp-json\/wp\/v2\/posts\/67215","targetHints":{"allow":["GET"]}}],"collection":[{"href":"https:\/\/edublog.educastur.es\/ixuxu\/wp-json\/wp\/v2\/posts"}],"about":[{"href":"https:\/\/edublog.educastur.es\/ixuxu\/wp-json\/wp\/v2\/types\/post"}],"author":[{"embeddable":true,"href":"https:\/\/edublog.educastur.es\/ixuxu\/wp-json\/wp\/v2\/users\/117"}],"replies":[{"embeddable":true,"href":"https:\/\/edublog.educastur.es\/ixuxu\/wp-json\/wp\/v2\/comments?post=67215"}],"version-history":[{"count":1,"href":"https:\/\/edublog.educastur.es\/ixuxu\/wp-json\/wp\/v2\/posts\/67215\/revisions"}],"predecessor-version":[{"id":67216,"href":"https:\/\/edublog.educastur.es\/ixuxu\/wp-json\/wp\/v2\/posts\/67215\/revisions\/67216"}],"wp:attachment":[{"href":"https:\/\/edublog.educastur.es\/ixuxu\/wp-json\/wp\/v2\/media?parent=67215"}],"wp:term":[{"taxonomy":"category","embeddable":true,"href":"https:\/\/edublog.educastur.es\/ixuxu\/wp-json\/wp\/v2\/categories?post=67215"},{"taxonomy":"post_tag","embeddable":true,"href":"https:\/\/edublog.educastur.es\/ixuxu\/wp-json\/wp\/v2\/tags?post=67215"}],"curies":[{"name":"wp","href":"https:\/\/api.w.org\/{rel}","templated":true}]}}