{"id":67217,"date":"2026-02-01T14:00:55","date_gmt":"2026-02-01T12:00:55","guid":{"rendered":"https:\/\/edublog.educastur.es\/ixuxu\/?p=67217"},"modified":"2026-02-01T21:55:17","modified_gmt":"2026-02-01T19:55:17","slug":"asturies-a-la-cabeza-na-creacion-dempreses-dintelixencia-artificial","status":"publish","type":"post","link":"https:\/\/edublog.educastur.es\/ixuxu\/2026\/02\/asturies-a-la-cabeza-na-creacion-dempreses-dintelixencia-artificial\/","title":{"rendered":"Asturies, a la cabeza na creaci\u00f3n d&#8217;empreses d&#8217;intelixencia artificial"},"content":{"rendered":"<p style=\"text-align: center\"><span class=\"figure-caption text-right\"><strong class=\"pd-l\">F. Sotomonte <\/strong><\/span><a href=\"https:\/\/img.lavdg.com\/sc\/trYa4W9kKwVBLK-YAFJRU5Sw3yE=\/768x\/2025\/03\/26\/00121742991356723255935\/Foto\/IA2.jpg\"><img loading=\"lazy\" decoding=\"async\" class=\"aligncenter size-large\" src=\"https:\/\/img.lavdg.com\/sc\/trYa4W9kKwVBLK-YAFJRU5Sw3yE=\/768x\/2025\/03\/26\/00121742991356723255935\/Foto\/IA2.jpg\" width=\"768\" height=\"429\" \/><\/a><\/p>\n<p style=\"text-align: center\"><strong>Un estudiu asitia a Asturies a la cabeza na creaci\u00f3n d&#8217;empreses d&#8217;intelixencia artificial.<\/strong> <a href=\"https:\/\/www.lavozdeasturias.es\/noticia\/asturias\/2026\/01\/31\/estudio-situa-asturias-cabeza-creacion-empresas-inteligencia-artificial\/00031769856755403181802.htm\">La Voz<\/a><\/p>\n<p>El Princip\u00e1u as\u00edtiase como la tercer comunid\u00e1 con m\u00e1s puestos de trabayu n&#8217;IA respectu del total d&#8217;empl\u00e9u. Asturies asitiase ente les cinco comunidaes aut\u00f3nomes l\u00edderes na creaci\u00f3n d&#8217;intelixencia artificial, con una densid\u00e1 d&#8217;empreses natives IA del 0,43%, xuna cifra qu&#8217;asitia la comunid\u00e1 percima de la media nacional (0,42%). El informe pue consultase nel enllaz: <a href=\"https:\/\/goo.su\/dJGUQ\" target=\"_blank\" rel=\"noopener\">https:\/\/goo.su\/dJGUQ<\/a><\/p>\n<p><!--more--><\/p>\n<p>Un estudiu de la Fundaci\u00f3n Ram\u00f3n Areces y l&#8217;Institutu Valencianu d&#8217;Investigaciones Econ\u00f3miques reflexa que&#8217;l Princip\u00e1u presenta <strong>estos datos, qu&#8217;asitien a la rex\u00f3n al mesmu nivel qu&#8217;autonom\u00edes como Catalu\u00f1a y Pa\u00eds Vascu.<\/strong><\/p>\n<p>Esi porcentaxe confirma qu&#8217;Asturies ta liderando la revoluci\u00f3n dixital dende la base de la creaci\u00f3n d&#8217;empreses, destaca&#8217;l Gobiernu auton\u00f3micu nuna nota.<\/p>\n<p><strong>Les compa\u00f1\u00edes natives d&#8217;IA son aquelles fundaes espec\u00edficamente pa desenvolver soluciones d&#8217;intelixencia artificial<\/strong>, lo que demuestra la esistencia d&#8217;un ecosistema entamador y de talentu altamente cualific\u00e1u na comunid\u00e1, y nesti \u00e1mbitu,<\/p>\n<p>L&#8217;estudiu asitia Asturies como referencia tecnol\u00f3xica de la so redolada xeogr\u00e1fica m\u00e1s cercanu nel que Galicia (0,33%) y Castiella y Lli\u00f3n (0,26%) rexistren porcentaxes inferiores.<\/p>\n<p>Am\u00e1s, en t\u00e9rminos d&#8217;empl\u00e9u, el Princip\u00e1u as\u00edtiase como la tercer comunid\u00e1 con m\u00e1s puestos de trabayu n&#8217;IA respectu del total d&#8217;empl\u00e9u.<\/p>\n<p style=\"text-align: center\"><a href=\"https:\/\/actualidad.asturias.es\/documents\/537115\/3053697\/inteligencia+artificial.jpg\/8dce0d31-5baa-031e-f73d-32e75b17a61e?t=1769790502325\"><img loading=\"lazy\" decoding=\"async\" class=\"aligncenter \" src=\"https:\/\/actualidad.asturias.es\/documents\/537115\/3053697\/inteligencia+artificial.jpg\/8dce0d31-5baa-031e-f73d-32e75b17a61e?t=1769790502325\" width=\"720\" height=\"405\" \/><\/a><\/p>\n<p>La Conseyer\u00eda de Ciencia, Industria y Empl\u00e9u valora esti datu como un indicador d&#8217;\u00e9situ nel procesu de tresformamientu del tex\u00edu granible, dientro del marcu xeneral de meyora y meyora de la innovaci\u00f3n empresarial nel Princip\u00e1u nos \u00faltimos a\u00f1os.<\/p>\n<p>\u00abAsturies ta demostrando que tien la materia primo m\u00e1s pervalible del sieglu XXI: el talentu pa crear tecnolox\u00eda propia. Nun precisamos importar innovaci\u00f3n, tamos fabric\u00e1ndolo equ\u00ed\u00bb, destaca&#8217;l conseyeru Borja S\u00e1nchez.<\/p>\n<p>L&#8217;informe tami\u00e9n reflexa una \u00aboportunid\u00e1 estrat\u00e9xica clave\u00bb, una y bones la mayor implantaci\u00f3n de l&#8217;IA ta d\u00e1ndose nos sectores d&#8217;informaci\u00f3n y comunicaciones y nel d&#8217;actividaes profesionales.<\/p>\n<p>Magar Asturies ye l\u00edder n&#8217;ufierta de tecnolox\u00eda, la demanda per parte de les empreses ent\u00e1 tien percorr\u00edu, pos solo&#8217;l 11,5% de les compa\u00f1\u00edes con m\u00e1s de diez trabayadores utilicen soluciones basaes n&#8217;IA, un porcentaxe ye del 3,8% nel casu de la industria; inform\u00f3 Efe.<\/p>\n<p>&nbsp;<\/p>\n","protected":false},"excerpt":{"rendered":"<p>F. Sotomonte Un estudiu asitia a Asturies a la cabeza na creaci\u00f3n d&#8217;empreses d&#8217;intelixencia artificial. La Voz El Princip\u00e1u as\u00edtiase como la tercer comunid\u00e1 con m\u00e1s puestos de trabayu n&#8217;IA respectu del total d&#8217;empl\u00e9u. Asturies asitiase ente les cinco comunidaes aut\u00f3nomes l\u00edderes na creaci\u00f3n d&#8217;intelixencia artificial, con una densid\u00e1 d&#8217;empreses natives IA del 0,43%, xuna [&hellip;]<\/p>\n","protected":false},"author":117,"featured_media":0,"comment_status":"closed","ping_status":"closed","sticky":false,"template":"","format":"standard","meta":{"footnotes":""},"categories":[261,54],"tags":[],"class_list":["post-67217","post","type-post","status-publish","format-standard","hentry","category-intelixencia-artificial","category-trabayu"],"_links":{"self":[{"href":"https:\/\/edublog.educastur.es\/ixuxu\/wp-json\/wp\/v2\/posts\/67217","targetHints":{"allow":["GET"]}}],"collection":[{"href":"https:\/\/edublog.educastur.es\/ixuxu\/wp-json\/wp\/v2\/posts"}],"about":[{"href":"https:\/\/edublog.educastur.es\/ixuxu\/wp-json\/wp\/v2\/types\/post"}],"author":[{"embeddable":true,"href":"https:\/\/edublog.educastur.es\/ixuxu\/wp-json\/wp\/v2\/users\/117"}],"replies":[{"embeddable":true,"href":"https:\/\/edublog.educastur.es\/ixuxu\/wp-json\/wp\/v2\/comments?post=67217"}],"version-history":[{"count":3,"href":"https:\/\/edublog.educastur.es\/ixuxu\/wp-json\/wp\/v2\/posts\/67217\/revisions"}],"predecessor-version":[{"id":67223,"href":"https:\/\/edublog.educastur.es\/ixuxu\/wp-json\/wp\/v2\/posts\/67217\/revisions\/67223"}],"wp:attachment":[{"href":"https:\/\/edublog.educastur.es\/ixuxu\/wp-json\/wp\/v2\/media?parent=67217"}],"wp:term":[{"taxonomy":"category","embeddable":true,"href":"https:\/\/edublog.educastur.es\/ixuxu\/wp-json\/wp\/v2\/categories?post=67217"},{"taxonomy":"post_tag","embeddable":true,"href":"https:\/\/edublog.educastur.es\/ixuxu\/wp-json\/wp\/v2\/tags?post=67217"}],"curies":[{"name":"wp","href":"https:\/\/api.w.org\/{rel}","templated":true}]}}