{"id":67219,"date":"2026-02-01T14:00:24","date_gmt":"2026-02-01T12:00:24","guid":{"rendered":"https:\/\/edublog.educastur.es\/ixuxu\/?p=67219"},"modified":"2026-02-01T21:51:50","modified_gmt":"2026-02-01T19:51:50","slug":"el-preciu-de-la-vivienda-crez-nasturies-18-vegaes-mas-que-la-so-poblacion","status":"publish","type":"post","link":"https:\/\/edublog.educastur.es\/ixuxu\/2026\/02\/el-preciu-de-la-vivienda-crez-nasturies-18-vegaes-mas-que-la-so-poblacion\/","title":{"rendered":"El preciu de la vivienda crez n&#8217;Asturies 18 vegaes m\u00e1s que la so poblaci\u00f3n"},"content":{"rendered":"<p style=\"text-align: center\"><a href=\"https:\/\/img.lavdg.com\/sc\/QyWtg6_s2eec0brhcTAddtd38Ss=\/768x\/2025\/11\/03\/00121762171218552423626\/Foto\/case.jpg\"><img loading=\"lazy\" decoding=\"async\" class=\"aligncenter size-large\" src=\"https:\/\/img.lavdg.com\/sc\/QyWtg6_s2eec0brhcTAddtd38Ss=\/768x\/2025\/11\/03\/00121762171218552423626\/Foto\/case.jpg\" width=\"768\" height=\"432\" \/><\/a><\/p>\n<p>Los informes econ\u00f3micos apunten a una sustituci\u00f3n de la demanda local por inversores y compradores venceyaos al curiosu residencial del norte. Asturies fren\u00f3 nos \u00faltimos a\u00f1os el cayente demogr\u00e1ficu y c\u00fantense ente les comunidaes que gana poblaci\u00f3n, pero a unos niveles bien baxos, apenes lo suficiente pa caltener el mill\u00f3n d&#8217;habitantes. Asturies ye, al par, xuna de les comunidaes nes que s&#8217;esperiment\u00f3 un notable aumentu del preciu de la vivienda y y una crecedera esponencial de les operaciones nel merc\u00e1u inmobiliariu. Si esa puxanza nun se debe a un aumentu del mesmu nivel \u00bfpor qu\u00e9 ta asocediendo?<\/p>\n<p><!--more--><\/p>\n<p>Los detalles de la entruga y dellos posibles de les respuestes at\u00f3pase en dos estudios econ\u00f3micos reci\u00e9n. Per un sitiu ta Preciu de la vivienda y crecedera poblacional, de Funcas, que detalla qu<strong>&#8216;a nivel nacional l&#8217;aumentu de los precios de la vivienda multiplic\u00f3 por seis l&#8217;aumentu de la poblaci\u00f3n<\/strong>, Espa\u00f1a ta abargana de llegar a los 50 millones d&#8217;habitantes. Pero les circunstancies d&#8217;Asturies nun son eses, nel Princip\u00e1u la medr\u00eda de los precios ye 18 vegaes mayor que l&#8217;aumentu de poblaci\u00f3n.<\/p>\n<p>Dientro d&#8217;esti anal\u00eds, Asturies as\u00edtiase dientro d&#8217;un grupu espec\u00edficu de provincies nes que&#8217;l merc\u00e1u inmobiliariu amuesa una evoluci\u00f3n singular, marcada por <strong>un fuerte encarecimientu de la vivienda magar una crecedera demogr\u00e1fica moder\u00e1u.<\/strong> Seg\u00fan esti informe, el preciu de la vivienda na comunid\u00e1 aumentar\u00eda percima del 27,1%, que ye la media nacional rexistrada dende finales de 2021 hasta&#8217;l tercer trimestre de 2025, ente que la evoluci\u00f3n de la poblaci\u00f3n calt\u00favose per debaxo del 4,1% del conxuntu d&#8217;Espa\u00f1a. Esti desaxuste indica que, <strong>anque la poblaci\u00f3n creza pocu o inclusive s&#8217;estanque, los precios non solo nun se frenen, sin\u00f3n que siguen a l&#8217;alza.<\/strong><\/p>\n<p>L&#8217;estudiu encuadra a Asturies nun grupu form\u00e1u por ocho provincies con traces comunes, ente les que s&#8217;atopen territorios con un marc\u00e1u curiosu tur\u00edsticu o residencial, como C\u00e1diz, Santa Cruz de Tenerife o Cantabria. Nestos casos, la presi\u00f3n sobro los precios nun respuende tantu a un aumentu sosten\u00edu de residentes permanentes como a otros factores venceyaos al merc\u00e1u, como l&#8217;inter\u00e9s tur\u00edsticu o la inversi\u00f3n en segunda residencia. Esto ye, <strong>lo que l&#8217;anal\u00eds suxure ye que n&#8217;Asturies se ta produciendo un fen\u00f3menu de sustituci\u00f3n de demanda: el comprador nun ye necesariamente&#8217;l mozu local que busca la so primer vivienda pa trabayar, sin\u00f3n l&#8217;inversor o&#8217;l turista que busca xuna segunda residencia nel abelugu clim\u00e1ticu del norte.<\/strong><\/p>\n<p>L&#8217;otru estudiu qu&#8217;apunta respuesta ye l&#8217;Observatoriu rexonal de BBVA Research nel que se destaca qu&#8217;<strong>Asturies ye la comunid\u00e1 na que se rexistr\u00f3 una mayor medr\u00eda d&#8217;operaciones inmobiliaries<\/strong>, <strong>el Princip\u00e1u ye un puntu caliente del merc\u00e1u de la vivienda, non y\u00e1 nel norte sin\u00f3n en tol pa\u00eds.<\/strong> Y les claves t\u00e1n na puxanza del sector tur\u00edsticu y na compra de segunda residencia, non nuna demanda de la poblaci\u00f3n local.<\/p>\n<p>Nel informe de BBVA Research les perspectives del merc\u00e1u inmobiliariu pal periodu 2026-2027 asitien a la vivienda como uno de los principales factores de tensi\u00f3n estructural na econom\u00eda espa\u00f1ola. Seg\u00fan, el so anal\u00eds, la escasez d&#8217;ufierta, atropada mientres a\u00f1os, sigui condicionando l&#8217;accesu a la vivienda en gran parte del territoriu, anque l&#8217;anal\u00eds identifica diferencies significatives ente comunidaes. S\u00eda que non, <strong>Asturies apaez como un de los territorios con un mayor grau d&#8217;equilibriu ente la creaci\u00f3n de nuevos llares y la construcci\u00f3n de vivienda.<\/strong><\/p>\n<p>A escala nacional, l&#8217;estudiu describe un d\u00e9ficit persistente. Ente 2021 y 2025, les viviendes terminaes n&#8217;Espa\u00f1a solo cubrir\u00eden el 43% de los nuevos llares creaos, una fienda qu&#8217;esplica bona parte de la presi\u00f3n sobro los precios. Pal bienio 2026-2027 prevese una meyora, con una producci\u00f3n qu&#8217;algamar\u00eda&#8217;l 56% de la demanda, anque esta evoluci\u00f3n siguir\u00eda dexando ensin respuesta a casi la met\u00e1 de los nuevos llares. La situaci\u00f3n ye especialmente acusada nel arcu Mediterr\u00e1neu y en Canaries, onde nin siquier nos pr\u00f3ximos dos a\u00f1os llograr\u00edase cubrir el 50% de les necesidaes habitacionales.<\/p>\n<p>Frente a esti escenariu, Asturies presenta indicadores m\u00e1s favorables. Mientres el periodu 2021-2025, la comunid\u00e1 llograr\u00eda rematar viviendes equivalentes a alredor del 65% de los llares creaos, una cifra claramente cimera a la media estatal. Les previsiones pa 2026 y 2027 apunten a un mayor aproximamientu al equilibriu, con una cobertoria envalorada del 83% de la demanda residencial. A ello s\u00famase&#8217;l dinamismu del merc\u00e1u: <strong>el Princip\u00e1u as\u00edtiase como la rex\u00f3n con mayor crecedera nes transacciones de vivienda en comparanza colos niveles de 2019.<\/strong><\/p>\n<p>Sicas\u00ed, l&#8217;informe tami\u00e9n sorraya les dificultaes d&#8217;accesu derivaes del esfuerzu econ\u00f3micu que supon la compra d&#8217;una vivienda. <strong>N&#8217;Asturies, el ciudadanu medio precisar\u00eda destinar el salariu \u00edntegru de 5,6 a\u00f1os p&#8217;adquirir una viviend<\/strong>a, un nivel elev\u00e1u anque inferior al rexistr\u00e1u en comunidaes como Baleares, onde l&#8217;esfuerzu av\u00e9rase a los nueve a\u00f1os, o en Pa\u00eds Vascu, Madrid y Canaries, toes percima de los siete.<\/p>\n","protected":false},"excerpt":{"rendered":"<p>Los informes econ\u00f3micos apunten a una sustituci\u00f3n de la demanda local por inversores y compradores venceyaos al curiosu residencial del norte. Asturies fren\u00f3 nos \u00faltimos a\u00f1os el cayente demogr\u00e1ficu y c\u00fantense ente les comunidaes que gana poblaci\u00f3n, pero a unos niveles bien baxos, apenes lo suficiente pa caltener el mill\u00f3n d&#8217;habitantes. Asturies ye, al par, [&hellip;]<\/p>\n","protected":false},"author":117,"featured_media":0,"comment_status":"closed","ping_status":"closed","sticky":false,"template":"","format":"standard","meta":{"footnotes":""},"categories":[455],"tags":[],"class_list":["post-67219","post","type-post","status-publish","format-standard","hentry","category-vivienda"],"_links":{"self":[{"href":"https:\/\/edublog.educastur.es\/ixuxu\/wp-json\/wp\/v2\/posts\/67219","targetHints":{"allow":["GET"]}}],"collection":[{"href":"https:\/\/edublog.educastur.es\/ixuxu\/wp-json\/wp\/v2\/posts"}],"about":[{"href":"https:\/\/edublog.educastur.es\/ixuxu\/wp-json\/wp\/v2\/types\/post"}],"author":[{"embeddable":true,"href":"https:\/\/edublog.educastur.es\/ixuxu\/wp-json\/wp\/v2\/users\/117"}],"replies":[{"embeddable":true,"href":"https:\/\/edublog.educastur.es\/ixuxu\/wp-json\/wp\/v2\/comments?post=67219"}],"version-history":[{"count":2,"href":"https:\/\/edublog.educastur.es\/ixuxu\/wp-json\/wp\/v2\/posts\/67219\/revisions"}],"predecessor-version":[{"id":67221,"href":"https:\/\/edublog.educastur.es\/ixuxu\/wp-json\/wp\/v2\/posts\/67219\/revisions\/67221"}],"wp:attachment":[{"href":"https:\/\/edublog.educastur.es\/ixuxu\/wp-json\/wp\/v2\/media?parent=67219"}],"wp:term":[{"taxonomy":"category","embeddable":true,"href":"https:\/\/edublog.educastur.es\/ixuxu\/wp-json\/wp\/v2\/categories?post=67219"},{"taxonomy":"post_tag","embeddable":true,"href":"https:\/\/edublog.educastur.es\/ixuxu\/wp-json\/wp\/v2\/tags?post=67219"}],"curies":[{"name":"wp","href":"https:\/\/api.w.org\/{rel}","templated":true}]}}