{"id":67263,"date":"2026-02-02T17:11:37","date_gmt":"2026-02-02T15:11:37","guid":{"rendered":"https:\/\/edublog.educastur.es\/ixuxu\/?p=67263"},"modified":"2026-02-02T17:11:37","modified_gmt":"2026-02-02T15:11:37","slug":"la-llista-de-lo-mas-escuchao-en-plataformes-musicales-en-2025","status":"publish","type":"post","link":"https:\/\/edublog.educastur.es\/ixuxu\/2026\/02\/la-llista-de-lo-mas-escuchao-en-plataformes-musicales-en-2025\/","title":{"rendered":"La llista de lo m\u00e1s escuchao en plataformes musicales en 2025"},"content":{"rendered":"<div class=\"elementor-element elementor-element-72daa04 e-con-full e-flex e-con e-child\" data-id=\"72daa04\" data-element_type=\"container\">\n<div class=\"elementor-element elementor-element-667e3c7 elementor-widget__width-inherit elementor-widget elementor-widget-theme-post-title elementor-page-title elementor-widget-heading\" data-id=\"667e3c7\" data-element_type=\"widget\" data-widget_type=\"theme-post-title.default\">\n<div class=\"elementor-widget-container\">\n<p class=\"elementor-heading-title elementor-size-default\">Musicasturiana.com publica la llista de lo m\u00e1s escuchao en plataformes musicales en 2025. El cat\u00e1logu de m\u00e1s de 500 referencies qu&#8217;alministra tuvo m\u00e1s de cuatro millones de reproducciones qu&#8217;aportaron dende 145 pa\u00edses de tol mundu. <a href=\"https:\/\/musicasturiana.com\/musicasturiana-com-publica-la-llista-de-lo-mas-escuchao-en-plataformes-musicales-en-2025\/?fbclid=IwY2xjawPtnHpleHRuA2FlbQIxMQBicmlkETFtTUFWRWdyNUVTdXJuRkhjc3J0YwZhcHBfaWQQMjIyMDM5MTc4ODIwMDg5MgABHhxtm-W-GfgL3dOHfBxSHBRqoshNVOmnahzxJXY8sb3Zf7nrtLvD0o12FBLa_aem_0JB7LrsBjSr-hmrkS_9GNw\">Musicasturiana.com<\/a><\/p>\n<\/div>\n<\/div>\n<div class=\"elementor-element elementor-element-6138e4e elementor-widget__width-inherit elementor-widget elementor-widget-theme-post-featured-image elementor-widget-image\" data-id=\"6138e4e\" data-element_type=\"widget\" data-widget_type=\"theme-post-featured-image.default\">\n<div class=\"elementor-widget-container\"><img loading=\"lazy\" decoding=\"async\" class=\"attachment-full  wp-image-47279 aligncenter\" src=\"https:\/\/musicasturiana.com\/wp-content\/uploads\/2026\/02\/altavoces.jpg\" alt=\"\" width=\"799\" height=\"400\" \/><\/div>\n<\/div>\n<div class=\"elementor-element elementor-element-3f891ad elementor-align-center elementor-widget elementor-widget-post-info\" data-id=\"3f891ad\" data-element_type=\"widget\" data-widget_type=\"post-info.default\">\n<div class=\"elementor-widget-container\"><\/div>\n<\/div>\n<\/div>\n<div class=\"elementor-element elementor-element-eea4e26 e-con-full e-flex e-con e-child\" data-id=\"eea4e26\" data-element_type=\"container\">\n<div class=\"elementor-element elementor-element-9bc739f e-con-full e-flex e-con e-child\" data-id=\"9bc739f\" data-element_type=\"container\">\n<div class=\"elementor-element elementor-element-2d6b391 elementor-share-buttons--view-icon elementor-share-buttons--skin-minimal elementor-share-buttons--shape-circle elementor-grid-mobile-3 elementor-share-buttons--align-right elementor-share-buttons--color-custom elementor-widget__width-auto elementor-widget-tablet__width-auto elementor-grid-0 elementor-widget elementor-widget-share-buttons\" data-id=\"2d6b391\" data-element_type=\"widget\" data-widget_type=\"share-buttons.default\">\n<div class=\"elementor-widget-container\">\n<div class=\"elementor-grid\">\n<div class=\"elementor-grid-item\">\n<div class=\"elementor-share-btn elementor-share-btn_facebook\" role=\"button\" aria-label=\"Compartir en facebook\"><\/div>\n<\/div>\n<\/div>\n<\/div>\n<\/div>\n<\/div>\n<\/div>\n<p><!--more--><\/p>\n<div class=\"elementor-element elementor-element-a767a8c elementor-widget__width-inherit elementor-widget elementor-widget-theme-post-content\" data-id=\"a767a8c\" data-element_type=\"widget\" data-widget_type=\"theme-post-content.default\">\n<div class=\"elementor-widget-container\">\n<p>Dende que musicasturiana.com entam\u00f3\u2019l so llabor de distribuci\u00f3n dixital en branu de\u00a0<strong>2017<\/strong>, vien publicando peri\u00f3dicamente llistes colos\u00a0<strong>artistes, cantares y \u00e1lbumes m\u00e1s sent\u00edos en plataformes musicales\u00a0<\/strong>de tol\u00a0<strong>cat\u00e1logu qu\u2019alministra<\/strong>\u00a0y que ta form\u00e1u por\u00a0<strong>m\u00e1s de 500 referencies<\/strong>. Nel pas\u00e1u\u00a0<strong>2025\u00a0<\/strong>estes referencies algamaron m\u00e1s de<strong>\u00a04 millones de reproducciones<\/strong>\u00a0nes plataformes de\u00a0<strong>streaming\u00a0<\/strong>(Spotify, Apple Music, Amazon Music, Deezer, Soundcloud\u2026) a lo llargo de\u00a0<strong>145 pa\u00edses\u00a0<\/strong>de tol mundu.<\/p>\n<h2 class=\"wp-block-heading has-text-color has-link-color wp-elements-818db72a21c7bea765fdba150d6b83e2\" style=\"text-align: center\"><span style=\"color: #008080\">Artistes m\u00e1s escuchaos en 2025<\/span><\/h2>\n<p>1. Dixebra \u2014\u00a0<strong>174.860 reproducciones.<\/strong>\u00a0La banda m\u00e1s veterana del rock astur, con un inconfundible son\u00edu qu\u2019amesta rock, punk, ska, reggae, funk\u2026 a lo llargo d\u2019una estensa discograf\u00eda<strong>.<\/strong><\/p>\n<figure class=\"wp-block-embed is-type-rich is-provider-spotify wp-block-embed-spotify\">\n<div class=\"wp-block-embed__wrapper\"><\/div>\n<\/figure>\n<div class=\"wp-block-spacer\" aria-hidden=\"true\"><\/div>\n<p class=\"wp-block-heading\">2. Llan de Cubel \u2014\u00a0<strong>142.523 reproducciones. <\/strong>Unos imprescindibles del folk asturianu que lleven dende mediaos de los a\u00f1os 80 recuperando, reinterpretando y calteniendo la tradici\u00f3n sonora del pa\u00eds.<\/p>\n<figure class=\"wp-block-embed is-type-rich is-provider-spotify wp-block-embed-spotify\">\n<div class=\"wp-block-embed__wrapper\"><\/div>\n<\/figure>\n<div class=\"wp-block-spacer\" aria-hidden=\"true\"><\/div>\n<p class=\"wp-block-heading\">3. Spanta la Xente \u2014\u00a0<strong>119.693 reproducciones.\u00a0<\/strong>La banda l.leniza de folk-rock lleva un tiempu ensin asoleyar material nuevu ni dar conciertos, pero\u2019l p\u00fablicu sigue sintiendo la so m\u00fasica y naguando por un regresu.<\/p>\n<figure class=\"wp-block-embed is-type-rich is-provider-spotify wp-block-embed-spotify\">\n<div class=\"wp-block-embed__wrapper\"><\/div>\n<\/figure>\n<div class=\"wp-block-spacer\" aria-hidden=\"true\"><\/div>\n<p class=\"wp-block-heading\">4. Corqui\u00e9u \u2014\u00a0<strong>107.410 reproducciones. <\/strong>Otros cl\u00e1sicos del folk celta asturianu, con cuasi 30 a\u00f1os d\u2019activid\u00e1 y que\u2019l pas\u00e1u 2025 volvieron a sacar material discogr\u00e1ficu col EP\u00a0<em>El Zanj\u00f3n<\/em>.<\/p>\n<div class=\"wp-block-embed__wrapper\"><\/div>\n<p class=\"wp-block-spacer\" aria-hidden=\"true\">\n<p class=\"wp-block-heading\">5. Skama la Rede \u2014\u00a0<strong>103.461 reproducciones.\u00a0<\/strong>Esta banda de punk-ska-folk festex\u00f3\u2019l pas\u00e1u a\u00f1u 20 a\u00f1os d\u2019activid\u00e1 llanzando un trabayu nuevu que calti\u00e9n el so estilu reivindicativu y festivu.<\/p>\n<figure class=\"wp-block-embed is-type-rich is-provider-spotify wp-block-embed-spotify\">\n<div class=\"wp-block-embed__wrapper\"><\/div>\n<\/figure>\n<div class=\"wp-block-spacer\" aria-hidden=\"true\"><\/div>\n<p class=\"wp-block-heading\">6. Felpeyu \u2014\u00a0<strong>101.741 reproducciones. <\/strong>Otra de les bandes m\u00e1s importantes del folk asturianu ac\u00fasticu que\u2019l pas\u00e1u a\u00f1u torn\u00f3 col EP\u00a0<em>Si quies que baille contigo<\/em>.<\/p>\n<figure class=\"wp-block-embed is-type-rich is-provider-spotify wp-block-embed-spotify\">\n<div class=\"wp-block-embed__wrapper\"><\/div>\n<\/figure>\n<div class=\"wp-block-spacer\" aria-hidden=\"true\"><\/div>\n<p class=\"wp-block-heading\">7. Skontra \u2014\u00a0<strong>84.924 reproducciones. <\/strong>Anque lleven dende 2015 ensin publicar un trabayu, esta banda punk-folk sigue siendo una de les m\u00e1s escuchaes del x\u00e9neru.<\/p>\n<figure class=\"wp-block-embed is-type-rich is-provider-spotify wp-block-embed-spotify\">\n<div class=\"wp-block-embed__wrapper\"><\/div>\n<\/figure>\n<div class=\"wp-block-spacer\" aria-hidden=\"true\"><\/div>\n<p class=\"wp-block-heading\">8. Muyeres \u2014\u00a0<strong>80.944 reproducciones.\u00a0<\/strong>L\u2019agrupaci\u00f3n de m\u00fasica tradicional y la so discograf\u00eda son una ayalga pa caltener y esparder los son\u00edos de raiga\u00f1u del pa\u00eds.<\/p>\n<figure class=\"wp-block-embed is-type-rich is-provider-spotify wp-block-embed-spotify\">\n<div class=\"wp-block-embed__wrapper\"><\/div>\n<\/figure>\n<div class=\"wp-block-spacer\" aria-hidden=\"true\"><\/div>\n<p class=\"wp-block-heading\">9. Banda Gaites Llac\u00edn \u2014\u00a0<strong>69.721 reproducciones. <\/strong>La banda de gaites llanisca llanz\u00f3 en 2025 el so tercer trabayu,\u00a0<em>Resollu<\/em>, y n\u00e9l contin\u00faa una llinia sonora qu\u2019apuesta por tener un pie na tradici\u00f3n y otru na modernid\u00e1.<\/p>\n<figure class=\"wp-block-embed is-type-rich is-provider-spotify wp-block-embed-spotify\">\n<div class=\"wp-block-embed__wrapper\"><\/div>\n<\/figure>\n<div class=\"wp-block-spacer\" aria-hidden=\"true\"><\/div>\n<p class=\"wp-block-heading\">10. Algaire\u00a0<strong>\u2014 71.432 reproducciones.\u00a0<\/strong>Con un \u00fanicu discu public\u00e1u, el cuartetu de m\u00fasica tradicional renovada convi\u00e9rtese n\u00fan de los artistes m\u00e1s escuchaos del pa\u00eds.<\/p>\n<figure class=\"wp-block-embed is-type-rich is-provider-spotify wp-block-embed-spotify\">\n<div class=\"wp-block-embed__wrapper\"><\/div>\n<\/figure>\n<div class=\"wp-block-spacer\" aria-hidden=\"true\"><\/div>\n<hr class=\"wp-block-separator has-alpha-channel-opacity\" \/>\n<h2 class=\"wp-block-heading\" style=\"text-align: center\"><mark class=\"has-inline-color\">Cantares m\u00e1s escuchaos en 2025<\/mark><\/h2>\n<p class=\"wp-block-heading\">1. Guti \u2013\u00a0<em>Pasucais de la madre\u00f1a<\/em>\u00a0<strong>\u2014 35.005 reproducciones. <\/strong>Pieza tradicional del gaiteru Guti recoyida nesti discu asoley\u00e1u en 2003.<\/p>\n<figure class=\"wp-block-embed is-type-rich is-provider-spotify wp-block-embed-spotify\">\n<div class=\"wp-block-embed__wrapper\"><\/div>\n<\/figure>\n<div class=\"wp-block-spacer\" aria-hidden=\"true\"><\/div>\n<p class=\"wp-block-heading\">2. Felpeyu \u2013\u00a0<em>Escaecimientu<strong>\u00a0\u2014\u00a0<\/strong><\/em><strong>17.865 reproducciones.\u00a0<\/strong>\u00dan de los himnos m\u00e1s actuales de Felpeyu, con lletra dedicada a la memoria hist\u00f3rica.<\/p>\n<figure class=\"wp-block-embed is-type-rich is-provider-spotify wp-block-embed-spotify\">\n<div class=\"wp-block-embed__wrapper\"><\/div>\n<\/figure>\n<div class=\"wp-block-spacer\" aria-hidden=\"true\"><\/div>\n<h3 class=\"wp-block-heading\">3. Felpeyu \u2013\u00a0<em>Ferreir\u00edn\u00a0<strong>\u2014<\/strong><\/em><strong>\u00a017.732 reproducciones<\/strong><\/h3>\n<p>Cantar escrito n\u2019asturianu occidental que trata la tem\u00e1tica de la emigraci\u00f3n nel mundu rural.<\/p>\n<figure class=\"wp-block-embed is-type-rich is-provider-spotify wp-block-embed-spotify\">\n<div class=\"wp-block-embed__wrapper\"><\/div>\n<\/figure>\n<div class=\"wp-block-spacer\" aria-hidden=\"true\"><\/div>\n<h3 class=\"wp-block-heading\">4. Spanta la Xente \u2013\u00a0<em>Sones: \u201cAs\u00ed Suena Esta Tierra\u201d<\/em><strong> \u2014 17.362 reproducciones. <\/strong>Un orixinal himnu dedic\u00e1u a la m\u00fasica\u2019l pa\u00eds.<\/h3>\n<figure class=\"wp-block-embed is-type-rich is-provider-spotify wp-block-embed-spotify\">\n<div class=\"wp-block-embed__wrapper\"><\/div>\n<\/figure>\n<div class=\"wp-block-spacer\" aria-hidden=\"true\"><\/div>\n<h3 class=\"wp-block-heading\">5. Spanta la Xente \u2013<em>\u00a0La Mio Asturies<\/em>\u00a0\u2014\u00a0<strong>15.423 reproducciones.\u00a0<\/strong>Cantar del grupu folk-rock centr\u00e1u n\u2019Asturies.<\/h3>\n<figure class=\"wp-block-embed is-type-rich is-provider-spotify wp-block-embed-spotify\">\n<div class=\"wp-block-embed__wrapper\"><\/div>\n<\/figure>\n<div class=\"wp-block-spacer\" aria-hidden=\"true\"><\/div>\n<h3 class=\"wp-block-heading\">6. Felpeyu \u2013\u00a0<em>Pr\u00e9stame dir<strong>\u00a0\u2014\u00a0<\/strong><\/em><strong>14.713 reproducciones.\u00a0<\/strong>Tema nel que la m\u00edtica formaci\u00f3n fai gala na lletra del so humor caracter\u00edsticu.<\/h3>\n<figure class=\"wp-block-embed is-type-rich is-provider-spotify wp-block-embed-spotify\">\n<div class=\"wp-block-embed__wrapper\"><\/div>\n<\/figure>\n<div class=\"wp-block-spacer\" aria-hidden=\"true\"><\/div>\n<h3 class=\"wp-block-heading\">7. Skama la Rede \u2013\u00a0<em>Asturies borracha\u00a0<strong>\u2014\u00a0<\/strong><\/em><strong>14.066 reproducciones.\u00a0<\/strong>Iron\u00eda y reivindicaci\u00f3n n\u00fan de los primeros cantares qu\u2019asoley\u00f3 esta banda lluanco-candasina-maliaya.<\/h3>\n<figure class=\"wp-block-embed is-type-rich is-provider-spotify wp-block-embed-spotify\">\n<div class=\"wp-block-embed__wrapper\"><\/div>\n<\/figure>\n<div class=\"wp-block-spacer\" aria-hidden=\"true\"><\/div>\n<h3 class=\"wp-block-heading\">8. Llan de Cubel \u2013\u00a0<em>La xibarte \u2014\u00a0<\/em><strong>13.724 reproducciones.\u00a0<\/strong>Pieza instrumental del \u00faltimu trabayu public\u00e1u por esta banda fundamental de la m\u00fasica asturiana.<\/h3>\n<figure class=\"wp-block-embed is-type-rich is-provider-spotify wp-block-embed-spotify\">\n<div class=\"wp-block-embed__wrapper\"><\/div>\n<\/figure>\n<div class=\"wp-block-spacer\" aria-hidden=\"true\"><\/div>\n<h3 class=\"wp-block-heading\">9. Muyeres \u2013\u00a0<em>Don Federico<strong>\u00a0\u2014<\/strong><\/em><strong> 13.329 reproducciones.\u00a0<\/strong>El cantar qu\u2019abre\u2019l primer discu onde Muyeres incl\u00fai temes de composici\u00f3n propia.<\/h3>\n<figure class=\"wp-block-embed is-type-rich is-provider-spotify wp-block-embed-spotify\">\n<div class=\"wp-block-embed__wrapper\"><\/div>\n<\/figure>\n<div class=\"wp-block-spacer\" aria-hidden=\"true\"><\/div>\n<h3 class=\"wp-block-heading\">10. Dixebra \u2013\u00a0<em>El burru<\/em><strong> \u2014 12.748 reproducciones.\u00a0<\/strong>Ska y son\u00edos balc\u00e1nicos n\u00fan tema que la banda rock-astur dedic\u00f3 a un fechu asoced\u00edu mentanto la revoluci\u00f3n d\u2019ochobre de 1934.<\/h3>\n<figure class=\"wp-block-embed is-type-rich is-provider-spotify wp-block-embed-spotify\">\n<div class=\"wp-block-embed__wrapper\"><\/div>\n<\/figure>\n<div class=\"wp-block-spacer\" aria-hidden=\"true\"><\/div>\n<hr class=\"wp-block-separator has-alpha-channel-opacity\" \/>\n<h2 class=\"wp-block-heading\" style=\"text-align: center\"><mark class=\"has-inline-color\">\u00c1lbumes m\u00e1s escuchaos en 2025<\/mark><\/h2>\n<p class=\"wp-block-heading\">1. Skontra \u2013\u00a0<em><strong>Semeya de la Rabia<\/strong>\u00a0<strong>\u2014\u00a0<\/strong><\/em><strong>136.020 reproducciones.\u00a0<\/strong>L\u2019estrenu discogr\u00e1ficu de la banda punk-folk, form\u00e1u por diez himnos.<\/p>\n<figure class=\"wp-block-embed is-type-rich is-provider-spotify wp-block-embed-spotify\">\n<div class=\"wp-block-embed__wrapper\"><\/div>\n<\/figure>\n<div class=\"wp-block-spacer\" aria-hidden=\"true\"><\/div>\n<p class=\"wp-block-heading\">2. Felpeyu \u2013\u00a0<em><strong>Cerquina \u2014\u00a0<\/strong><\/em><strong>111.889 reproducciones.\u00a0<\/strong>L\u2019\u00faltimu \u00e1lbum de llarga duraci\u00f3n qu\u2019asoley\u00f3 esta formaci\u00f3n folk.<\/p>\n<div class=\"wp-block-embed__wrapper\"><\/div>\n<p class=\"wp-block-spacer\" aria-hidden=\"true\">\n<p class=\"wp-block-heading\">3. Algaire \u2013\u00a0<em><strong>Coral y Maera<\/strong>\u00a0<\/em>\u2014\u00a0<strong>101.580 reproducciones.\u00a0<\/strong>L\u2019estrenu discogr\u00e1ficu de la formaci\u00f3n mierense qu\u2019axunta pieces tradicionales y otres de composici\u00f3n propia.<\/p>\n<div class=\"wp-block-embed__wrapper\"><\/div>\n<p class=\"wp-block-spacer\" aria-hidden=\"true\">\n<p class=\"wp-block-heading\">4. Alienda \u2013\u00a0<strong><em>Alienda\u00a0<\/em>\u2014 93.313 reproducciones.\u00a0<\/strong>El primer discu que llanz\u00f3 esta moza banda de power folk.<\/p>\n<div class=\"wp-block-embed__wrapper\"><\/div>\n<p class=\"wp-block-spacer\" aria-hidden=\"true\">\n<p class=\"wp-block-heading\">5. Vicente D\u00edaz\u00a0<em>\u2013\u00a0<strong>Montes Cant\u00e1bricos<\/strong><\/em>\u00a0\u2014\u00a0<strong>87.355 reproducciones.\u00a0<\/strong>Discu que public\u00f3 en 2009 l\u2019artista m\u00e1s importante del pop llariegu.<\/p>\n<div class=\"wp-block-embed__wrapper\"><\/div>\n<p class=\"wp-block-spacer\" aria-hidden=\"true\">\n<p class=\"wp-block-heading\">6. Spanta la Xente \u2013\u00a0<em><strong>Revolucionando<\/strong><\/em><strong> \u2014 84.923 reproducciones.\u00a0<\/strong>L\u2019\u00faltimu trabayu qu\u2019asoley\u00f3 en 2015 esta banda folk-rock.<\/p>\n<div class=\"wp-block-embed__wrapper\"><\/div>\n<p class=\"wp-block-spacer\" aria-hidden=\"true\">\n<p class=\"wp-block-heading\">7. Muyeres \u2013\u00a0<em><strong>Humanes \u2014<\/strong><\/em><strong> 74.948 reproducciones.\u00a0<\/strong>El primer discu nel que Muyeres renueva la so propuesta musical y est\u00e9tica, con temes de composici\u00f3n propia.<\/p>\n<div class=\"wp-block-embed__wrapper\"><\/div>\n<p class=\"wp-block-spacer\" aria-hidden=\"true\">\n<p class=\"wp-block-heading\">8. Llan de Cubel \u2013\u00a0<em><strong>La Lluz Encesa \u2014\u00a0<\/strong><\/em><strong>70.324 reproducciones.\u00a0<\/strong>Hubo qu\u2019esperar 19 a\u00f1os, pero\u2019l regresu discogr\u00e1ficu de Llan de Cubel amuesa qu\u2019el tiempu pag\u00f3 la pena.<\/p>\n<div class=\"wp-block-embed__wrapper\"><\/div>\n<p class=\"wp-block-spacer\" aria-hidden=\"true\">\n<p class=\"wp-block-heading\">9. Corqui\u00e9u \u2013<strong>\u00a0<em>La Barquera \u2014<\/em> 68.367 reproducciones.\u00a0<\/strong>La formaci\u00f3n ribeseyana de folk estren\u00f3se nel a\u00f1u 2000 con esti discu qu\u2019incl\u00fai varios de los sos cl\u00e1sicos.<\/p>\n<div class=\"wp-block-embed__wrapper\"><\/div>\n<p class=\"wp-block-spacer\" aria-hidden=\"true\">\n<p class=\"wp-block-heading\">10. Banda Gaites Corvera d\u2019Asturies \u2013\u00a0<strong><em>Al Debalu<\/em><\/strong>\u00a0<strong>\u2014 64.790 reproducciones.\u00a0<\/strong>El primer discu d\u2019esta agrupaci\u00f3n dirixida por Bras Rodrigo.<\/p>\n<div class=\"wp-block-embed__wrapper\"><\/div>\n<p class=\"wp-block-spacer\" aria-hidden=\"true\">\n<hr class=\"wp-block-separator has-alpha-channel-opacity\" \/>\n<h2 class=\"wp-block-heading\" style=\"text-align: center\"><mark class=\"has-inline-color\">Los pa\u00edses onde m\u00e1s s\u2019escucha<\/mark><\/h2>\n<p><em><span style=\"font-size: 20px;color: #008080\">1.\u00a0<strong>Est\u00e1u espa\u00f1ol<\/strong>\u00a0\u2014 3.313.326 reproducciones<\/span><\/em><\/p>\n<p><em><span style=\"font-size: 20px;color: #008080\">2.\u00a0<strong>Estaos Xun\u00edos<\/strong>\u00a0\u2014 165.601 reproducciones<\/span><\/em><\/p>\n<p><em><span style=\"font-size: 20px;color: #008080\"><strong>3. M\u00e9xicu<\/strong>\u00a0\u2014 91.878 reproducciones<\/span><\/em><\/p>\n<p><em><span style=\"font-size: 20px;color: #008080\"><strong>4.<\/strong>\u00a0<strong>Francia\u00a0<\/strong>\u2014 66.760 reproducciones<\/span><\/em><\/p>\n<p><em><span style=\"font-size: 20px;color: #008080\"><strong>5. Chile<\/strong>\u00a0\u2014 32.449 reproducciones<\/span><\/em><\/p>\n<p><em><span style=\"font-size: 20px;color: #008080\"><strong>6. Arxentina<\/strong>\u00a0\u2014 31.951 reproducciones<\/span><\/em><\/p>\n<p><em><span style=\"font-size: 20px;color: #008080\"><strong>7. Reinu Xun\u00edu\u00a0<\/strong>\u2014 31.860 reproducciones<\/span><\/em><\/p>\n<p><em><span style=\"font-size: 20px;color: #008080\"><strong>8. Alema\u00f1a<\/strong>\u00a0\u2014 28.023 reproducciones<\/span><\/em><\/p>\n<p><em><span style=\"font-size: 20px;color: #008080\"><strong>9. Brasil<\/strong>\u00a0\u2014 22.690 reproducciones<\/span><\/em><\/p>\n<p><em><span style=\"font-size: 20px;color: #008080\"><strong>10. Italia\u00a0<\/strong>\u2014 18.975 reproducciones<\/span><\/em><\/p>\n<\/div>\n<\/div>\n","protected":false},"excerpt":{"rendered":"<p>Musicasturiana.com publica la llista de lo m\u00e1s escuchao en plataformes musicales en 2025. El cat\u00e1logu de m\u00e1s de 500 referencies qu&#8217;alministra tuvo m\u00e1s de cuatro millones de reproducciones qu&#8217;aportaron dende 145 pa\u00edses de tol mundu. Musicasturiana.com<\/p>\n","protected":false},"author":117,"featured_media":0,"comment_status":"closed","ping_status":"closed","sticky":false,"template":"","format":"standard","meta":{"footnotes":""},"categories":[35,125],"tags":[],"class_list":["post-67263","post","type-post","status-publish","format-standard","hentry","category-musica","category-musicasturiana-com"],"_links":{"self":[{"href":"https:\/\/edublog.educastur.es\/ixuxu\/wp-json\/wp\/v2\/posts\/67263","targetHints":{"allow":["GET"]}}],"collection":[{"href":"https:\/\/edublog.educastur.es\/ixuxu\/wp-json\/wp\/v2\/posts"}],"about":[{"href":"https:\/\/edublog.educastur.es\/ixuxu\/wp-json\/wp\/v2\/types\/post"}],"author":[{"embeddable":true,"href":"https:\/\/edublog.educastur.es\/ixuxu\/wp-json\/wp\/v2\/users\/117"}],"replies":[{"embeddable":true,"href":"https:\/\/edublog.educastur.es\/ixuxu\/wp-json\/wp\/v2\/comments?post=67263"}],"version-history":[{"count":1,"href":"https:\/\/edublog.educastur.es\/ixuxu\/wp-json\/wp\/v2\/posts\/67263\/revisions"}],"predecessor-version":[{"id":67264,"href":"https:\/\/edublog.educastur.es\/ixuxu\/wp-json\/wp\/v2\/posts\/67263\/revisions\/67264"}],"wp:attachment":[{"href":"https:\/\/edublog.educastur.es\/ixuxu\/wp-json\/wp\/v2\/media?parent=67263"}],"wp:term":[{"taxonomy":"category","embeddable":true,"href":"https:\/\/edublog.educastur.es\/ixuxu\/wp-json\/wp\/v2\/categories?post=67263"},{"taxonomy":"post_tag","embeddable":true,"href":"https:\/\/edublog.educastur.es\/ixuxu\/wp-json\/wp\/v2\/tags?post=67263"}],"curies":[{"name":"wp","href":"https:\/\/api.w.org\/{rel}","templated":true}]}}