{"id":67284,"date":"2026-02-02T17:47:55","date_gmt":"2026-02-02T15:47:55","guid":{"rendered":"https:\/\/edublog.educastur.es\/ixuxu\/?p=67284"},"modified":"2026-02-02T17:48:14","modified_gmt":"2026-02-02T15:48:14","slug":"el-primer-finxu-de-lautopista-ferroviaria-asturiano","status":"publish","type":"post","link":"https:\/\/edublog.educastur.es\/ixuxu\/2026\/02\/el-primer-finxu-de-lautopista-ferroviaria-asturiano\/","title":{"rendered":"El primer finxu de l&#8217;autopista ferroviaria asturiano"},"content":{"rendered":"<p style=\"text-align: center\"><a href=\"https:\/\/img.lavdg.com\/sc\/tw_AH3BY05nJuvScJ8Zi1RhMKIY=\/768x\/2026\/01\/30\/00121769790421509792614\/Foto\/railk1.jpg\"><img loading=\"lazy\" decoding=\"async\" class=\"aligncenter size-large\" src=\"https:\/\/img.lavdg.com\/sc\/tw_AH3BY05nJuvScJ8Zi1RhMKIY=\/768x\/2026\/01\/30\/00121769790421509792614\/Foto\/railk1.jpg\" width=\"768\" height=\"432\" \/><\/a><\/p>\n<p>Los t\u00faneles de Villabona: el primer finxu de l&#8217;autopista ferroviaria asturiano. L&#8217;anal\u00eds de demanda del Corredor Atl\u00e1nticu y la Mesa de Mercanc\u00edes va midir l&#8217;inter\u00e9s real del tex\u00edu empresarial por estos servicios. <a href=\"https:\/\/www.lavozdeasturias.es\/noticia\/asturias\/2026\/01\/30\/tuneles-villabona-primer-hito-autopista-ferroviaria-asturiana\/00031769788572934673971.htm\">La Voz<\/a><br \/>\n<!--more--><br \/>\nLa integraci\u00f3n d&#8217;Asturies nel mapa de les autopistes ferroviaries ye un pruyimientu del Princip\u00e1u qu&#8217;empieza a cuayar, pero non ensin dificultaes. Les autopistes ferroviaries son, en t\u00e9rminos xenerales, servicios lox\u00edsticos que dexen tresportar camiones completos sobro vagones de tren por aciu grandes conv\u00f3is. Pero nun se trata d&#8217;infraestructures, nun impliquen la construcci\u00f3n de nueves ll\u00ednees nin de tramos de v\u00eda, sin\u00f3n la puesta en marcha de servicios entamaos de tresporte intermodal, tr\u00e1tase de trazaos que se desenvuelven con un esquema de collaboraci\u00f3n p\u00fablicu-privada.<\/p>\n<p>Les alministraciones p\u00fabliques son les encargaes d&#8217;identificar y declarar estos corredores como estrat\u00e9xicos, lo mesmo que de integralos nos programes y proyectos comu\u00f1ales. En paralelu, correspuende a les empreses del sector establecer aliances, dise\u00f1ar los servicios y presentar les propuestes que faigan vidable la so esplotaci\u00f3n.<\/p>\n<p>\u00bfCu\u00e1l ye l&#8217;est\u00e1u del proyectu n&#8217;Asturies? Esencialmente un sistema lox\u00edsticu integr\u00e1u destin\u00e1u a conectar el puertu del Musel col interior peninsular con Valladolid como nodo y dende ell\u00ed colos principales corredores nacionales y europeos. Nesti esquema,<strong> la Zona d&#8217;Actividaes Lox\u00edstiques ya Industriales d&#8217;Asturies (ZALIA) plant\u00e9gase como espaciu de sofitu al desenvolvimientu de los servicios lox\u00edsticos asociaos.<\/strong><\/p>\n<p>Nesi doble esplegue &#8211;el de del desenvolvimientu de l&#8217;alministraci\u00f3n y na participaci\u00f3n d&#8217;empreses&#8211; fontes del Princip\u00e1u esplicaron qu&#8217;ente los finxos m\u00e1s relevantes figura l&#8217;entamu, previstu pa 2026, de les obres d&#8217;adaptaci\u00f3n de los t\u00faneles de Villabona. Tr\u00e1tase de la primer actuaci\u00f3n n&#8217;Asturies proxectada espresamente pa dexar el pasu de trenes d&#8217;autopista ferroviaria, acordies con los est\u00e1ndares de la rede transeuropea de tresporte (TEN-T). Esta intervenci\u00f3n va dexar la infraestructura preparada para xuna eventual aceleraci\u00f3n del serviciu en funci\u00f3n de la evoluci\u00f3n de la demanda.<\/p>\n<p style=\"text-align: center\"><a href=\"https:\/\/img.lavdg.com\/sc\/reXIYfXBjX24pRhtlaZVyBS4Ywk=\/768x\/2026\/01\/14\/00121768410432456332412\/Foto\/Fotos.jpg\"><img loading=\"lazy\" decoding=\"async\" class=\"aligncenter size-large\" src=\"https:\/\/img.lavdg.com\/sc\/reXIYfXBjX24pRhtlaZVyBS4Ywk=\/768x\/2026\/01\/14\/00121768410432456332412\/Foto\/Fotos.jpg\" width=\"768\" height=\"432\" \/><\/a><\/p>\n<p>De forma paralela, l&#8217;Autorid\u00e1 Portuaria de Xix\u00f3n encarg\u00f3 a Ineco la ellaboraci\u00f3n d&#8217;un Plan Intermodal destin\u00e1u a <strong>definir el papel del puertu como nodo lox\u00edsticu avanz\u00e1u y a ameyorar la so conex\u00f3n col ferrocarril y el tresporte per carretera.<\/strong> Am\u00e1s, el Puertu de Xix\u00f3n, Adif y Puertos del Est\u00e1u alcordaron un marcu de collaboraci\u00f3n empobin\u00e1u a reforzar la intermodalidad ferroviaria, aumentar el n\u00famberu de trenes con orixe y dest\u00edn nel puertu y revisar los accesos ferroviarios, aprovechando les nueves capacidaes qu&#8217;apurre la entrada en serviciu de la Variante de Payares.<\/p>\n<p>Am\u00e1s, les mesmes fontes indicaron que \u00abnes pr\u00f3ximes selmanes va siguir xuna axenda activa de xuntes con organizaciones empresariales, operadores lox\u00edsticos y representantes estatales y europeos, nun marcu global de trabayu empobin\u00e1u a asitiar a Asturies como un polu lox\u00edsticu de referencia nel Cant\u00e1bricu\u00bb. Asina, dende&#8217;l Princip\u00e1u aportunase en qu&#8217;Asturies dex\u00f3 tras la fase de mira pa enfusase nuna etapa de preparaci\u00f3n activa, marcada pola adaptaci\u00f3n d&#8217;infraestructures, el desenvolvimientu de la planificaci\u00f3n intermodal, el refuerzu de la coordinaci\u00f3n institucional y un anal\u00eds detall\u00e1u de la demanda y \u00abel siguiente pasu va ser consolidar compromisos empresariales de carga que dexen acelerar la puesta en funcionamientu de l&#8217;autopista ferroviaria\u00bb. Porque&#8217;l traz\u00e1u nun sirve de nada si nun hai empreses lox\u00edstiques que quieran desenvolver el proyectu, y esa ye xuna responsabilid\u00e1 del sector priv\u00e1u.<\/p>\n<p>Dende&#8217;l Princip\u00e1u remarc\u00f3se que <strong>la Variante de Payares consolid\u00f3se como xuna infraestructura estrat\u00e9xica pal tresporte de mercanc\u00edes, pola que circulen angua\u00f1o m\u00e1s de 700 trenes mensuales<\/strong>, con amenorgamientos apreciables nos tiempos de viaxe y nos costos lox\u00edsticos. A esti meyora suma la entrada en funcionamientu del nuevu tren intermodal ente Xix\u00f3n y Lli\u00f3n, oper\u00e1u por Alsa Rail, que dex\u00f3 reactivar el tr\u00e1ficu ferroviariu de mercanc\u00edes col Pandu tres dellos a\u00f1os d&#8217;ausencia d&#8217;esti tipu de servicios.<\/p>\n<p>Am\u00e1s indicaron qu&#8217;al par, Asturies foi incorporada al anal\u00eds de demanda empresarial impuls\u00e1u pola Oficina del Comisionado del Corredor Atl\u00e1nticu, un trabayu empobin\u00e1u a identificar fluxos reales de mercanc\u00edes y a midir l&#8217;inter\u00e9s del tex\u00edu granible pol usu del ferrocarril y por futuros servicios d&#8217;autopista ferroviaria. Esti estudiu vese reforz\u00e1u poles encuestes y analises promovios dende la Mesa de Mercanc\u00edes del Princip\u00e1u.<\/p>\n<p style=\"text-align: center\"><em><span style=\"color: #008080;font-size: 20px\">Tresportes escl\u00fai a Asturies de les autopistes ferroviaries<\/span><\/em><br \/>\n<em><span style=\"color: #008080;font-size: 20px\"> pese tener el cuartu tr\u00e1ficu del pa\u00eds.<\/span><\/em><\/p>\n<p style=\"text-align: center\"><a href=\"https:\/\/img.lavdg.com\/sc\/Trx-ivQyRDKe8R8umdAJZoCw9-4=\/768x\/2022\/08\/30\/00121661875633229988874\/Foto\/traficoferro.jpg\"><img loading=\"lazy\" decoding=\"async\" class=\"aligncenter size-large\" src=\"https:\/\/img.lavdg.com\/sc\/Trx-ivQyRDKe8R8umdAJZoCw9-4=\/768x\/2022\/08\/30\/00121661875633229988874\/Foto\/traficoferro.jpg\" width=\"768\" height=\"433\" \/><\/a><\/p>\n","protected":false},"excerpt":{"rendered":"<p>Los t\u00faneles de Villabona: el primer finxu de l&#8217;autopista ferroviaria asturiano. L&#8217;anal\u00eds de demanda del Corredor Atl\u00e1nticu y la Mesa de Mercanc\u00edes va midir l&#8217;inter\u00e9s real del tex\u00edu empresarial por estos servicios. La Voz<\/p>\n","protected":false},"author":117,"featured_media":0,"comment_status":"closed","ping_status":"closed","sticky":false,"template":"","format":"standard","meta":{"footnotes":""},"categories":[232],"tags":[],"class_list":["post-67284","post","type-post","status-publish","format-standard","hentry","category-tresportes"],"_links":{"self":[{"href":"https:\/\/edublog.educastur.es\/ixuxu\/wp-json\/wp\/v2\/posts\/67284","targetHints":{"allow":["GET"]}}],"collection":[{"href":"https:\/\/edublog.educastur.es\/ixuxu\/wp-json\/wp\/v2\/posts"}],"about":[{"href":"https:\/\/edublog.educastur.es\/ixuxu\/wp-json\/wp\/v2\/types\/post"}],"author":[{"embeddable":true,"href":"https:\/\/edublog.educastur.es\/ixuxu\/wp-json\/wp\/v2\/users\/117"}],"replies":[{"embeddable":true,"href":"https:\/\/edublog.educastur.es\/ixuxu\/wp-json\/wp\/v2\/comments?post=67284"}],"version-history":[{"count":1,"href":"https:\/\/edublog.educastur.es\/ixuxu\/wp-json\/wp\/v2\/posts\/67284\/revisions"}],"predecessor-version":[{"id":67285,"href":"https:\/\/edublog.educastur.es\/ixuxu\/wp-json\/wp\/v2\/posts\/67284\/revisions\/67285"}],"wp:attachment":[{"href":"https:\/\/edublog.educastur.es\/ixuxu\/wp-json\/wp\/v2\/media?parent=67284"}],"wp:term":[{"taxonomy":"category","embeddable":true,"href":"https:\/\/edublog.educastur.es\/ixuxu\/wp-json\/wp\/v2\/categories?post=67284"},{"taxonomy":"post_tag","embeddable":true,"href":"https:\/\/edublog.educastur.es\/ixuxu\/wp-json\/wp\/v2\/tags?post=67284"}],"curies":[{"name":"wp","href":"https:\/\/api.w.org\/{rel}","templated":true}]}}