{"id":67286,"date":"2026-02-02T18:20:42","date_gmt":"2026-02-02T16:20:42","guid":{"rendered":"https:\/\/edublog.educastur.es\/ixuxu\/?p=67286"},"modified":"2026-02-02T18:26:27","modified_gmt":"2026-02-02T16:26:27","slug":"la-foca-varada-en-cadavedo-recuperandose-nel-acuariu-de-xixon","status":"publish","type":"post","link":"https:\/\/edublog.educastur.es\/ixuxu\/2026\/02\/la-foca-varada-en-cadavedo-recuperandose-nel-acuariu-de-xixon\/","title":{"rendered":"La foca varada en Cadavedo, recuper\u00e1ndose nel Acuariu de Xix\u00f3n"},"content":{"rendered":"<p>La foca varada en Cadavedo empecipia la so recuperaci\u00f3n nel Acuariu de Xix\u00f3n: \u00abY\u00e1 come por s\u00ed mesma y ye bien bona se\u00f1al\u00bb. La cr\u00eda ye un machu que tien neumon\u00eda ya ingres\u00f3 con 17 quilos. Recibe tolos cuidos veterinarios que precisa n&#8217;una cuba en secu con focos de calor y l&#8217;oxetivu ye devolvela al mediu mar\u00edn nun plazu m\u00e1ximu d&#8217;un mes. <a href=\"https:\/\/www.elcomercio.es\/gijon\/foca-varada-cadavedo-inicia-recuperacion-acuario-gijon-20260129121159-nt.html\">El Comercio<\/a><\/p>\n<p style=\"text-align: center\"><a href=\"https:\/\/s3.ppllstatics.com\/elcomercio\/www\/multimedia\/2026\/01\/30\/Cadavedo-U51001067713VYe-1200x851@El%20Comercio.jpg\"><img loading=\"lazy\" decoding=\"async\" class=\"aligncenter size-large\" src=\"https:\/\/s3.ppllstatics.com\/elcomercio\/www\/multimedia\/2026\/01\/30\/Cadavedo-U51001067713VYe-1200x851@El%20Comercio.jpg\" width=\"1200\" height=\"851\" \/><\/a><\/p>\n<p><!--more--><\/p>\n<p>Podr\u00eden bautizalu como &#8216;Regal\u00edn&#8217;, porque apaeci\u00f3 la pasada fin de selmana varada na sablera de Cadavedo n&#8217;un chisgo a les fiestes de La Regalina y a la ermita del mesmu nome de la localid\u00e1 valdesana. Sicas\u00ed Susana Acle, directora de Biolox\u00eda, Veterinaria ya Investigaci\u00f3n del Acuariu de Xix\u00f3n, asegura atayante qu&#8217;a la cr\u00eda de foca gris que tienen nes sos instalaciones \u00abnun se-y pon nome\u00bb. \u00abEso ye humanizala y equ\u00ed ta por que se ponga sana cuanto antes y devolvela al mediu mar\u00edn\u00bb.<\/p>\n<p>Ese equ\u00ed ye&#8217;l <strong>Centru de Recuperaci\u00f3n d&#8217;Animales Marinos d&#8217;Asturies (CRAMA)<\/strong> y la nueva inquilina (en realid\u00e1 ye inquil\u00edn porque ye un machu) ye la primer foca que se trata nel centru dende la so puesta en marcha en 2023. A Xix\u00f3n lleg\u00f3 procedente del Centru de Recuperaci\u00f3n de Fauna Montesa del Princip\u00e1u, en Sobrescobiu, onde se-y fixeron les primeres auscultaciones y plaques pa conocer el so est\u00e1u de sal\u00fa.<\/p>\n<p style=\"text-align: center\"><a href=\"https:\/\/s1.ppllstatics.com\/elcomercio\/www\/multimedia\/2026\/01\/30\/tortugas%20bobas-U44567775414zGI-711x841@El%20Comercio.jpg\"><img loading=\"lazy\" decoding=\"async\" class=\"aligncenter size-large\" src=\"https:\/\/s1.ppllstatics.com\/elcomercio\/www\/multimedia\/2026\/01\/30\/tortugas%20bobas-U44567775414zGI-711x841@El%20Comercio.jpg\" width=\"711\" height=\"841\" \/><\/a><\/p>\n<p>La cr\u00eda de foca ensin nome <strong>comparte espaciu con 29 tort\u00faes bobes mediterr\u00e1nees na mesma instalaci\u00f3n<\/strong>, anque nesti momentu ta aisllada nuna cuba en secu con focos de calor que xeneren una temperatura constante ente 18 y 22 graos. Susana Acle y l&#8217;otra veterinaria que tien al so cargu, Laura Marcos, t\u00e1n entornaes nel sanamientu de la pequena foca qu&#8217;ingres\u00f3 a principios de selmana bien debilitada con 17 quilos de pesu y s\u00edntomes de neumon\u00eda. \u00abEmpez\u00f3 y\u00e1 a comer por s\u00ed mesma y eso ye bien bona se\u00f1al. Pon\u00e9mos-y una bandexa con agua de mar con pexe (capel\u00edn y bocartes) y taramia\u00bb, espliquen.<\/p>\n<p>En paralelu, t\u00e1n tratando de la so infecci\u00f3n respiratoria con antibi\u00f3ticos y procuren que tea hidratada. Tami\u00e9n lu realicen anal\u00edtiques peri\u00f3diques pa monitorizar el so ameyoramientu. De normal el CRAMA recibe visites sobremanera de ne\u00f1os, p&#8217;actividaes divulgatives de colexos, pero <strong>desque ta la foca l&#8217;accesu ta acut\u00e1u y f\u00e1lase en voz baxa pa nun alteriar al fr\u00e1xil animal.<\/strong><\/p>\n<p style=\"text-align: center\"><a href=\"https:\/\/s3.ppllstatics.com\/elcomercio\/www\/multimedia\/2026\/01\/30\/IMG_3540_20260129235922-U18667575700eOj-1200x841@El%20Comercio.jpg\"><img loading=\"lazy\" decoding=\"async\" class=\"aligncenter \" src=\"https:\/\/s3.ppllstatics.com\/elcomercio\/www\/multimedia\/2026\/01\/30\/IMG_3540_20260129235922-U18667575700eOj-1200x841@El%20Comercio.jpg\" width=\"710\" height=\"498\" \/><\/a><\/p>\n<p>Susana calcula que l&#8217;exemplar acoy\u00edu tien ente dos y tr\u00e9s meses, vien de les colonies de les mari\u00f1es atl\u00e1ntiques del norte y dixebr\u00f3se de la so madre tres el treslleche. <strong>Lleg\u00f3 exhausta y bien delgada a ag\u00fces de la mari\u00f1a asturiana en nadando cientos de kil\u00f3metros y coles vicisit\u00faes de les condiciones del mar<\/strong>. \u00abLo anormal ye que lleguen a la sablera y queden varaes\u00bb, apunta.<\/p>\n<p><strong>L&#8217;oxetivu agora ye que respuenda a los tratamientos<\/strong>, gane pesu de forma r\u00e1pida y nun s&#8217;afaiga en neng\u00fan momentu a la so vida en cautivid\u00e1 porque <strong>l&#8217;oxetivu principal ye la reintroducci\u00f3n nel mediu mar\u00edn<\/strong> por que pueda desendolcase como&#8217;l restu d&#8217;exemplares de la so especie. Nel Acuariu de Xix\u00f3n conf\u00eden en que&#8217;l Princip\u00e1u vuelva a por ella pa soltala n&#8217;alta mar nel plazu m\u00e1ximu d&#8217;un mes.<\/p>\n","protected":false},"excerpt":{"rendered":"<p>La foca varada en Cadavedo empecipia la so recuperaci\u00f3n nel Acuariu de Xix\u00f3n: \u00abY\u00e1 come por s\u00ed mesma y ye bien bona se\u00f1al\u00bb. La cr\u00eda ye un machu que tien neumon\u00eda ya ingres\u00f3 con 17 quilos. Recibe tolos cuidos veterinarios que precisa n&#8217;una cuba en secu con focos de calor y l&#8217;oxetivu ye devolvela al [&hellip;]<\/p>\n","protected":false},"author":117,"featured_media":0,"comment_status":"closed","ping_status":"closed","sticky":false,"template":"","format":"standard","meta":{"footnotes":""},"categories":[1],"tags":[],"class_list":["post-67286","post","type-post","status-publish","format-standard","hentry","category-sin-categoria"],"_links":{"self":[{"href":"https:\/\/edublog.educastur.es\/ixuxu\/wp-json\/wp\/v2\/posts\/67286","targetHints":{"allow":["GET"]}}],"collection":[{"href":"https:\/\/edublog.educastur.es\/ixuxu\/wp-json\/wp\/v2\/posts"}],"about":[{"href":"https:\/\/edublog.educastur.es\/ixuxu\/wp-json\/wp\/v2\/types\/post"}],"author":[{"embeddable":true,"href":"https:\/\/edublog.educastur.es\/ixuxu\/wp-json\/wp\/v2\/users\/117"}],"replies":[{"embeddable":true,"href":"https:\/\/edublog.educastur.es\/ixuxu\/wp-json\/wp\/v2\/comments?post=67286"}],"version-history":[{"count":4,"href":"https:\/\/edublog.educastur.es\/ixuxu\/wp-json\/wp\/v2\/posts\/67286\/revisions"}],"predecessor-version":[{"id":67290,"href":"https:\/\/edublog.educastur.es\/ixuxu\/wp-json\/wp\/v2\/posts\/67286\/revisions\/67290"}],"wp:attachment":[{"href":"https:\/\/edublog.educastur.es\/ixuxu\/wp-json\/wp\/v2\/media?parent=67286"}],"wp:term":[{"taxonomy":"category","embeddable":true,"href":"https:\/\/edublog.educastur.es\/ixuxu\/wp-json\/wp\/v2\/categories?post=67286"},{"taxonomy":"post_tag","embeddable":true,"href":"https:\/\/edublog.educastur.es\/ixuxu\/wp-json\/wp\/v2\/tags?post=67286"}],"curies":[{"name":"wp","href":"https:\/\/api.w.org\/{rel}","templated":true}]}}