{"id":67301,"date":"2026-02-02T20:10:13","date_gmt":"2026-02-02T18:10:13","guid":{"rendered":"https:\/\/edublog.educastur.es\/ixuxu\/?p=67301"},"modified":"2026-02-02T20:15:39","modified_gmt":"2026-02-02T18:15:39","slug":"un-paseu-pela-pintura-asturiana-de-la-primer-meta-del-sieglu-x","status":"publish","type":"post","link":"https:\/\/edublog.educastur.es\/ixuxu\/2026\/02\/un-paseu-pela-pintura-asturiana-de-la-primer-meta-del-sieglu-x\/","title":{"rendered":"Un pas\u00e9u pela pintura asturiana de la primer met\u00e1 del sieglu X"},"content":{"rendered":"<ul>\n<li><a href=\"https:\/\/www.rtpa.es\/noticias-sociedad-ast:Un-paseu-pela-pintura-asturiana-de-la-primer-meta-del-sieglu-XX_111722945028.html\"><span class=\"display-ib padding-4 padding-l-12 padding-r-12 border-radius-4 bg-c-secondary color-w-090 a-contrast font-size-xs ellipsis text-nasturianu-700\"> Un pas\u00e9u pela pintura asturiana de la primer met\u00e1 del sieglu X<\/span><\/a><\/li>\n<\/ul>\n<p style=\"text-align: center\"><a href=\"https:\/\/www.rtpa.es\/fotos\/\/24\/08\/20240806135435_RTPA5392677.jpg\"><img loading=\"lazy\" decoding=\"async\" class=\"aligncenter size-large\" src=\"https:\/\/www.rtpa.es\/fotos\/\/24\/08\/20240806135435_RTPA5392677.jpg\" width=\"853\" height=\"480\" \/><\/a><\/p>\n<ul>\n<li style=\"text-align: left\"><span style=\"color: #008080\"><strong>Evaristo Valle:<\/strong><\/span><\/li>\n<li><span style=\"color: #008080\"><strong>Nicol\u00e1s Pinol:<\/strong><\/span><\/li>\n<li><span style=\"color: #008080\"><strong>Mariano Mor\u00e9<\/strong><\/span>: (Xix\u00f3n, 1899- Uvi\u00e9u, 1974)<\/li>\n<\/ul>\n<p>Artistes asturianos de la primer met\u00e1 del sieglu XX y que representaron nos sos cuadros la cotidianid\u00e1 del mundu rural. Paisaxes rurales, urbanos y humanos, qu\u2019amuesen la trayectoria d\u2019estos artistes de posguerra. Un viaxe, al arte asturianu de la primer met\u00e1 del sieglu XX. <a href=\"https:\/\/www.lne.es\/sociedad\/2020\/09\/15\/mariano-more-maestro-universidad-14322459.html\">LNE<\/a> \/<\/p>\n<p><!--more--><\/p>\n<p><strong>Mariano Mor\u00e9 Cors<\/strong>. Pintor xixon\u00e9s, que retrat\u00f3 la durez de l&#8217;Asturies de la mina y el mar. Mariano Mor\u00e9 (Xix\u00f3n, 1899- Uvi\u00e9u, 1974), unu de los grandes pintores asturianos del terciu central del pas\u00e1u sieglu. Na Universid\u00e1 d&#8217;Uvi\u00e9u espunxo per vegada primera n&#8217;una colectiva celebrada en 1918 y a la qu&#8217;asistieron los reis Alfonso XIII y Mar\u00eda Eugenia.<\/p>\n<p style=\"text-align: center\"><a href=\"https:\/\/estaticos-cdn.prensaiberica.es\/clip\/c7f0d50f-19e3-434b-b413-c75aafb71f55_16-9-aspect-ratio_default_0.webp\"><img loading=\"lazy\" decoding=\"async\" class=\"aligncenter \" src=\"https:\/\/estaticos-cdn.prensaiberica.es\/clip\/c7f0d50f-19e3-434b-b413-c75aafb71f55_16-9-aspect-ratio_default_0.webp\" width=\"720\" height=\"405\" \/><\/a>\u00abLos f\u00edos del patr\u00f3n\u00bb, 1942<\/p>\n<p>La mina y el mar d&#8217;Asturies pintaos con maestr\u00eda suma y un g\u00fceyu \u00abbien compromet\u00edu socialmente\u00bb. Cuadros, dalgunos d&#8217;ellos de gran formatu, onde non y\u00e1 destaca&#8217;l \u00abestraordinariu sent\u00edu del color\u00bb que desenvolvi\u00f3 Mor\u00e9, que la so procedencia d&#8217;una familia acomodada nun-y torg\u00f3 desenvolver una enorme capacid\u00e1 de \u00abconex\u00f3n cola realid\u00e1\u00bb, lo que fai de cada obra una elocuente clase maxistral sobro les condiciones sociales de la d\u00f3mina n&#8217;Asturies. La rex\u00f3n foi siempres l&#8217;escenariu de la obra de calter costumbrista d&#8217;un artista que, n&#8217;allegando a formase en Madrid, empecipi\u00f3 na capital d&#8217;Espa\u00f1a una llarga carrera con presencia nes Esposiciones Nacionales de Belles Artes ente los a\u00f1os 1926 y 1964. Nesti certame gan\u00f3 xuna segunda medaya, en 1948, con obres como\u00a0 \u00abPuertu de Llastres\u00bb y una tercer medaya, en 1945, col cuadru \u00abMari\u00f1a Cant\u00e1brica\u00bb.<\/p>\n<p>Ye \u00abespectacular\u00bb la forma en que Mor\u00e9 afigura l&#8217;Asturies minera y destaca, ente les sos preferencia personales de tolos llenzos que componen la esposici\u00f3n, obrar \u00abBocamina\u00bb, de 1934. \u00abYe realmente espectacular\u00bb, apunta con entusiasmu.<\/p>\n<p style=\"text-align: center\"><a href=\"https:\/\/estaticos-cdn.prensaiberica.es\/clip\/bd90e52b-ea31-4477-8a17-27e481fedb41_9-16-aspect-ratio_default_0.webp\"><img loading=\"lazy\" decoding=\"async\" class=\"aligncenter \" src=\"https:\/\/estaticos-cdn.prensaiberica.es\/clip\/bd90e52b-ea31-4477-8a17-27e481fedb41_9-16-aspect-ratio_default_0.webp\" width=\"508\" height=\"903\" \/><\/a>\u00abBocamina\u00bb, 1934<\/p>\n<p>Mariano Mor\u00e9 Cors, xuntu col so hermanu *Evaristo particip\u00f3 n&#8217;unu de los principales negocios d&#8217;estampaci\u00f3n d&#8217;Asturies, Litograf\u00eda Art\u00edstica Mor\u00e9). Am\u00e1s de pintor, tami\u00e9n foi un sobresaliente dibuxante y hasta foi reporteru de guerra para&#8217;l rotativu xixon\u00e9s \u00abLa Prensa\u00bb, para&#8217;l que cubri\u00f3 la guerra de Marruecos en 1921-23. Tami\u00e9n destaquen, a finales d&#8217;esa d\u00e9cada y especialmente mientres la II Rep\u00fablica los sos trabayos como cartelista, seg\u00fan los dibuxos que public\u00f3, mientres la guerra nel peri\u00f3dicu sindical CNT y los que fixo mientres la so estancia na c\u00e1rcel del Cotu de Xix\u00f3n.<\/p>\n<p style=\"text-align: center\"><a href=\"https:\/\/estaticos-cdn.prensaiberica.es\/clip\/6f6c473e-f4b3-4ee4-ab9e-eb750ef2fc22_9-16-aspect-ratio_default_0.webp\"><img loading=\"lazy\" decoding=\"async\" class=\"aligncenter \" src=\"https:\/\/estaticos-cdn.prensaiberica.es\/clip\/6f6c473e-f4b3-4ee4-ab9e-eb750ef2fc22_9-16-aspect-ratio_default_0.webp\" width=\"538\" height=\"956\" \/><\/a><\/p>\n<h1 class=\"text-2xl font-bold font-serif leading-tight max-w-[65ch] mb-1.5\"><\/h1>\n","protected":false},"excerpt":{"rendered":"<p>Un pas\u00e9u pela pintura asturiana de la primer met\u00e1 del sieglu X Evaristo Valle: Nicol\u00e1s Pinol: Mariano Mor\u00e9: (Xix\u00f3n, 1899- Uvi\u00e9u, 1974) Artistes asturianos de la primer met\u00e1 del sieglu XX y que representaron nos sos cuadros la cotidianid\u00e1 del mundu rural. Paisaxes rurales, urbanos y humanos, qu\u2019amuesen la trayectoria d\u2019estos artistes de posguerra. Un [&hellip;]<\/p>\n","protected":false},"author":117,"featured_media":0,"comment_status":"closed","ping_status":"closed","sticky":false,"template":"","format":"standard","meta":{"footnotes":""},"categories":[30],"tags":[],"class_list":["post-67301","post","type-post","status-publish","format-standard","hentry","category-pintura"],"_links":{"self":[{"href":"https:\/\/edublog.educastur.es\/ixuxu\/wp-json\/wp\/v2\/posts\/67301","targetHints":{"allow":["GET"]}}],"collection":[{"href":"https:\/\/edublog.educastur.es\/ixuxu\/wp-json\/wp\/v2\/posts"}],"about":[{"href":"https:\/\/edublog.educastur.es\/ixuxu\/wp-json\/wp\/v2\/types\/post"}],"author":[{"embeddable":true,"href":"https:\/\/edublog.educastur.es\/ixuxu\/wp-json\/wp\/v2\/users\/117"}],"replies":[{"embeddable":true,"href":"https:\/\/edublog.educastur.es\/ixuxu\/wp-json\/wp\/v2\/comments?post=67301"}],"version-history":[{"count":3,"href":"https:\/\/edublog.educastur.es\/ixuxu\/wp-json\/wp\/v2\/posts\/67301\/revisions"}],"predecessor-version":[{"id":67304,"href":"https:\/\/edublog.educastur.es\/ixuxu\/wp-json\/wp\/v2\/posts\/67301\/revisions\/67304"}],"wp:attachment":[{"href":"https:\/\/edublog.educastur.es\/ixuxu\/wp-json\/wp\/v2\/media?parent=67301"}],"wp:term":[{"taxonomy":"category","embeddable":true,"href":"https:\/\/edublog.educastur.es\/ixuxu\/wp-json\/wp\/v2\/categories?post=67301"},{"taxonomy":"post_tag","embeddable":true,"href":"https:\/\/edublog.educastur.es\/ixuxu\/wp-json\/wp\/v2\/tags?post=67301"}],"curies":[{"name":"wp","href":"https:\/\/api.w.org\/{rel}","templated":true}]}}