{"id":67306,"date":"2026-02-02T20:21:18","date_gmt":"2026-02-02T18:21:18","guid":{"rendered":"https:\/\/edublog.educastur.es\/ixuxu\/?p=67306"},"modified":"2026-02-02T20:21:30","modified_gmt":"2026-02-02T18:21:30","slug":"les-contornes-de-fontes-del-narcea-y-la-contorna-vaqueira","status":"publish","type":"post","link":"https:\/\/edublog.educastur.es\/ixuxu\/2026\/02\/les-contornes-de-fontes-del-narcea-y-la-contorna-vaqueira\/","title":{"rendered":"Les contornes de Fontes del Narcea y la Contorna Vaqueira"},"content":{"rendered":"<p>Juan Ram\u00f3n Lucas va percorrer les contornes de Fontes del Narcea y la Contorna Vaqueira para esquizar la so hestoria minera y aur\u00edfera. Ma\u00f1ana martes, a les 22:30, &#8216;<a href=\"https:\/\/www.rtpa.es\/tpa-programa-todos:Forjando%20historia_111767972335.html\"><strong>Forxando hestoria<\/strong><\/a>&#8216; en <span class=\"html-span xdj266r x14z9mp xat24cr x1lziwak xexx8yu xyri2b x18d9i69 x1c1uobl x1hl2dhg x16tdsg8 x1vvkbs\"><a class=\"x1i10hfl xjbqb8w x1ejq31n x18oe1m7 x1sy0etr xstzfhl x972fbf x10w94by x1qhh985 x14e42zd x9f619 x1ypdohk xt0psk2 x3ct3a4 xdj266r x14z9mp xat24cr x1lziwak xexx8yu xyri2b x18d9i69 x1c1uobl x16tdsg8 x1hl2dhg xggy1nq x1a2a7pz xkrqix3 x1sur9pj x1fey0fg x1s688f\" role=\"link\" href=\"https:\/\/www.facebook.com\/hashtag\/tpa?__eep__=6&amp;__cft__[0]=AZaURkJ1SFbPBE0tCRJBzRWOyM3VQM9aePBMgJ2ZiM_73dTxMETyLuyuk71yW35aHgS5IbyvnGAmfYpKiy8WMF8uETauOZsOj9NXVG-pJAnD0xWyiVQL-9vca2tnGuDQ2VTi0UBNZHGsr7zJ7HKouEvVDSIDLii_zTt648TMuT8zcaaVIi4skzjqq79_hXi5ayRbImDI5vE5yFmdL8Ff3U8f&amp;__tn__=*NK-R\">#TPA<\/a><\/span><\/p>\n<p style=\"text-align: center\">\n<!-- iframe plugin v.6.0 wordpress.org\/plugins\/iframe\/ -->\n<iframe loading=\"lazy\" src=\"https:\/\/www.facebook.com\/plugins\/video.php?height=314&#038;href=https%3A%2F%2Fwww.facebook.com%2Freel%2F4208712326124647%2F&#038;show_text=false&#038;width=560&#038;t=0\" width=\"560\" height=\"314\" style=\"border:none;overflow:hidden\" scrolling=\"no\" frameborder=\"0\" allowfullscreen=\"true\" allow=\"autoplay; clipboard-write; encrypted-media; picture-in-picture; web-share\" 0=\"\/iframe\" class=\"iframe-class\"><\/iframe>\n<\/p>\n<p>&nbsp;<\/p>\n","protected":false},"excerpt":{"rendered":"<p>Juan Ram\u00f3n Lucas va percorrer les contornes de Fontes del Narcea y la Contorna Vaqueira para esquizar la so hestoria minera y aur\u00edfera. Ma\u00f1ana martes, a les 22:30, &#8216;Forxando hestoria&#8216; en #TPA &nbsp;<\/p>\n","protected":false},"author":117,"featured_media":0,"comment_status":"closed","ping_status":"closed","sticky":false,"template":"","format":"standard","meta":{"footnotes":""},"categories":[59],"tags":[],"class_list":["post-67306","post","type-post","status-publish","format-standard","hentry","category-rtpa"],"_links":{"self":[{"href":"https:\/\/edublog.educastur.es\/ixuxu\/wp-json\/wp\/v2\/posts\/67306","targetHints":{"allow":["GET"]}}],"collection":[{"href":"https:\/\/edublog.educastur.es\/ixuxu\/wp-json\/wp\/v2\/posts"}],"about":[{"href":"https:\/\/edublog.educastur.es\/ixuxu\/wp-json\/wp\/v2\/types\/post"}],"author":[{"embeddable":true,"href":"https:\/\/edublog.educastur.es\/ixuxu\/wp-json\/wp\/v2\/users\/117"}],"replies":[{"embeddable":true,"href":"https:\/\/edublog.educastur.es\/ixuxu\/wp-json\/wp\/v2\/comments?post=67306"}],"version-history":[{"count":1,"href":"https:\/\/edublog.educastur.es\/ixuxu\/wp-json\/wp\/v2\/posts\/67306\/revisions"}],"predecessor-version":[{"id":67307,"href":"https:\/\/edublog.educastur.es\/ixuxu\/wp-json\/wp\/v2\/posts\/67306\/revisions\/67307"}],"wp:attachment":[{"href":"https:\/\/edublog.educastur.es\/ixuxu\/wp-json\/wp\/v2\/media?parent=67306"}],"wp:term":[{"taxonomy":"category","embeddable":true,"href":"https:\/\/edublog.educastur.es\/ixuxu\/wp-json\/wp\/v2\/categories?post=67306"},{"taxonomy":"post_tag","embeddable":true,"href":"https:\/\/edublog.educastur.es\/ixuxu\/wp-json\/wp\/v2\/tags?post=67306"}],"curies":[{"name":"wp","href":"https:\/\/api.w.org\/{rel}","templated":true}]}}