{"id":67311,"date":"2026-02-03T08:30:52","date_gmt":"2026-02-03T06:30:52","guid":{"rendered":"https:\/\/edublog.educastur.es\/ixuxu\/?p=67311"},"modified":"2026-02-03T14:48:11","modified_gmt":"2026-02-03T12:48:11","slug":"el-tiempu-el-comercio-253","status":"publish","type":"post","link":"https:\/\/edublog.educastur.es\/ixuxu\/2026\/02\/el-tiempu-el-comercio-253\/","title":{"rendered":"El tiempu (El Comercio)"},"content":{"rendered":"<p style=\"text-align: center\"><a href=\"https:\/\/s1.ppllstatics.com\/elcomercio\/www\/multimedia\/2026\/02\/02\/tiempo-asturias-martes-3-febrero-kszF-U2302588077118HVD-1200x870@El%20Comercio.jpg\"><img loading=\"lazy\" decoding=\"async\" class=\"aligncenter size-large\" src=\"https:\/\/s1.ppllstatics.com\/elcomercio\/www\/multimedia\/2026\/02\/02\/tiempo-asturias-martes-3-febrero-kszF-U2302588077118HVD-1200x870@El%20Comercio.jpg\" width=\"1200\" height=\"870\" \/><\/a><\/p>\n<p>Siguimos con un panorama meteorol\u00f3xicu marc\u00e1u pol protagonismu de les socesives umbaes atl\u00e1ntiques. Esti martes n&#8217;Asturies prevese mayor nubosid\u00e1 escontra l&#8217;occidente y escontra el cordal. Nestos sectores les precipitaciones van ser m\u00e1s probables y podr\u00eden dexar nieve a partir de los 700\/800 metros pudiendo xubir hasta los 900 metros a lo llargo del d\u00eda. Nel restu de la rex\u00f3n apenes s&#8217;espera inestabilid\u00e1 y nos cielos van predominar los intervalos de nubes medies y altes a lo sumo y, inclusive, va haber momentos nos que se van abrir grandes claros.<\/p>\n<p><!--more--><\/p>\n<p><strong>Los vientos<\/strong> van soplar de suroeste moderaos con posibles raches localmente fuertes nel cordal pero va ser raru qu&#8217;algamen los 70 o 80 km\/h nes zones m\u00e1s altes.<strong> Les temperatures m\u00e1ximes<\/strong> van baxar llixeramente na met\u00e1 sur y van caltenese nel restu al respective de ayeri llunes.<strong> Les m\u00ednimes<\/strong> van baxar na met\u00e1 oriental y nun van variar na occidental. Mientres la madrugada del mi\u00e9rcoles va aumentar la intensid\u00e1 de los vientos nel sur asturianu con posibilid\u00e1 d&#8217;algamar, ya inclusive superar, los 100 km\/h.<\/p>\n<p><strong>El mi\u00e9rcoles<\/strong> va ser un d\u00eda airosu con nubosid\u00e1 variable y una mayor probabilid\u00e1 de precipitaciones nuevamente nel oeste y sur del Princip\u00e1u, ensin refugar que pueda escapase dalg\u00fan bastiu nel restu mientres la primer met\u00e1 del d\u00eda<strong>. La cota de nieve<\/strong> va xubir hasta los 1400 o 1500 metros d&#8217;altor. Les temperatures van xubir nel casu de les m\u00e1ximes y van caltenese nel de les m\u00ednimes.<\/p>\n<p style=\"text-align: center\">\n<!-- iframe plugin v.6.0 wordpress.org\/plugins\/iframe\/ -->\n<iframe loading=\"lazy\" src=\"https:\/\/www.facebook.com\/plugins\/video.php?height=314&#038;href=https%3A%2F%2Fwww.facebook.com%2Freel%2F1421555383008208%2F&#038;show_text=false&#038;width=560&#038;t=0\" width=\"560\" height=\"314\" style=\"border:none;overflow:hidden\" scrolling=\"no\" frameborder=\"0\" allowfullscreen=\"true\" allow=\"autoplay; clipboard-write; encrypted-media; picture-in-picture; web-share\" 0=\"\/iframe\" class=\"iframe-class\"><\/iframe>\n<\/p>\n","protected":false},"excerpt":{"rendered":"<p>Siguimos con un panorama meteorol\u00f3xicu marc\u00e1u pol protagonismu de les socesives umbaes atl\u00e1ntiques. Esti martes n&#8217;Asturies prevese mayor nubosid\u00e1 escontra l&#8217;occidente y escontra el cordal. Nestos sectores les precipitaciones van ser m\u00e1s probables y podr\u00eden dexar nieve a partir de los 700\/800 metros pudiendo xubir hasta los 900 metros a lo llargo del d\u00eda. Nel [&hellip;]<\/p>\n","protected":false},"author":117,"featured_media":0,"comment_status":"closed","ping_status":"closed","sticky":false,"template":"","format":"standard","meta":{"footnotes":""},"categories":[1,5],"tags":[],"class_list":["post-67311","post","type-post","status-publish","format-standard","hentry","category-sin-categoria","category-tiempu"],"_links":{"self":[{"href":"https:\/\/edublog.educastur.es\/ixuxu\/wp-json\/wp\/v2\/posts\/67311","targetHints":{"allow":["GET"]}}],"collection":[{"href":"https:\/\/edublog.educastur.es\/ixuxu\/wp-json\/wp\/v2\/posts"}],"about":[{"href":"https:\/\/edublog.educastur.es\/ixuxu\/wp-json\/wp\/v2\/types\/post"}],"author":[{"embeddable":true,"href":"https:\/\/edublog.educastur.es\/ixuxu\/wp-json\/wp\/v2\/users\/117"}],"replies":[{"embeddable":true,"href":"https:\/\/edublog.educastur.es\/ixuxu\/wp-json\/wp\/v2\/comments?post=67311"}],"version-history":[{"count":2,"href":"https:\/\/edublog.educastur.es\/ixuxu\/wp-json\/wp\/v2\/posts\/67311\/revisions"}],"predecessor-version":[{"id":67346,"href":"https:\/\/edublog.educastur.es\/ixuxu\/wp-json\/wp\/v2\/posts\/67311\/revisions\/67346"}],"wp:attachment":[{"href":"https:\/\/edublog.educastur.es\/ixuxu\/wp-json\/wp\/v2\/media?parent=67311"}],"wp:term":[{"taxonomy":"category","embeddable":true,"href":"https:\/\/edublog.educastur.es\/ixuxu\/wp-json\/wp\/v2\/categories?post=67311"},{"taxonomy":"post_tag","embeddable":true,"href":"https:\/\/edublog.educastur.es\/ixuxu\/wp-json\/wp\/v2\/tags?post=67311"}],"curies":[{"name":"wp","href":"https:\/\/api.w.org\/{rel}","templated":true}]}}