{"id":67313,"date":"2026-02-03T09:30:04","date_gmt":"2026-02-03T07:30:04","guid":{"rendered":"https:\/\/edublog.educastur.es\/ixuxu\/?p=67313"},"modified":"2026-02-08T20:39:28","modified_gmt":"2026-02-08T18:39:28","slug":"unu-de-los-meyores-profesores-del-pais","status":"publish","type":"post","link":"https:\/\/edublog.educastur.es\/ixuxu\/2026\/02\/unu-de-los-meyores-profesores-del-pais\/","title":{"rendered":"Unu de los meyores profesores del pa\u00eds"},"content":{"rendered":"<p style=\"text-align: center\"><a href=\"https:\/\/estaticos-cdn.prensaiberica.es\/clip\/b6aa06cc-057b-4290-b23f-890937693676_source-aspect-ratio_default_0_x589y370.webp\"><img loading=\"lazy\" decoding=\"async\" class=\"aligncenter \" src=\"https:\/\/estaticos-cdn.prensaiberica.es\/clip\/b6aa06cc-057b-4290-b23f-890937693676_source-aspect-ratio_default_0_x589y370.webp\" width=\"656\" height=\"618\" \/><\/a><\/p>\n<p>Andr\u00e9s Meana, de la Universid\u00e1 d&#8217;Uvi\u00e9u, escoy\u00edu unu de los meyores profesores del pa\u00eds: \u00abLlevantar la mano nunca ye una interrupci\u00f3n\u00bb. \u00abYe un gran profesor, esplica con facilid\u00e1 y clarid\u00e1, esf\u00f3rciase por que podamos entendelu\u00bb, destaquen d&#8217;\u00e9l los sos alumnos, que-y propunxeron para&#8217;l premiu. <a href=\"https:\/\/www.lne.es\/oviedo\/2026\/02\/05\/guillermo-rico-vuelve-coruna-premio-126459654.html?fbclid=IwY2xjawPxYORleHRuA2FlbQIxMABicmlkETBqYXVuMzJTRWl0MXBIRW9Ec3J0YwZhcHBfaWQQMjIyMDM5MTc4ODIwMDg5MgABHgMP50LSr0ZKHQYUMyB-jCYLUR5q9qsVlPG1W631u4V81i_gP_48swN6tdye_aem_vIl0S5K6FDVp8iRVU1CGyA&amp;utm_campaign=mrf-facebook-lneoviedo&amp;mrfcid=2026020569813a83c98e8c590da0ac7d\">LNE<\/a> \/ <a href=\"https:\/\/www.lavozdeasturias.es\/noticia\/asturias\/2025\/10\/22\/guillermo-rico-finalista-premio-mejor-docente-espana-acoso-escolar-preocupacion-real-estar-pendientes\/00031761147076870996533.htm\">La Voz<\/a> \/ <a href=\"https:\/\/www.elcomercio.es\/asturias\/universidad\/andres-meana-universidad-oviedo-elegido-mejores-profesores-20260202172221-nt.html\">El Comercio<\/a><\/p>\n<p><!--more--><\/p>\n<p style=\"text-align: center\"><a href=\"https:\/\/cflvdg.avoz.es\/sc\/WDhn2pBwL8Y8YloDTRZbMvW_z1k=\/768x\/2026\/02\/04\/00121770205843578654890\/Foto\/66.png\"><img loading=\"lazy\" decoding=\"async\" class=\"aligncenter size-large\" src=\"https:\/\/cflvdg.avoz.es\/sc\/WDhn2pBwL8Y8YloDTRZbMvW_z1k=\/768x\/2026\/02\/04\/00121770205843578654890\/Foto\/66.png\" width=\"768\" height=\"432\" \/><\/a><\/p>\n<p>El maestru, que ye coordinador de la biblioteca escolar y del proyectu europ\u00e9u d&#8217;usu d&#8217;hologrames nes aules am\u00e1s d&#8217;escritor, form\u00f3 parte del selectu grupu de docentes finalistes na categor\u00eda d&#8217;Educaci\u00f3n Primaria, ocupando la d\u00e9cima posici\u00f3n.<\/p>\n<p style=\"text-align: center\"><a href=\"https:\/\/s2.ppllstatics.com\/elcomercio\/www\/multimedia\/2026\/02\/02\/profe-andres-meana-U10240697933TDG-RwSKT46PYz3noDUfaYPUGIJ-1200x840@El%20Comercio.jpg\"><img loading=\"lazy\" decoding=\"async\" class=\"aligncenter \" src=\"https:\/\/s2.ppllstatics.com\/elcomercio\/www\/multimedia\/2026\/02\/02\/profe-andres-meana-U10240697933TDG-RwSKT46PYz3noDUfaYPUGIJ-1200x840@El%20Comercio.jpg\" width=\"655\" height=\"459\" \/><\/a><\/p>\n<p>Tien 35 a\u00f1os, ye inxenieru industrial pola Universid\u00e1 d&#8217;Uvi\u00e9u ya inxenieru mec\u00e1nicu pola Universid\u00e1 T\u00e9cnica de Clausthal (Alema\u00f1a), doctor n&#8217;Enerx\u00eda y Control de Procesos (cum laude y premiu estraordinariu de doctor\u00e1u), fala cinco idiomes, ye profesor universitariu&#8230; Y, con tou, lo que m\u00e1s-y gustar\u00eda poder incluyir nel so curr\u00edculum ye que <strong>foi&#8217;l s\u00e9ptimu finalista nos IX Premios EDUCA ABANCA<\/strong>, que reconocen a los meyores docentes del pa\u00eds de 2025. Andr\u00e9s Meana Fern\u00e1ndez foi unu de los distingu\u00edos na categor\u00eda d&#8217;Universid\u00e1. Dos datos importantes: hubo 1.500 candidatures y toes son presentaes polos alumnos.<\/p>\n<p>Andr\u00e9s ye quiciabes un casu at\u00edpicu na plantiya docente universitaria. Primero atr\u00e1xo-y la docencia. Dempu\u00e9s, la investigaci\u00f3n. \u00abDende peque\u00f1u ten\u00eda claro que quer\u00eda ser profesor\u00bb. Ello ye que diolo y\u00e1 en Secundaria, cuando \u00abnos recreos ayudaba a los compa\u00f1eros que ten\u00eden dificultaes\u00bb. Ten\u00edelo claro cuando realiz\u00f3&#8217;l m\u00e1ster que-y dex\u00f3 dar clases tami\u00e9n nun institutu. Practic\u00f3 na Universid\u00e1 d&#8217;Uvi\u00e9u mientres el doctor\u00e1u y agora y\u00e1 ye profesor permanente llaboral. \u00abSoi docente a tiempu completu na Universid\u00e1 dende setiembre de 2021\u00bb. Recordar bien, ye la so vocaci\u00f3n.<\/p>\n<p>Una vocaci\u00f3n que lu llev\u00f3 a dar clases na \u00e1rea de M\u00e1quines y Motores T\u00e9rmicos, na Escuela Polit\u00e9cnica d&#8217;Inxenier\u00eda de Xix\u00f3n, la EPI (tami\u00e9n tuvo un tiempu en Mieres). Pero,<strong> sobremanera, la vocaci\u00f3n llev\u00f3-y a dedica-y enforma a tiempu a aprender c\u00f3mo ense\u00f1ar<\/strong>. \u00bfCu\u00e1l ye&#8217;l secretu por que los alumnos te propongan para un premiu asina? Nun sabe Meana qu\u00e9 documentaci\u00f3n prepararon quien-y propunxeron para&#8217;l galard\u00f3n, pero s\u00ed sabe lo que dalgunos d&#8217;ellos dixeron d&#8217;\u00e9l na Encuesta Xeneral d&#8217;Ense\u00f1anza que promueve la mesma Universid\u00e1 para saber qu\u00e9 opinen los alumnos de la docencia que reciben.<\/p>\n<p style=\"text-align: center\"><a href=\"https:\/\/img.lavdg.com\/sc\/NiYLzWt-do4l6DEgn7lm32VdCgI=\/768x\/2025\/10\/22\/00121761147384845482765\/Foto\/profegestaguillermo.jpg\"><img loading=\"lazy\" decoding=\"async\" class=\"aligncenter size-large\" src=\"https:\/\/img.lavdg.com\/sc\/NiYLzWt-do4l6DEgn7lm32VdCgI=\/768x\/2025\/10\/22\/00121761147384845482765\/Foto\/profegestaguillermo.jpg\" width=\"768\" height=\"432\" \/><\/a><\/p>\n<p>Con muncho pudor, llee dalgunu d&#8217;esos comentarios. \u00abYe un gran profesor, esplica con facilid\u00e1 y clarid\u00e1, esf\u00f3rciase por que podamos entendelo\u00bb. \u00abYe un profesor escelente, inter\u00e9sase polos alumnos, plant\u00e9ganos retos del mundu real, siempres disponible y sollerte\u00bb. \u00abYe un profesor fant\u00e1sticu, merez la pena cursar la so asignatura\u00bb. \u00abEsmolezse porque aprobemos, ye accesible, facil\u00edtanos les coses&#8230;\u00bb. Nun quier siguir. El pudor&#8230; Pero, al empar, l&#8217;arguyu de \u00abesi curr\u00edculum ocultu, que nun puedas cuntar, pero ye lo que te anima y te motivo\u00bb.<\/p>\n<p>El profesor del colexu Gesta, que ye tami\u00e9n responsable TIC del centru, tuvo&#8217;l so primer contactu cola docencia en Madrid y dell\u00ed tresllad\u00f3se al suroccidente asturianu, a San Antol\u00edn d&#8217;Ibias. Tendr\u00eda dempu\u00e9s otros destinos pola xeograf\u00eda asturiana antes de recalar nel centru uvie\u00edn, onde ta somorgui\u00e1u nel so sestu cursu. <strong>Son les families les que presenten les candidatures de los distintos profesores pa ca\u00fana de les seis categor\u00edes<\/strong>. Tres la evaluaci\u00f3n de los m\u00e9ritos de los docentes diose a conocer una primer llista, siguida de la selecci\u00f3n de los finalistes. \u00abSent\u00ed&#8217;l so ci\u00f1u y la so cercan\u00eda\u00bb, indica Guillermo Ricu sobre les families de los sos alumnos.<\/p>\n<p style=\"text-align: center\"><a href=\"https:\/\/estaticos-cdn.prensaiberica.es\/clip\/4a91c43a-0c93-4268-a6f8-8b685cd9c2cb_16-9-discover-aspect-ratio_default_0.jpg\"><img loading=\"lazy\" decoding=\"async\" class=\"aligncenter size-large\" src=\"https:\/\/estaticos-cdn.prensaiberica.es\/clip\/4a91c43a-0c93-4268-a6f8-8b685cd9c2cb_16-9-discover-aspect-ratio_default_0.jpg\" width=\"1200\" height=\"675\" \/><\/a><\/p>\n<p>Defende&#8217;l maestru qu&#8217;imparte clase en 6.\u00ba de Primaria, que <strong>\u00abangua\u00f1o, na educaci\u00f3n los protagonistes son los alumnos<\/strong> y antes\u00a0 yeren los profesores, que daba clases maxistrales\u00bb. Apueste pola combinaci\u00f3n de la tradici\u00f3n y l&#8217;innovaci\u00f3n am\u00e1s de por non por trabayar les asignatures de forma aisllada, sin\u00f3n xuntales\u00bb porque a los alumnos \u00abnun los encaxa que s\u00eda tou tan estructur\u00e1u\u00bb.<\/p>\n<p>\u00abMunches vegaes trabayo por oxetivos y ellos xesti\u00f3nense por equipos, saben qu\u00e9 recursos utilizar y yo a cencielles soi un monitor, un ayudante, unu m\u00e1s d&#8217;ellos que los ayuda, si\u00e9ntome nes meses y toi con ellos trabayando, pero y\u00e1 nun soi y\u00e1 esa figura tan maxistral d&#8217;antes\u00bb, esplica esti maestru de Primaria.<\/p>\n<p>Sicas\u00ed, magar esta independencia, <em>\u00aba la fin del d\u00eda o de la selmana sigo que vas tener qu&#8217;apurrir una serie de productos o evidencies de too lo que fixisti, pero con autonom\u00eda\u00bb<\/em>. Esa capacid\u00e1 pa dir asumiendo la necesid\u00e1 de xestionar el so propiu tiempu, d&#8217;entamase, ye, munches vegaes, lo que m\u00e1s-yos cuesta a los alumnos a la de dar el saltu de la Primaria a la Secundaria. <em>\u00abMunches vegaes cuando falamos colos docentes del institutu d\u00edcennos, &#8216;tien bien bon nivel, pero qu\u00e9 poco entamaos son\u00bb<\/em>, resalta.<\/p>\n<p><em>\u00abLos alumnos respuenden perbi\u00e9n a cualquier cosa que-yos propongo\u00bb<\/em><\/p>\n","protected":false},"excerpt":{"rendered":"<p>Andr\u00e9s Meana, de la Universid\u00e1 d&#8217;Uvi\u00e9u, escoy\u00edu unu de los meyores profesores del pa\u00eds: \u00abLlevantar la mano nunca ye una interrupci\u00f3n\u00bb. \u00abYe un gran profesor, esplica con facilid\u00e1 y clarid\u00e1, esf\u00f3rciase por que podamos entendelu\u00bb, destaquen d&#8217;\u00e9l los sos alumnos, que-y propunxeron para&#8217;l premiu. LNE \/ La Voz \/ El Comercio<\/p>\n","protected":false},"author":117,"featured_media":0,"comment_status":"closed","ping_status":"closed","sticky":false,"template":"","format":"standard","meta":{"footnotes":""},"categories":[58],"tags":[],"class_list":["post-67313","post","type-post","status-publish","format-standard","hentry","category-premios"],"_links":{"self":[{"href":"https:\/\/edublog.educastur.es\/ixuxu\/wp-json\/wp\/v2\/posts\/67313","targetHints":{"allow":["GET"]}}],"collection":[{"href":"https:\/\/edublog.educastur.es\/ixuxu\/wp-json\/wp\/v2\/posts"}],"about":[{"href":"https:\/\/edublog.educastur.es\/ixuxu\/wp-json\/wp\/v2\/types\/post"}],"author":[{"embeddable":true,"href":"https:\/\/edublog.educastur.es\/ixuxu\/wp-json\/wp\/v2\/users\/117"}],"replies":[{"embeddable":true,"href":"https:\/\/edublog.educastur.es\/ixuxu\/wp-json\/wp\/v2\/comments?post=67313"}],"version-history":[{"count":9,"href":"https:\/\/edublog.educastur.es\/ixuxu\/wp-json\/wp\/v2\/posts\/67313\/revisions"}],"predecessor-version":[{"id":67643,"href":"https:\/\/edublog.educastur.es\/ixuxu\/wp-json\/wp\/v2\/posts\/67313\/revisions\/67643"}],"wp:attachment":[{"href":"https:\/\/edublog.educastur.es\/ixuxu\/wp-json\/wp\/v2\/media?parent=67313"}],"wp:term":[{"taxonomy":"category","embeddable":true,"href":"https:\/\/edublog.educastur.es\/ixuxu\/wp-json\/wp\/v2\/categories?post=67313"},{"taxonomy":"post_tag","embeddable":true,"href":"https:\/\/edublog.educastur.es\/ixuxu\/wp-json\/wp\/v2\/tags?post=67313"}],"curies":[{"name":"wp","href":"https:\/\/api.w.org\/{rel}","templated":true}]}}