{"id":67322,"date":"2026-02-03T11:22:25","date_gmt":"2026-02-03T09:22:25","guid":{"rendered":"https:\/\/edublog.educastur.es\/ixuxu\/?p=67322"},"modified":"2026-02-03T11:24:03","modified_gmt":"2026-02-03T09:24:03","slug":"les-nueves-ayalgues-de-la-campa-torres","status":"publish","type":"post","link":"https:\/\/edublog.educastur.es\/ixuxu\/2026\/02\/les-nueves-ayalgues-de-la-campa-torres\/","title":{"rendered":"Les nueves \u00abayalgues\u00bb de la Campa Torres"},"content":{"rendered":"<p style=\"text-align: center\"><a href=\"https:\/\/estaticos-cdn.prensaiberica.es\/clip\/86053778-f625-4539-890a-612d1fd15c82_source-aspect-ratio_default_0_x609y270.jpg\"><img loading=\"lazy\" decoding=\"async\" class=\"aligncenter size-large\" src=\"https:\/\/estaticos-cdn.prensaiberica.es\/clip\/86053778-f625-4539-890a-612d1fd15c82_source-aspect-ratio_default_0_x609y270.jpg\" width=\"2000\" height=\"1333\" \/><\/a><\/p>\n<p>Les nueves \u00abayalgues\u00bb de la Campa Torres qu&#8217;esperen escond\u00edos para la postrera gran campa\u00f1a d&#8217;escavaci\u00f3n arqueol\u00f3xica del proyectu europ\u00e9u. L&#8217;apaici\u00f3n d&#8217;un nuevu foso, un broche y una moneda, ente los afayos \u00absorpresa\u00bb de la tercer fase de los trabayos, na so recta final.<a href=\"https:\/\/www.lne.es\/fotos\/gijon\/fotos-de-gijon-oeste\/2026\/02\/01\/nuevos-tesoros-campa-torres-imagenes-126314208.html#foto=1\"> Galer\u00eda semeyes<\/a> \/ <a href=\"https:\/\/www.lne.es\/gijon\/gijon-oeste\/2026\/02\/01\/nuevos-tesoros-campa-esperan-escondidos-126311063.html\">LNE<\/a><\/p>\n<p><!--more--><a href=\"https:\/\/estaticos-cdn.prensaiberica.es\/clip\/4d365915-a2db-4e01-a023-450a9028b038_source-aspect-ratio_default_0_x640y320.jpg\"><img loading=\"lazy\" decoding=\"async\" class=\"aligncenter \" src=\"https:\/\/estaticos-cdn.prensaiberica.es\/clip\/4d365915-a2db-4e01-a023-450a9028b038_source-aspect-ratio_default_0_x640y320.jpg\" width=\"610\" height=\"458\" \/><\/a><\/p>\n<p>Con una bater\u00eda de dellos contratos en marcha o a puntu d&#8217;empecipiase, la tercer fase del llam\u00e1u <strong>Proxecto Campa<\/strong> encarrera la so recta final no que va ser la postrera gran campa\u00f1a d&#8217;escavaci\u00f3n arqueol\u00f3xica nel xacimientu xixon\u00e9s que financia Europa.<\/p>\n<p>Los trabayos, empecipiaos n&#8217;ochobre, t\u00e1n atop\u00e1ndose cola mala suerte del plan tiempu y los t\u00e9cnicos empiecen a meditar la posibilid\u00e1 de tener que solicitar una pr\u00f3rroga, porque&#8217;l plazu llende termina en marzu, pero felic\u00edtense dica agora de les meyores del apart\u00e1u d&#8217;esploraci\u00f3n sobro&#8217;l terr\u00e9n, que <strong>y\u00e1 dex\u00f3 dar con un foso hasta agora desconoc\u00edu y dellos oxetos interesaos, ente ellos, un broche y una moneda.<\/strong> Coles escavaciones y\u00e1 avanzaes, la previsi\u00f3n ye empezar nestos d\u00edes coles xeres de restauraci\u00f3n d&#8217;estructures, claves pa consolidar un xacimientu que dende esti Proyectu Riola nun realizaba grandes escavaciones dende la d\u00e9cada de los a\u00f1os 90.<\/p>\n<p style=\"text-align: center\"><a href=\"https:\/\/estaticos-cdn.prensaiberica.es\/clip\/6ea25ebb-80b1-4337-9c5b-aac237f4f474_source-aspect-ratio_default_0_x1020y382.jpg\"><img loading=\"lazy\" decoding=\"async\" class=\"aligncenter size-large\" src=\"https:\/\/estaticos-cdn.prensaiberica.es\/clip\/6ea25ebb-80b1-4337-9c5b-aac237f4f474_source-aspect-ratio_default_0_x1020y382.jpg\" width=\"2000\" height=\"1125\" \/><\/a><\/p>\n<p>&nbsp;<\/p>\n<p style=\"text-align: center\"><a href=\"https:\/\/estaticos-cdn.prensaiberica.es\/clip\/ab57a9ec-8280-4e9c-acab-534798a39f78_16-9-aspect-ratio_default_0.webp\"><img loading=\"lazy\" decoding=\"async\" class=\"aligncenter \" src=\"https:\/\/estaticos-cdn.prensaiberica.es\/clip\/ab57a9ec-8280-4e9c-acab-534798a39f78_16-9-aspect-ratio_default_0.webp\" width=\"569\" height=\"320\" \/><\/a><\/p>\n<p>&nbsp;<\/p>\n<p>&nbsp;<\/p>\n","protected":false},"excerpt":{"rendered":"<p>Les nueves \u00abayalgues\u00bb de la Campa Torres qu&#8217;esperen escond\u00edos para la postrera gran campa\u00f1a d&#8217;escavaci\u00f3n arqueol\u00f3xica del proyectu europ\u00e9u. L&#8217;apaici\u00f3n d&#8217;un nuevu foso, un broche y una moneda, ente los afayos \u00absorpresa\u00bb de la tercer fase de los trabayos, na so recta final. Galer\u00eda semeyes \/ LNE<\/p>\n","protected":false},"author":117,"featured_media":0,"comment_status":"closed","ping_status":"closed","sticky":false,"template":"","format":"standard","meta":{"footnotes":""},"categories":[206],"tags":[],"class_list":["post-67322","post","type-post","status-publish","format-standard","hentry","category-arqueoloxia"],"_links":{"self":[{"href":"https:\/\/edublog.educastur.es\/ixuxu\/wp-json\/wp\/v2\/posts\/67322","targetHints":{"allow":["GET"]}}],"collection":[{"href":"https:\/\/edublog.educastur.es\/ixuxu\/wp-json\/wp\/v2\/posts"}],"about":[{"href":"https:\/\/edublog.educastur.es\/ixuxu\/wp-json\/wp\/v2\/types\/post"}],"author":[{"embeddable":true,"href":"https:\/\/edublog.educastur.es\/ixuxu\/wp-json\/wp\/v2\/users\/117"}],"replies":[{"embeddable":true,"href":"https:\/\/edublog.educastur.es\/ixuxu\/wp-json\/wp\/v2\/comments?post=67322"}],"version-history":[{"count":2,"href":"https:\/\/edublog.educastur.es\/ixuxu\/wp-json\/wp\/v2\/posts\/67322\/revisions"}],"predecessor-version":[{"id":67324,"href":"https:\/\/edublog.educastur.es\/ixuxu\/wp-json\/wp\/v2\/posts\/67322\/revisions\/67324"}],"wp:attachment":[{"href":"https:\/\/edublog.educastur.es\/ixuxu\/wp-json\/wp\/v2\/media?parent=67322"}],"wp:term":[{"taxonomy":"category","embeddable":true,"href":"https:\/\/edublog.educastur.es\/ixuxu\/wp-json\/wp\/v2\/categories?post=67322"},{"taxonomy":"post_tag","embeddable":true,"href":"https:\/\/edublog.educastur.es\/ixuxu\/wp-json\/wp\/v2\/tags?post=67322"}],"curies":[{"name":"wp","href":"https:\/\/api.w.org\/{rel}","templated":true}]}}