{"id":67335,"date":"2026-02-03T14:34:11","date_gmt":"2026-02-03T12:34:11","guid":{"rendered":"https:\/\/edublog.educastur.es\/ixuxu\/?p=67335"},"modified":"2026-02-03T14:41:17","modified_gmt":"2026-02-03T12:41:17","slug":"sociedad-cultura-el-belles-artes-quier-convertise-nun-museu-mas-divulgativu-y-accesible-a-la-ciudadania","status":"publish","type":"post","link":"https:\/\/edublog.educastur.es\/ixuxu\/2026\/02\/sociedad-cultura-el-belles-artes-quier-convertise-nun-museu-mas-divulgativu-y-accesible-a-la-ciudadania\/","title":{"rendered":"El Belles Artes quier convertise nun mus\u00e9u m\u00e1s divulgativu y accesible"},"content":{"rendered":"<div class=\"flex items-center justify-between relative mb-2\">\n<div><\/div>\n<div>\n<div class=\"readspeakerNoticias absolute z-0 -right-1\">\n<div id=\"readspeaker_button1\" class=\"rs_skip rsbtn rs_preserve\"><a href=\"https:\/\/www.rtpa.es\/noticias-sociedad-ast\/2026-02-02\/El-Belles-Artes-quier-convertise-nun-museu-mas-divulgativu-y-accesible-a-la-ciudadania-_111770037039.html\">El Belles Artes quier convertise nun mus\u00e9u m\u00e1s divulgativu y accesible a la ciudadan\u00eda. TPA<\/a><\/div>\n<div><\/div>\n<div style=\"text-align: center\"><a href=\"https:\/\/www.rtpa.es\/fotos\/\/26\/02\/20260202135717_RTPA7668963.webp\"><img loading=\"lazy\" decoding=\"async\" class=\"aligncenter size-large\" src=\"https:\/\/www.rtpa.es\/fotos\/\/26\/02\/20260202135717_RTPA7668963.webp\" width=\"853\" height=\"480\" \/><\/a><\/div>\n<\/div>\n<div>\n<p>La nueva directora del Mus\u00e9u Belles Artes present\u00f3 la so primer programaci\u00f3n pa la pinacoteca. Destaca un ciclu de conferencies con directores y conservadores de museos de prestixu tanto d&#8217;Europa como d&#8217;Am\u00e9rica. <a href=\"https:\/\/www.museobbaa.com\/\">https:\/\/www.museobbaa.com\/<\/a><\/p>\n<p><!--more--><\/p>\n<p>Am\u00e1s, la directora q<strong>uier que&#8217;l mus\u00e9u seya m\u00e1s accesible al p\u00fablicu con actividaes divulgatives pa toles edaes<\/strong>, pero quier que&#8217;l Belles Artes seya tami\u00e9n un espaciu nel que les persones quieran tar.<\/p>\n<p>El diput\u00e1u popular Jos\u00e9 Luis Costillas esplic\u00f3 en rueda de prensa que, n&#8217;ochobre de 2022, el Gobiernu auton\u00f3micu recibi\u00f3 5,8 millones d&#8217;euros del Plan Nacional Xacob\u00e9u, financi\u00e1u con fondos Next Generation, p&#8217;acometer l&#8217;ampliaci\u00f3n del mus\u00e9u.<\/p>\n<p style=\"text-align: center\"><a href=\"https:\/\/pbs.twimg.com\/profile_banners\/4264376002\/1711094173\/1500x500\"><img loading=\"lazy\" decoding=\"async\" class=\"aligncenter size-large\" src=\"https:\/\/pbs.twimg.com\/profile_banners\/4264376002\/1711094173\/1500x500\" width=\"1500\" height=\"500\" \/><\/a><\/p>\n<p>El Mus\u00e9u de Belles Artes d&#8217;Asturies busca conectar les sos colecciones, la conocencia y el p\u00fablicu de forma que se xeneren esperiencies calidable. Este ye precisamente&#8217;l fin de los sos<a href=\"https:\/\/www.museobbaa.com\/educacion\/programas-educativos\/\"><strong> Programes Educativos<\/strong><\/a>, integraos por una nutrida serie de visites, talleres, esperiencies did\u00e1ctiques para escolares y otros percorr\u00edos y actividaes did\u00e1ctiques afechos a distintos tipos de p\u00fablicu.<\/p>\n<blockquote class=\"wp-embedded-content\" data-secret=\"TFpLFFQyAM\"><p><a href=\"https:\/\/www.museobbaa.com\/educacion\/programas-educativos\/\">Programas Educativos<\/a><\/p><\/blockquote>\n<p><iframe loading=\"lazy\" class=\"wp-embedded-content\" sandbox=\"allow-scripts\" security=\"restricted\" style=\"position: absolute; visibility: hidden;\" title=\"&#8220;Programas Educativos&#8221; &#8212; Museo Bellas Artes de Asturias\" src=\"https:\/\/www.museobbaa.com\/educacion\/programas-educativos\/embed\/#?secret=TFpLFFQyAM\" data-secret=\"TFpLFFQyAM\" width=\"600\" height=\"338\" frameborder=\"0\" marginwidth=\"0\" marginheight=\"0\" scrolling=\"no\"><\/iframe><\/p>\n<p>L&#8217;oxetivu principal d&#8217;esti vari\u00e1u, risonderu y din\u00e1micu programa ye averar el Mus\u00e9u, les sos colecciones y les sos esposiciones temporales a los distintos tipos de p\u00fablicu, de la que se promueve la esperimentaci\u00f3n del prestar d&#8217;aprender, d&#8217;afayar, y fom\u00e9ntase el di\u00e1logu y l&#8217;intercambiu d&#8217;idees, sentimientos y percepciones. D&#8217;esta miente, mientres los asistentes esfruten y comparten esperiencies y emociones, van desenvolver d&#8217;una manera l\u00fadico y participativo la so sensibilid\u00e1 art\u00edstica y van aprender a conocer, respetar y valorar el patrimoniu que caltenemos.<\/p>\n<\/div>\n<\/div>\n<\/div>\n<p>&nbsp;<\/p>\n","protected":false},"excerpt":{"rendered":"<p>El Belles Artes quier convertise nun mus\u00e9u m\u00e1s divulgativu y accesible a la ciudadan\u00eda. TPA La nueva directora del Mus\u00e9u Belles Artes present\u00f3 la so primer programaci\u00f3n pa la pinacoteca. Destaca un ciclu de conferencies con directores y conservadores de museos de prestixu tanto d&#8217;Europa como d&#8217;Am\u00e9rica. https:\/\/www.museobbaa.com\/<\/p>\n","protected":false},"author":117,"featured_media":0,"comment_status":"closed","ping_status":"closed","sticky":false,"template":"","format":"standard","meta":{"footnotes":""},"categories":[15],"tags":[],"class_list":["post-67335","post","type-post","status-publish","format-standard","hentry","category-museos"],"_links":{"self":[{"href":"https:\/\/edublog.educastur.es\/ixuxu\/wp-json\/wp\/v2\/posts\/67335","targetHints":{"allow":["GET"]}}],"collection":[{"href":"https:\/\/edublog.educastur.es\/ixuxu\/wp-json\/wp\/v2\/posts"}],"about":[{"href":"https:\/\/edublog.educastur.es\/ixuxu\/wp-json\/wp\/v2\/types\/post"}],"author":[{"embeddable":true,"href":"https:\/\/edublog.educastur.es\/ixuxu\/wp-json\/wp\/v2\/users\/117"}],"replies":[{"embeddable":true,"href":"https:\/\/edublog.educastur.es\/ixuxu\/wp-json\/wp\/v2\/comments?post=67335"}],"version-history":[{"count":7,"href":"https:\/\/edublog.educastur.es\/ixuxu\/wp-json\/wp\/v2\/posts\/67335\/revisions"}],"predecessor-version":[{"id":67342,"href":"https:\/\/edublog.educastur.es\/ixuxu\/wp-json\/wp\/v2\/posts\/67335\/revisions\/67342"}],"wp:attachment":[{"href":"https:\/\/edublog.educastur.es\/ixuxu\/wp-json\/wp\/v2\/media?parent=67335"}],"wp:term":[{"taxonomy":"category","embeddable":true,"href":"https:\/\/edublog.educastur.es\/ixuxu\/wp-json\/wp\/v2\/categories?post=67335"},{"taxonomy":"post_tag","embeddable":true,"href":"https:\/\/edublog.educastur.es\/ixuxu\/wp-json\/wp\/v2\/tags?post=67335"}],"curies":[{"name":"wp","href":"https:\/\/api.w.org\/{rel}","templated":true}]}}