{"id":67343,"date":"2026-02-02T09:01:20","date_gmt":"2026-02-02T07:01:20","guid":{"rendered":"https:\/\/edublog.educastur.es\/ixuxu\/?p=67343"},"modified":"2026-02-03T14:42:54","modified_gmt":"2026-02-03T12:42:54","slug":"les-guelgues-en-peligru-pola-contaminacion-y-presion-turistica","status":"publish","type":"post","link":"https:\/\/edublog.educastur.es\/ixuxu\/2026\/02\/les-guelgues-en-peligru-pola-contaminacion-y-presion-turistica\/","title":{"rendered":"Les g\u00fcelgues, en peligru pola contaminaci\u00f3n y presi\u00f3n tur\u00edstica"},"content":{"rendered":"<p class=\"text-2xl font-bold font-serif leading-tight max-w-[65ch] mb-1.5\"><a href=\"https:\/\/www.rtpa.es\/noticias-asturias-ast\/2026-02-02\/Les-guelgues,-en-peligru-pola-contaminacion-y-presion-turistica_111770034800.html\">Les g\u00fcelgues, en peligru pola contaminaci\u00f3n y presi\u00f3n tur\u00edstica.<\/a><\/p>\n<p style=\"text-align: center\"><a href=\"https:\/\/www.rtpa.es\/fotos\/\/26\/02\/20260202131636_RTPA7668530.webp\"><img loading=\"lazy\" decoding=\"async\" class=\"aligncenter size-large\" src=\"https:\/\/www.rtpa.es\/fotos\/\/26\/02\/20260202131636_RTPA7668530.webp\" width=\"853\" height=\"480\" \/><\/a><\/p>\n<div class=\"flow rtpa-prose text-lg leading-tight mb-6\"><strong>L&#8217;Asociaci\u00f3n Espa\u00f1ola d&#8217;Ornitolox\u00eda alvierte del descensu de la gavilueta patiamarilla, la m\u00e1s com\u00fan n&#8217;Asturies. <\/strong>G\u00fcei ye 2 de febreru, d\u00eda mundial de les g\u00fcelgues. N&#8217;Espa\u00f1a les m\u00e1s destacaes son: Do\u00f1ana, El Delta del Ebro, Las Tablas de Daimiel y L&#8217;Albufera de Valencia. <strong>N&#8217;Asturies destaquen la r\u00eda del Eo y la de Villaviciosa<\/strong>. Son espacios cimeros pa la biodiversid\u00e1, allugando numberoses aves migratories y especies protex\u00edes.<\/div>\n<div><\/div>\n<p><!--more--><\/p>\n<div class=\"flow rtpa-prose text-base text-neutral-700\">\n<p>A l&#8217;Asociaci\u00f3n Espa\u00f1ola d&#8217;Ornitolox\u00eda esmolez-yos l&#8217;est\u00e1u de les nueses g\u00fcelgues, sobre manera el de la r\u00eda de Villaviciosa apunta Nicol\u00e1s L\u00f3pez Jim\u00e9nez, deleg\u00e1u territorial n&#8217;Asturies de la Socied\u00e1 Espa\u00f1ola d&#8217;Ornitolox\u00eda.<\/p>\n<p>Esto traduzse en falta d&#8217;alimentu pa eses aves y un amenorgamientu del 80% na presencia d&#8217;aves nos \u00faltimos a\u00f1os.<\/p>\n<p>Destaquen tami\u00e9n la perda de la tradici\u00f3n neses g\u00fcelgues.<\/p>\n<p>Alvierten am\u00e1s del pergr\u00e1n descensu de la gavilueta patiamarilla, la m\u00e1s com\u00fan n&#8217;Asturies, que pas\u00f3 de 50.000 exemplares a 5.000. Trabayen col conceyu de Xix\u00f3n y esti va ser l&#8217;\u00faltimu a\u00f1u que se quiten niales pa controlar la especie.<\/p>\n<\/div>\n","protected":false},"excerpt":{"rendered":"<p>Les g\u00fcelgues, en peligru pola contaminaci\u00f3n y presi\u00f3n tur\u00edstica. L&#8217;Asociaci\u00f3n Espa\u00f1ola d&#8217;Ornitolox\u00eda alvierte del descensu de la gavilueta patiamarilla, la m\u00e1s com\u00fan n&#8217;Asturies. G\u00fcei ye 2 de febreru, d\u00eda mundial de les g\u00fcelgues. N&#8217;Espa\u00f1a les m\u00e1s destacaes son: Do\u00f1ana, El Delta del Ebro, Las Tablas de Daimiel y L&#8217;Albufera de Valencia. N&#8217;Asturies destaquen la r\u00eda [&hellip;]<\/p>\n","protected":false},"author":117,"featured_media":0,"comment_status":"closed","ping_status":"closed","sticky":false,"template":"","format":"standard","meta":{"footnotes":""},"categories":[1],"tags":[],"class_list":["post-67343","post","type-post","status-publish","format-standard","hentry","category-sin-categoria"],"_links":{"self":[{"href":"https:\/\/edublog.educastur.es\/ixuxu\/wp-json\/wp\/v2\/posts\/67343","targetHints":{"allow":["GET"]}}],"collection":[{"href":"https:\/\/edublog.educastur.es\/ixuxu\/wp-json\/wp\/v2\/posts"}],"about":[{"href":"https:\/\/edublog.educastur.es\/ixuxu\/wp-json\/wp\/v2\/types\/post"}],"author":[{"embeddable":true,"href":"https:\/\/edublog.educastur.es\/ixuxu\/wp-json\/wp\/v2\/users\/117"}],"replies":[{"embeddable":true,"href":"https:\/\/edublog.educastur.es\/ixuxu\/wp-json\/wp\/v2\/comments?post=67343"}],"version-history":[{"count":2,"href":"https:\/\/edublog.educastur.es\/ixuxu\/wp-json\/wp\/v2\/posts\/67343\/revisions"}],"predecessor-version":[{"id":67345,"href":"https:\/\/edublog.educastur.es\/ixuxu\/wp-json\/wp\/v2\/posts\/67343\/revisions\/67345"}],"wp:attachment":[{"href":"https:\/\/edublog.educastur.es\/ixuxu\/wp-json\/wp\/v2\/media?parent=67343"}],"wp:term":[{"taxonomy":"category","embeddable":true,"href":"https:\/\/edublog.educastur.es\/ixuxu\/wp-json\/wp\/v2\/categories?post=67343"},{"taxonomy":"post_tag","embeddable":true,"href":"https:\/\/edublog.educastur.es\/ixuxu\/wp-json\/wp\/v2\/tags?post=67343"}],"curies":[{"name":"wp","href":"https:\/\/api.w.org\/{rel}","templated":true}]}}