{"id":67354,"date":"2026-02-04T08:30:55","date_gmt":"2026-02-04T06:30:55","guid":{"rendered":"https:\/\/edublog.educastur.es\/ixuxu\/?p=67354"},"modified":"2026-02-04T15:45:34","modified_gmt":"2026-02-04T13:45:34","slug":"el-tiempu-el-comercio-254","status":"publish","type":"post","link":"https:\/\/edublog.educastur.es\/ixuxu\/2026\/02\/el-tiempu-el-comercio-254\/","title":{"rendered":"El tiempu (El Comercio)"},"content":{"rendered":"<p style=\"text-align: center\"><a href=\"https:\/\/s3.ppllstatics.com\/elcomercio\/www\/multimedia\/2026\/02\/03\/prevision-tiempo-asturias-kseD-U2302588077118HVD-1200x870@El%20Comercio.jpg\"><img loading=\"lazy\" decoding=\"async\" class=\"aligncenter size-large\" src=\"https:\/\/s3.ppllstatics.com\/elcomercio\/www\/multimedia\/2026\/02\/03\/prevision-tiempo-asturias-kseD-U2302588077118HVD-1200x870@El%20Comercio.jpg\" width=\"1200\" height=\"870\" \/><\/a><\/p>\n<p>Gracies a la presencia nuevamente de vientos de suroeste les temperatures diurnes van esperimentar un ascensu xeneraliz\u00e1u ente 2 y 3 \u00baC respectu al martes en pr\u00e1cticamente tol Princip\u00e1u. Inclusive podr\u00eden ser m\u00e1s de 3 \u00baC de forma local en puntos del estremu tantu occidental como oriental. <strong>Les temperatures m\u00ednimes<\/strong> van caltenese ensin cambeos importantes. D&#8217;esta forma preven m\u00e1ximes d&#8217;hasta 15 o 16 \u00baC que, evidentemente, son cimeros a la que cabr\u00eda esperar una xornada de principios de febreru. <strong>Los vientos<\/strong>, como dic\u00edamos, van soplar de suroeste.<\/p>\n<p><!--more--><\/p>\n<p>Esp\u00e9rense con raches moderaes y, localmente, nun se refuga dalguna fuerte en zones espuestes y elevaes. Comoquier, va ser raru que superen los 70 km\/h en dalg\u00fan puntu del Princip\u00e1u. En cuanto al est\u00e1u de la nubosid\u00e1, les nubes van dir a m\u00e1s mientres la ma\u00f1ana y van dexar precipitaciones sobremanera nel suroccidente.<\/p>\n<p>Pero a partir del mediud\u00eda, y mientres les primeres hores de tarde, nun se refuga que puedan escapase tami\u00e9n ag\u00fces en cualquier poblaciones asturiana. Esta inestabilid\u00e1 va unviar mientres la tarde esp\u00e9rase que s&#8217;abran escamplaes col pasu de les hores. La cota de nieve va empezar sobro los 1200 metros y va xubir hasta los 1600 metros al mediud\u00eda.<\/p>\n","protected":false},"excerpt":{"rendered":"<p>Gracies a la presencia nuevamente de vientos de suroeste les temperatures diurnes van esperimentar un ascensu xeneraliz\u00e1u ente 2 y 3 \u00baC respectu al martes en pr\u00e1cticamente tol Princip\u00e1u. Inclusive podr\u00eden ser m\u00e1s de 3 \u00baC de forma local en puntos del estremu tantu occidental como oriental. Les temperatures m\u00ednimes van caltenese ensin cambeos importantes. [&hellip;]<\/p>\n","protected":false},"author":117,"featured_media":0,"comment_status":"closed","ping_status":"closed","sticky":false,"template":"","format":"standard","meta":{"footnotes":""},"categories":[5],"tags":[],"class_list":["post-67354","post","type-post","status-publish","format-standard","hentry","category-tiempu"],"_links":{"self":[{"href":"https:\/\/edublog.educastur.es\/ixuxu\/wp-json\/wp\/v2\/posts\/67354","targetHints":{"allow":["GET"]}}],"collection":[{"href":"https:\/\/edublog.educastur.es\/ixuxu\/wp-json\/wp\/v2\/posts"}],"about":[{"href":"https:\/\/edublog.educastur.es\/ixuxu\/wp-json\/wp\/v2\/types\/post"}],"author":[{"embeddable":true,"href":"https:\/\/edublog.educastur.es\/ixuxu\/wp-json\/wp\/v2\/users\/117"}],"replies":[{"embeddable":true,"href":"https:\/\/edublog.educastur.es\/ixuxu\/wp-json\/wp\/v2\/comments?post=67354"}],"version-history":[{"count":5,"href":"https:\/\/edublog.educastur.es\/ixuxu\/wp-json\/wp\/v2\/posts\/67354\/revisions"}],"predecessor-version":[{"id":67400,"href":"https:\/\/edublog.educastur.es\/ixuxu\/wp-json\/wp\/v2\/posts\/67354\/revisions\/67400"}],"wp:attachment":[{"href":"https:\/\/edublog.educastur.es\/ixuxu\/wp-json\/wp\/v2\/media?parent=67354"}],"wp:term":[{"taxonomy":"category","embeddable":true,"href":"https:\/\/edublog.educastur.es\/ixuxu\/wp-json\/wp\/v2\/categories?post=67354"},{"taxonomy":"post_tag","embeddable":true,"href":"https:\/\/edublog.educastur.es\/ixuxu\/wp-json\/wp\/v2\/tags?post=67354"}],"curies":[{"name":"wp","href":"https:\/\/api.w.org\/{rel}","templated":true}]}}