{"id":67362,"date":"2026-02-04T11:23:11","date_gmt":"2026-02-04T09:23:11","guid":{"rendered":"https:\/\/edublog.educastur.es\/ixuxu\/?p=67362"},"modified":"2026-02-05T11:57:03","modified_gmt":"2026-02-05T09:57:03","slug":"bonos-de-la-nueva-campana-de-turismu-rural","status":"publish","type":"post","link":"https:\/\/edublog.educastur.es\/ixuxu\/2026\/02\/bonos-de-la-nueva-campana-de-turismu-rural\/","title":{"rendered":"Bonos de la nueva campa\u00f1a de turismu rural"},"content":{"rendered":"<section id=\"noticia-texto\" class=\"pt-14\">\n<div class=\"w-full max-w-[1296px] mx-auto\">\n<div class=\"grid grid-cols-12 px-4 2xl:px-0\">\n<div class=\"col-span-10 lg:col-span-8 lg:col-start-3\">\n<div class=\"mb-6\">\n<ul>\n<li class=\"text-2xl font-bold font-serif leading-tight max-w-[65ch] mb-1.5\"><a href=\"https:\/\/www.rtpa.es\/noticias-asturias-ast\/2026-02-03\/Los-bonos-de-la-nueva-campa%C3%B1a-pa-desestacionalizar-el-turismu-rural-n'Asturies-ya-tan-a-la-venta%E2%80%82_111770122103.html\">Los bonos de la nueva campa\u00f1a pa desestacionalizar el turismu rural n&#8217;Asturies y\u00e1 t\u00e1n a la venta.<\/a><\/li>\n<\/ul>\n<div class=\"link-container pt-2\"><\/div>\n<\/div>\n<\/div>\n<div id=\"video-imagen\" class=\"col-span-12 lg:col-span-10 lg:col-start-2\">\n<div id=\"mediaplayer\">\n<div id=\"video-a-reproducir1380372113\" class=\"video-js vjs-default-skin vjs-16-9 vjs-big-play-centered vjs-paused vjs-fluid video-a-reproducir1380372113-dimensions vjs-controls-enabled vjs-workinghover vjs-v8 vjs-user-active vjs-layout-large vjs-hls-quality-selector\" lang=\"es\" role=\"region\" aria-label=\"Reproductor de Video\">\n<div class=\"vjs-poster\"><img decoding=\"async\" class=\"aligncenter\" src=\"https:\/\/www.rtpa.es\/fotos\/\/26\/02\/20260203131347_RTPA7672534.webp\" alt=\"\" \/><\/div>\n<div class=\"vjs-text-track-display\" aria-live=\"off\"><\/div>\n<\/div>\n<\/div>\n<\/div>\n<\/div>\n<\/div>\n<\/section>\n<section id=\"noticia-texto-2\" class=\"py-8 lg:pb-14\">\n<div class=\"w-full max-w-[1296px] mx-auto\">\n<div class=\"grid grid-cols-12 gap-6 px-4 2xl:px-0\">\n<div id=\"noticia-redes-nuevo\" class=\"col-span-12 lg:col-span-1 lg:col-start-2\">\n<ul class=\"flex flex-row justify-around lg:justify-normal lg:flex-col gap-3 sticky top-4\">\n<li class=\"red-bluesky\"><strong>Los establecimientos inxertos na campa\u00f1a medraron un 70%. <\/strong><a href=\"https:\/\/actualidad.asturias.es\/-\/bonosturismorural32?redirect=%2Fnoticias%3Fp_p_id%3Dcom_liferay_asset_publisher_web_portlet_AssetPublisherPortlet_INSTANCE_Pk4uPC5yniIC%26p_p_lifecycle%3D0%26p_p_state%3Dnormal%26p_p_mode%3Dview%26_com_liferay_asset_publisher_web_portlet_AssetPublisherPortlet_INSTANCE_Pk4uPC5yniIC_delta%3D10%26p_r_p_resetCur%3Dfalse%26_com_liferay_asset_publisher_web_portlet_AssetPublisherPortlet_INSTANCE_Pk4uPC5yniIC_cur%3D2\">Actualid\u00e1<\/a><\/li>\n<\/ul>\n<p><!--more--><\/p>\n<\/div>\n<div id=\"noticiacompleta\" class=\"col-span-12 lg:col-span-6 lg:col-start-3\">\n<div class=\"flow rtpa-prose text-base text-neutral-700\">\n<p>En malapenes 24 hores n\u2019Asturies <strong>vendi\u00e9ronse 300 bonos de turismu rural.<\/strong> El Princip\u00e1u p\u00fanxolos ayeri a la venta dempu\u00e9s del \u00e9xitu del a\u00f1u pas\u00e1u.<\/p>\n<p><strong>Los establecimientos inxertos na campa\u00f1a medraron un 70%.<\/strong><\/p>\n<p>La Conseyer\u00eda de Turismu velos como una pieza clave nel impulsu del turismu rural de los \u00faltimos meses. L\u2019oxetivu ye la desestacionalizaci\u00f3n.<\/p>\n<p>Los bonos cuesten al usuariu 75 euros, el restu p\u00e1galu\u2019l gobiernu auton\u00f3micu, y d\u00e9xase esfrutalos n\u2019iviernu, seronda y primavera menos la selmana santa y la ponte del 1 de mayu.<\/p>\n<p>En RPA, la conseyera Gimena Llamedo destac\u00f3 qu\u2019una de cada tres persones qu\u2019escueyen.<\/p>\n<p style=\"text-align: center\"><a href=\"https:\/\/actualidad.asturias.es\/documents\/537115\/3057456\/Bonos+de+turismo+rural+2026+%281%29.jpg\/b80a2bab-6ad7-61be-f245-5c8aaf19592a?t=1770132150495\"><img loading=\"lazy\" decoding=\"async\" class=\"aligncenter \" src=\"https:\/\/actualidad.asturias.es\/documents\/537115\/3057456\/Bonos+de+turismo+rural+2026+%281%29.jpg\/b80a2bab-6ad7-61be-f245-5c8aaf19592a?t=1770132150495\" width=\"637\" height=\"534\" \/><\/a><\/p>\n<\/div>\n<\/div>\n<\/div>\n<\/div>\n<\/section>\n<p>Los bonos, que pueden descargase dende ayeri, van tar disponibles hasta que s&#8217;escosen. Van poder trocase hasta&#8217;l 31 d&#8217;avientu de 2026, coles esceiciones del 1 de mayu, Xueves y Vienres Santu, y el periodu entend\u00edu ente&#8217;l 1 de xunetu y el 15 de setiembre.<\/p>\n<p>Esti sector, l\u00edder del turismu rural na Espa\u00f1a Verde \u2014formada per Asturies, Galicia, Cantabria y el Pa\u00eds Vascu\u2014, destaca pola so <strong>ufierta d&#8217;ecoturismo, la so biodiversid\u00e1 y el so enfoque sostenible<\/strong>, y constit\u00fai una de les se\u00f1es d&#8217;identid\u00e1 del turismu asturianu.<\/p>\n<p style=\"text-align: center\">\n<!-- iframe plugin v.6.0 wordpress.org\/plugins\/iframe\/ -->\n<iframe loading=\"lazy\" src=\"https:\/\/www.facebook.com\/plugins\/video.php?height=476&#038;href=https%3A%2F%2Fwww.facebook.com%2Freel%2F1340663028076964%2F&#038;show_text=false&#038;width=476&#038;t=0\" width=\"476\" height=\"476\" style=\"border:none;overflow:hidden\" scrolling=\"no\" frameborder=\"0\" allowfullscreen=\"true\" allow=\"autoplay; clipboard-write; encrypted-media; picture-in-picture; web-share\" 0=\"\/iframe\" class=\"iframe-class\"><\/iframe>\n<\/p>\n","protected":false},"excerpt":{"rendered":"<p>Los bonos de la nueva campa\u00f1a pa desestacionalizar el turismu rural n&#8217;Asturies y\u00e1 t\u00e1n a la venta. Los establecimientos inxertos na campa\u00f1a medraron un 70%. Actualid\u00e1<\/p>\n","protected":false},"author":117,"featured_media":0,"comment_status":"closed","ping_status":"closed","sticky":false,"template":"","format":"standard","meta":{"footnotes":""},"categories":[18],"tags":[],"class_list":["post-67362","post","type-post","status-publish","format-standard","hentry","category-turismu"],"_links":{"self":[{"href":"https:\/\/edublog.educastur.es\/ixuxu\/wp-json\/wp\/v2\/posts\/67362","targetHints":{"allow":["GET"]}}],"collection":[{"href":"https:\/\/edublog.educastur.es\/ixuxu\/wp-json\/wp\/v2\/posts"}],"about":[{"href":"https:\/\/edublog.educastur.es\/ixuxu\/wp-json\/wp\/v2\/types\/post"}],"author":[{"embeddable":true,"href":"https:\/\/edublog.educastur.es\/ixuxu\/wp-json\/wp\/v2\/users\/117"}],"replies":[{"embeddable":true,"href":"https:\/\/edublog.educastur.es\/ixuxu\/wp-json\/wp\/v2\/comments?post=67362"}],"version-history":[{"count":4,"href":"https:\/\/edublog.educastur.es\/ixuxu\/wp-json\/wp\/v2\/posts\/67362\/revisions"}],"predecessor-version":[{"id":67440,"href":"https:\/\/edublog.educastur.es\/ixuxu\/wp-json\/wp\/v2\/posts\/67362\/revisions\/67440"}],"wp:attachment":[{"href":"https:\/\/edublog.educastur.es\/ixuxu\/wp-json\/wp\/v2\/media?parent=67362"}],"wp:term":[{"taxonomy":"category","embeddable":true,"href":"https:\/\/edublog.educastur.es\/ixuxu\/wp-json\/wp\/v2\/categories?post=67362"},{"taxonomy":"post_tag","embeddable":true,"href":"https:\/\/edublog.educastur.es\/ixuxu\/wp-json\/wp\/v2\/tags?post=67362"}],"curies":[{"name":"wp","href":"https:\/\/api.w.org\/{rel}","templated":true}]}}