{"id":67364,"date":"2026-02-04T11:27:07","date_gmt":"2026-02-04T09:27:07","guid":{"rendered":"https:\/\/edublog.educastur.es\/ixuxu\/?p=67364"},"modified":"2026-02-04T13:16:09","modified_gmt":"2026-02-04T11:16:09","slug":"espana-va-prohibir-redes-sociales-a-menores-de-16-anos","status":"publish","type":"post","link":"https:\/\/edublog.educastur.es\/ixuxu\/2026\/02\/espana-va-prohibir-redes-sociales-a-menores-de-16-anos\/","title":{"rendered":"Espa\u00f1a va prohibir redes sociales a menores de 16 a\u00f1os"},"content":{"rendered":"<p>S\u00e1nchez anuncia qu&#8217;Espa\u00f1a va prohibir aportar a redes sociales a menores de 16 a\u00f1os.<\/p>\n<p><a href=\"https:\/\/www.rtpa.es\/fotos\/\/25\/12\/20251211094046_RTPA7456643.webp\"><img loading=\"lazy\" decoding=\"async\" class=\"aligncenter size-large\" src=\"https:\/\/www.rtpa.es\/fotos\/\/25\/12\/20251211094046_RTPA7456643.webp\" width=\"853\" height=\"480\" \/><\/a><\/p>\n<p>El Gobiernu va aprobar la pr\u00f3xima selmana mid\u00edes para aumentar el control de les plataformes dixitales.\u00a0El Gobiernu va adoptar otres mid\u00edes para aumentar el control de les plataformes dixitales y que los sos directivos tengan qu&#8217;asumir responsabilidaes poles infracciones nes sos redes.<\/p>\n<p><!--more--><\/p>\n<p>Pa S\u00e1nchez, <strong>ye necesariu faer de les plataformes dixitales un espaciu saludable<\/strong>, y pollo anunci\u00f3 que la pr\u00f3xima selmana&#8217;l so Gobiernu va aprobar xuna serie de mid\u00edes, ente elles esa prohibici\u00f3n d&#8217;accesu a les redes sociales a menores de 16 a\u00f1os.<\/p>\n<p>Pa ello, esplic\u00f3 que les plataformes tendr\u00e1n d&#8217;adoptar mid\u00edes de control efectives y barreres reales que funcionen pa torgar esi accesu a los menores.<\/p>\n<p>Les plataformes\u00a0 van ser legalmente responsables de les infracciones que se cometan nes plataformes dixitales de les que son responsables.<\/p>\n<p>Am\u00e1s, se tipificar\u00e1 como delitu la manipulaci\u00f3n de los algoritmos y l&#8217;amplificaci\u00f3n de conten\u00edu illegal, y va estudiase al pie de la Fiscal\u00eda les v\u00edes pa investigar les posibles infracciones llegales de Grok, TikTok y Instagram.<\/p>\n<p style=\"text-align: center\"><a href=\"https:\/\/www.nortes.me\/wp-content\/uploads\/2026\/02\/image-27.png\"><img loading=\"lazy\" decoding=\"async\" class=\"aligncenter size-large\" src=\"https:\/\/www.nortes.me\/wp-content\/uploads\/2026\/02\/image-27.png\" width=\"1000\" height=\"668\" \/><\/a><\/p>\n<p>S\u00e1nchez anunci\u00f3 igualmente la creaci\u00f3n d&#8217;un sistema de rastrexu, cuantificaci\u00f3n y trazabilidad que dexe establecer lo que denomin\u00f3 \u00abuna buelga d&#8217;odiu y polarizaci\u00f3n\u00bb.<\/p>\n<p>De la mesma forma, el presidente del Gobiernu inform\u00f3 de qu&#8217;Espa\u00f1a se xuni\u00f3 a cinco pa\u00edses europeos na Coalici\u00f3n de los Dispuestos Dixitales&#8217; p&#8217;avanzar de manera coordinada y eficaz na aplicaci\u00f3n d&#8217;una regulaci\u00f3n m\u00e1s estricta, r\u00e1pida y eficaz de les plataformes sociales.<\/p>\n<p>S\u00e1nchez consider\u00f3 necesaries eses mid\u00edes y esi esfuerzu conxuntu por cuenta de que les redes sociales convirti\u00e9ronse en \u00abun est\u00e1u fall\u00edu, un llugar onde s&#8217;ignoren les lleis, onde se toleren los delitos y onde la desinformaci\u00f3n val m\u00e1s que la verd\u00e1 y la met\u00e1 de los usuarios sufren ataques d&#8217;odiu\u00bb.<\/p>\n<p>Como exemplu, record\u00f3 que Tik Tok foi acus\u00e1u de tolerar cuentes malicioses que comparten materiales de pornograf\u00eda infantil xeneraos por intelixencia artificial, Instagram d&#8217;espiar a millones d&#8217;usuarios d&#8217;Android en tol mundu, y Facebook us\u00f3se pa \u00abesplegar cientos de campa\u00f1es de desinformaci\u00f3n ya interferencia estranxera n&#8217;elecciones nacionales y rexonales\u00bb.<\/p>\n<p>Tami\u00e9n llament\u00f3 que la selmana pasada&#8217;l propietariu de &#8216;X&#8217;, Elon Musk, \u00aba pesar de ser emigrante, utiliz\u00f3 la so cuenta personal p&#8217;amplificar desinformaci\u00f3n sobro una decisi\u00f3n soberana\u00bb del Gobiernu espa\u00f1ol, la regularizaci\u00f3n de mediu mill\u00f3n d&#8217;inmigrantes.<\/p>\n<p>Por tollo aportun\u00f3 en que ye necesariu \u00abrecuperar el control\u00bb y asegurase de que les plataformes cumplen les normes como tolos dem\u00e1s, daqu\u00e9 qu&#8217;almiti\u00f3 que nun va ser f\u00e1cil porque les redes sociales y les sos empreses son m\u00e1s riques y poderoses que munchos pa\u00edses, incluyida Espa\u00f1a.<\/p>\n<p>\u00abPero&#8217;l so poder y la so influencia nun nos deben dar mieu, porque la nuesa determinaci\u00f3n -a\u00f1edi\u00f3- ye mayor que la so riqueza\u00bb.<\/p>\n<p>Na mesma ll\u00ednea, garantiz\u00f3 qu&#8217;Espa\u00f1a va tener \u00abtolerancia cero\u00bb nestes cuestiones y va defender la so soberan\u00eda dixital.<\/p>\n","protected":false},"excerpt":{"rendered":"<p>S\u00e1nchez anuncia qu&#8217;Espa\u00f1a va prohibir aportar a redes sociales a menores de 16 a\u00f1os. El Gobiernu va aprobar la pr\u00f3xima selmana mid\u00edes para aumentar el control de les plataformes dixitales.\u00a0El Gobiernu va adoptar otres mid\u00edes para aumentar el control de les plataformes dixitales y que los sos directivos tengan qu&#8217;asumir responsabilidaes poles infracciones nes sos [&hellip;]<\/p>\n","protected":false},"author":117,"featured_media":0,"comment_status":"closed","ping_status":"closed","sticky":false,"template":"","format":"standard","meta":{"footnotes":""},"categories":[1],"tags":[],"class_list":["post-67364","post","type-post","status-publish","format-standard","hentry","category-sin-categoria"],"_links":{"self":[{"href":"https:\/\/edublog.educastur.es\/ixuxu\/wp-json\/wp\/v2\/posts\/67364","targetHints":{"allow":["GET"]}}],"collection":[{"href":"https:\/\/edublog.educastur.es\/ixuxu\/wp-json\/wp\/v2\/posts"}],"about":[{"href":"https:\/\/edublog.educastur.es\/ixuxu\/wp-json\/wp\/v2\/types\/post"}],"author":[{"embeddable":true,"href":"https:\/\/edublog.educastur.es\/ixuxu\/wp-json\/wp\/v2\/users\/117"}],"replies":[{"embeddable":true,"href":"https:\/\/edublog.educastur.es\/ixuxu\/wp-json\/wp\/v2\/comments?post=67364"}],"version-history":[{"count":2,"href":"https:\/\/edublog.educastur.es\/ixuxu\/wp-json\/wp\/v2\/posts\/67364\/revisions"}],"predecessor-version":[{"id":67376,"href":"https:\/\/edublog.educastur.es\/ixuxu\/wp-json\/wp\/v2\/posts\/67364\/revisions\/67376"}],"wp:attachment":[{"href":"https:\/\/edublog.educastur.es\/ixuxu\/wp-json\/wp\/v2\/media?parent=67364"}],"wp:term":[{"taxonomy":"category","embeddable":true,"href":"https:\/\/edublog.educastur.es\/ixuxu\/wp-json\/wp\/v2\/categories?post=67364"},{"taxonomy":"post_tag","embeddable":true,"href":"https:\/\/edublog.educastur.es\/ixuxu\/wp-json\/wp\/v2\/tags?post=67364"}],"curies":[{"name":"wp","href":"https:\/\/api.w.org\/{rel}","templated":true}]}}