{"id":67366,"date":"2026-02-04T11:15:42","date_gmt":"2026-02-04T09:15:42","guid":{"rendered":"https:\/\/edublog.educastur.es\/ixuxu\/?p=67366"},"modified":"2026-02-04T11:29:52","modified_gmt":"2026-02-04T09:29:52","slug":"medren-los-turistes-estranxeros-que-visitaron-asturies-lanu-pasau","status":"publish","type":"post","link":"https:\/\/edublog.educastur.es\/ixuxu\/2026\/02\/medren-los-turistes-estranxeros-que-visitaron-asturies-lanu-pasau\/","title":{"rendered":"Medren los turistes estranxeros que visitaron Asturies l&#8217;a\u00f1u pas\u00e1u"},"content":{"rendered":"<p class=\"text-2xl font-bold font-serif leading-tight max-w-[65ch] mb-1.5\">Medren l<a href=\"https:\/\/www.rtpa.es\/noticias-asturias-ast\/2026-02-03\/Medren-los-turistes-estranxeros-que-visitaron-Asturies-l'a%C3%B1u-pasau_111770120623.html\">os turistes estranxeros que visitaron Asturies l&#8217;a\u00f1u pas\u00e1u.\u00a0<\/a><\/p>\n<p style=\"text-align: center\"><a href=\"https:\/\/www.rtpa.es\/fotos\/\/25\/09\/20250906205302_RTPA7072229.webp\"><img loading=\"lazy\" decoding=\"async\" class=\"aligncenter size-large\" src=\"https:\/\/www.rtpa.es\/fotos\/\/25\/09\/20250906205302_RTPA7072229.webp\" width=\"853\" height=\"480\" \/><\/a><\/p>\n<div class=\"flow rtpa-prose text-lg leading-tight mb-6\"><strong>Los turistes gasten nel Princip\u00e1u casi un 60% m\u00e1s qu&#8217;en 2016.<\/strong><\/div>\n<div><\/div>\n<p><!--more--><\/p>\n<div class=\"flow rtpa-prose text-base text-neutral-700\">\n<p>El n\u00famberu de turistes estranxeros que visitaron Asturies l\u2019a\u00f1u pas\u00e1u fueron daqu\u00e9 m\u00e1s de 372.000. Son cuasi 100.000 turistes internacionales m\u00e1s que fai una d\u00e9cada y daqu\u00e9 per baxo del m\u00e1ximu hist\u00f3ricu de 2023, cuando cuasi 376.000 turistes visitaron el Principa\u00e1u vinientes del estranxeru.<\/p>\n<p>Y medra tami\u00e9n lo que gasten n\u2019Asturies. L\u2019a\u00f1u pas\u00e1u desembols\u00e1ronse m\u00e1s de 500 millones d\u2019euros. Esto ye cuasi un 60% m\u00e1s qu\u2019en 2016.<\/p>\n<p>Son datos del INE que nel total del pa\u00eds son de r\u00e9cor. <strong>Espa\u00f1a recibi\u00f3 l\u2019a\u00f1u pas\u00e1u casi 97 millones de turistes<\/strong>, son tres exercicios sigu\u00edos de m\u00e1ximu hist\u00f3ricu, y gastaron m\u00e1s que nunca, cuasi 135.000 millones d\u2019euros. <strong>Y los m\u00e1s de los visitantes son del Reinu Xun\u00edu, Francia y Alema\u00f1a.<\/strong><\/p>\n<\/div>\n","protected":false},"excerpt":{"rendered":"<p>Medren los turistes estranxeros que visitaron Asturies l&#8217;a\u00f1u pas\u00e1u.\u00a0 Los turistes gasten nel Princip\u00e1u casi un 60% m\u00e1s qu&#8217;en 2016.<\/p>\n","protected":false},"author":117,"featured_media":0,"comment_status":"closed","ping_status":"closed","sticky":false,"template":"","format":"standard","meta":{"footnotes":""},"categories":[18],"tags":[],"class_list":["post-67366","post","type-post","status-publish","format-standard","hentry","category-turismu"],"_links":{"self":[{"href":"https:\/\/edublog.educastur.es\/ixuxu\/wp-json\/wp\/v2\/posts\/67366","targetHints":{"allow":["GET"]}}],"collection":[{"href":"https:\/\/edublog.educastur.es\/ixuxu\/wp-json\/wp\/v2\/posts"}],"about":[{"href":"https:\/\/edublog.educastur.es\/ixuxu\/wp-json\/wp\/v2\/types\/post"}],"author":[{"embeddable":true,"href":"https:\/\/edublog.educastur.es\/ixuxu\/wp-json\/wp\/v2\/users\/117"}],"replies":[{"embeddable":true,"href":"https:\/\/edublog.educastur.es\/ixuxu\/wp-json\/wp\/v2\/comments?post=67366"}],"version-history":[{"count":2,"href":"https:\/\/edublog.educastur.es\/ixuxu\/wp-json\/wp\/v2\/posts\/67366\/revisions"}],"predecessor-version":[{"id":67368,"href":"https:\/\/edublog.educastur.es\/ixuxu\/wp-json\/wp\/v2\/posts\/67366\/revisions\/67368"}],"wp:attachment":[{"href":"https:\/\/edublog.educastur.es\/ixuxu\/wp-json\/wp\/v2\/media?parent=67366"}],"wp:term":[{"taxonomy":"category","embeddable":true,"href":"https:\/\/edublog.educastur.es\/ixuxu\/wp-json\/wp\/v2\/categories?post=67366"},{"taxonomy":"post_tag","embeddable":true,"href":"https:\/\/edublog.educastur.es\/ixuxu\/wp-json\/wp\/v2\/tags?post=67366"}],"curies":[{"name":"wp","href":"https:\/\/api.w.org\/{rel}","templated":true}]}}