{"id":67371,"date":"2026-02-02T09:05:19","date_gmt":"2026-02-02T07:05:19","guid":{"rendered":"https:\/\/edublog.educastur.es\/ixuxu\/?p=67371"},"modified":"2026-02-04T13:19:25","modified_gmt":"2026-02-04T11:19:25","slug":"estos-son-les-guelgues-asturianes-que-van-ser-restauraos","status":"publish","type":"post","link":"https:\/\/edublog.educastur.es\/ixuxu\/2026\/02\/estos-son-les-guelgues-asturianes-que-van-ser-restauraos\/","title":{"rendered":"Estos son les g\u00fcelgues asturianes que van ser restauraos."},"content":{"rendered":"<div class=\"xdj266r x14z9mp xat24cr x1lziwak x1vvkbs x126k92a\">\n<div dir=\"auto\" style=\"text-align: center\"><a href=\"https:\/\/www.juntadeandalucia.es\/medioambiente\/portal\/documents\/20151\/394678\/logolifehumedalesweb.jpg\/bdb50414-650e-2c3a-8515-eecd1dad73ea?t=1328553601000\"><img loading=\"lazy\" decoding=\"async\" class=\"aligncenter size-large\" src=\"https:\/\/www.juntadeandalucia.es\/medioambiente\/portal\/documents\/20151\/394678\/logolifehumedalesweb.jpg\/bdb50414-650e-2c3a-8515-eecd1dad73ea?t=1328553601000\" width=\"181\" height=\"200\" \/><\/a><\/div>\n<div dir=\"auto\"><\/div>\n<div dir=\"auto\"><span class=\"html-span xexx8yu xyri2b x18d9i69 x1c1uobl x1hl2dhg x16tdsg8 x1vvkbs x3nfvp2 x1j61x8r x1fcty0u xdj266r xat24cr xm2jcoa x1mpyi22 xxymvpz xlup9mm x1kky2od\"><img loading=\"lazy\" decoding=\"async\" class=\"xz74otr x15mokao x1ga7v0g x16uus16 xbiv7yw\" src=\"https:\/\/static.xx.fbcdn.net\/images\/emoji.php\/v9\/tc1\/1\/16\/1f4a6.png\" alt=\"\ud83d\udca6\" width=\"16\" height=\"16\" \/><\/span>Estos son les g\u00fcelgues asturianes que van ser restauraos. Formen parte del proyectu Life G\u00fcelgues del Gobiernu d&#8217;Espa\u00f1a y l&#8217;UE que va impulsar 284 actuaciones en 17 comunidaes.<a class=\"x1i10hfl xjbqb8w x1ejq31n x18oe1m7 x1sy0etr xstzfhl x972fbf x10w94by x1qhh985 x14e42zd x9f619 x1ypdohk xt0psk2 x3ct3a4 xdj266r x14z9mp xat24cr x1lziwak xexx8yu xyri2b x18d9i69 x1c1uobl x16tdsg8 x1hl2dhg xggy1nq x1a2a7pz xkrqix3 x1sur9pj x1fey0fg x1s688f\" role=\"link\" href=\"https:\/\/www.nortes.me\/2026\/02\/03\/estos-son-los-humedales-asturianos-que-seran-restaurados\/?fbclid=IwZXh0bgNhZW0CMTAAYnJpZBEwZmRaNVBNS0t3VUJpZTJKYnNydGMGYXBwX2lkEDIyMjAzOTE3ODgyMDA4OTIAAR4FpmUq11qWkaLc3Hp58f214ZXDkV6PX4pnAh5v8sPnahfwnqcUXBYGZ_lWbg_aem_37upAu0nqZGl_eUP3ayjtw\" target=\"_blank\" rel=\"nofollow noopener noreferrer\">https:\/\/www.nortes.me\/&#8230;\/estos-son-los-humedales&#8230;\/<\/a><\/div>\n<div dir=\"auto\"><!--more--><\/div>\n<div dir=\"auto\"><\/div>\n<\/div>\n<div dir=\"auto\" style=\"text-align: center\"><a href=\"https:\/\/www.juntadeandalucia.es\/medioambiente\/portal\/image\/journal\/article?img_id=85336778&amp;img_thumb=1\"><img loading=\"lazy\" decoding=\"async\" class=\"aligncenter size-large\" src=\"https:\/\/www.juntadeandalucia.es\/medioambiente\/portal\/image\/journal\/article?img_id=85336778&amp;img_thumb=1\" width=\"569\" height=\"352\" \/><\/a><\/div>\n<div dir=\"auto\"><\/div>\n<div dir=\"auto\"><strong>LIFE G\u00fcelgues<\/strong> ye&#8217;l mayor proyectu de fondos LIFE de la hestoria de la Uni\u00f3n Europea, llanz\u00e1u pol Gobiernu espa\u00f1ol coles mires de restaurar y protexer les g\u00fcelgues d&#8217;Espa\u00f1a. Lider\u00e1u pol Ministeriu para la Transici\u00f3n Ecol\u00f3xica y el Retu Demogr\u00e1ficu (MITECO),<strong> el proyectu tien una duraci\u00f3n de 10 a\u00f1os, hasta 2036, y va executase en 107 espacios de la Rede Natura 2000 distribuy\u00edos nes 17 comunidaes aut\u00f3nomes.<\/strong><\/div>\n<div class=\"x14z9mp xat24cr x1lziwak x1vvkbs xtlvy1s x126k92a\">\n<div dir=\"auto\">\n<p>&nbsp;<\/p>\n<p style=\"text-align: center\">\n<!-- iframe plugin v.6.0 wordpress.org\/plugins\/iframe\/ -->\n<iframe loading=\"lazy\" src=\"https:\/\/www.facebook.com\/plugins\/post.php?href=https%3A%2F%2Fwww.facebook.com%2Fphoto.php%3Ffbid%3D1627347325521559%26set%3Da.437917131131257%26type%3D3&#038;show_text=false&#038;width=500\" width=\"500\" height=\"715\" style=\"border:none;overflow:hidden\" scrolling=\"no\" frameborder=\"0\" allowfullscreen=\"true\" allow=\"autoplay; clipboard-write; encrypted-media; picture-in-picture; web-share\" 0=\"\/iframe\" class=\"iframe-class\"><\/iframe>\n<\/p>\n<p>Va impulsar<strong> 284 actuaciones para la restauraci\u00f3n nos pr\u00f3ximos diez a\u00f1os de 26.100 hect\u00e1rees d&#8217;estos espacios nes 17 comunidaes aut\u00f3nomes<\/strong> con un presupuestu global de 271 millones d&#8217;euros.<\/p>\n<p>Por cuenta de la celebraci\u00f3n del D\u00eda Mundial de les G\u00fcelgues, la ministra de Transici\u00f3n Ecol\u00f3xica y Retu Demogr\u00e1ficu (Miteco), Sara Aagesen, present\u00f3 n&#8217;Ir\u00fan esti proyectu Life, el principal pres\u00e9u de la Uni\u00f3n Europea dedic\u00e1u puramente a la protecci\u00f3n del medioambiente.<\/p>\n<p><em>\u201cProtexer les g\u00fcelgues nun ye solo una cuesti\u00f3n d&#8217;ecolox\u00eda, ye segurid\u00e1 h\u00eddrica, ye resilencia, ye sal\u00fa p\u00fablica y econom\u00eda verde. Ye xusticia interxeneracional\u201d<\/em>, se\u00f1al\u00f3 Aagesen, que destac\u00f3 que se trata del mayor proyectu de la hestoria de los fondos Life.<\/p>\n<p>\u201cUn pa\u00eds xenera prosperid\u00e1 curiando&#8217;l medioambiente y, anque calen los discursos negacionistes contra l&#8217;axenda verde, el Gobiernu sabe que la mayor parte de los ciudadanos apuesta pola preservaci\u00f3n del patrimoniu natural, quier caltener la so guapura y la so funci\u00f3n social\u201d, remarc\u00f3.<\/p>\n<p><strong>\u201cFiltros naturales de la tierra\u201d. <\/strong>Incidi\u00f3 en que les g\u00fcelgues son \u201cfiltros naturales de la tierra\u201d para regular l&#8217;agua, almacenar carbonu, amortiguar los hinchentes, allugar biodiversid\u00e1 y atraer bienestar y desenvolvimientu socioecon\u00f3mico.<\/p>\n<p>Nel proyectu Life g\u00fcelgues participen les comunidaes aut\u00f3nomes d&#8217;Andaluc\u00eda, Arag\u00f3n, <strong>Asturies<\/strong>, Cantabria, Catalunya, Castiella y Lli\u00f3n, Castiella-La Mancha, Galicia, Comunid\u00e1 de Madrid, Rex\u00f3n de Murcia, La Rioxa y Comunidad Valenciana, am\u00e1s de les diputaciones forales d&#8217;\u00c1lava y Gip\u00fazkoa.<\/p>\n<\/div>\n<\/div>\n<p>&nbsp;<\/p>\n","protected":false},"excerpt":{"rendered":"<p>Estos son les g\u00fcelgues asturianes que van ser restauraos. Formen parte del proyectu Life G\u00fcelgues del Gobiernu d&#8217;Espa\u00f1a y l&#8217;UE que va impulsar 284 actuaciones en 17 comunidaes.https:\/\/www.nortes.me\/&#8230;\/estos-son-los-humedales&#8230;\/<\/p>\n","protected":false},"author":117,"featured_media":0,"comment_status":"closed","ping_status":"closed","sticky":false,"template":"","format":"standard","meta":{"footnotes":""},"categories":[221],"tags":[],"class_list":["post-67371","post","type-post","status-publish","format-standard","hentry","category-mediu-ambiente"],"_links":{"self":[{"href":"https:\/\/edublog.educastur.es\/ixuxu\/wp-json\/wp\/v2\/posts\/67371","targetHints":{"allow":["GET"]}}],"collection":[{"href":"https:\/\/edublog.educastur.es\/ixuxu\/wp-json\/wp\/v2\/posts"}],"about":[{"href":"https:\/\/edublog.educastur.es\/ixuxu\/wp-json\/wp\/v2\/types\/post"}],"author":[{"embeddable":true,"href":"https:\/\/edublog.educastur.es\/ixuxu\/wp-json\/wp\/v2\/users\/117"}],"replies":[{"embeddable":true,"href":"https:\/\/edublog.educastur.es\/ixuxu\/wp-json\/wp\/v2\/comments?post=67371"}],"version-history":[{"count":5,"href":"https:\/\/edublog.educastur.es\/ixuxu\/wp-json\/wp\/v2\/posts\/67371\/revisions"}],"predecessor-version":[{"id":67377,"href":"https:\/\/edublog.educastur.es\/ixuxu\/wp-json\/wp\/v2\/posts\/67371\/revisions\/67377"}],"wp:attachment":[{"href":"https:\/\/edublog.educastur.es\/ixuxu\/wp-json\/wp\/v2\/media?parent=67371"}],"wp:term":[{"taxonomy":"category","embeddable":true,"href":"https:\/\/edublog.educastur.es\/ixuxu\/wp-json\/wp\/v2\/categories?post=67371"},{"taxonomy":"post_tag","embeddable":true,"href":"https:\/\/edublog.educastur.es\/ixuxu\/wp-json\/wp\/v2\/tags?post=67371"}],"curies":[{"name":"wp","href":"https:\/\/api.w.org\/{rel}","templated":true}]}}