{"id":67382,"date":"2026-02-04T13:26:20","date_gmt":"2026-02-04T11:26:20","guid":{"rendered":"https:\/\/edublog.educastur.es\/ixuxu\/?p=67382"},"modified":"2026-02-04T13:26:20","modified_gmt":"2026-02-04T11:26:20","slug":"los-sidros-y-comedies-en-bimenes","status":"publish","type":"post","link":"https:\/\/edublog.educastur.es\/ixuxu\/2026\/02\/los-sidros-y-comedies-en-bimenes\/","title":{"rendered":"Los Sidros y Comedies en Bimenes"},"content":{"rendered":"<p style=\"text-align: center\"><span class=\"x193iq5w xeuugli x13faqbe x1vvkbs xt0psk2 x1i0vuye xvs91rp xo1l8bm x5n08af x10wh9bi xpm28yp x8viiok x1o7cslx x126k92a\"><span class=\"html-span xexx8yu x4uap5 x18d9i69 xkhd6sd x1hl2dhg x16tdsg8 x1vvkbs x3nfvp2 x1j61x8r x1fcty0u xdj266r xat24cr xgzva0m xhhsvwb xxymvpz xlup9mm x1kky2od\">\n<!-- iframe plugin v.6.0 wordpress.org\/plugins\/iframe\/ -->\n<iframe loading=\"lazy\" src=\"https:\/\/www.instagram.com\/p\/DUTF44VCM7_\/embed\" width=\"460\" height=\"625\" 0=\"\/iframe\" scrolling=\"yes\" class=\"iframe-class\" frameborder=\"0\"><\/iframe>\n<\/span><\/span><\/p>\n<p>Esti domingu vuelven los Sidros y Comedies pero nesta ocasi\u00f3n en Bimenes. Acompa\u00f1\u00e1os de grupo folkl\u00f3rico Los Yerbatos ufi\u00e9rtennos una vegada mas pasar un ratu de rises y esfrute. \ud83d\uddd3\ufe0f <span style=\"color: #008080\">Domingu 8 de Freberu \/ \u23f0 12:30h.\/\ud83d\udccd Bimenes<\/span><\/p>\n","protected":false},"excerpt":{"rendered":"<p>Esti domingu vuelven los Sidros y Comedies pero nesta ocasi\u00f3n en Bimenes. Acompa\u00f1\u00e1os de grupo folkl\u00f3rico Los Yerbatos ufi\u00e9rtennos una vegada mas pasar un ratu de rises y esfrute. \ud83d\uddd3\ufe0f Domingu 8 de Freberu \/ \u23f0 12:30h.\/\ud83d\udccd Bimenes<\/p>\n","protected":false},"author":117,"featured_media":0,"comment_status":"closed","ping_status":"closed","sticky":false,"template":"","format":"standard","meta":{"footnotes":""},"categories":[103],"tags":[],"class_list":["post-67382","post","type-post","status-publish","format-standard","hentry","category-mazcaraes"],"_links":{"self":[{"href":"https:\/\/edublog.educastur.es\/ixuxu\/wp-json\/wp\/v2\/posts\/67382","targetHints":{"allow":["GET"]}}],"collection":[{"href":"https:\/\/edublog.educastur.es\/ixuxu\/wp-json\/wp\/v2\/posts"}],"about":[{"href":"https:\/\/edublog.educastur.es\/ixuxu\/wp-json\/wp\/v2\/types\/post"}],"author":[{"embeddable":true,"href":"https:\/\/edublog.educastur.es\/ixuxu\/wp-json\/wp\/v2\/users\/117"}],"replies":[{"embeddable":true,"href":"https:\/\/edublog.educastur.es\/ixuxu\/wp-json\/wp\/v2\/comments?post=67382"}],"version-history":[{"count":1,"href":"https:\/\/edublog.educastur.es\/ixuxu\/wp-json\/wp\/v2\/posts\/67382\/revisions"}],"predecessor-version":[{"id":67383,"href":"https:\/\/edublog.educastur.es\/ixuxu\/wp-json\/wp\/v2\/posts\/67382\/revisions\/67383"}],"wp:attachment":[{"href":"https:\/\/edublog.educastur.es\/ixuxu\/wp-json\/wp\/v2\/media?parent=67382"}],"wp:term":[{"taxonomy":"category","embeddable":true,"href":"https:\/\/edublog.educastur.es\/ixuxu\/wp-json\/wp\/v2\/categories?post=67382"},{"taxonomy":"post_tag","embeddable":true,"href":"https:\/\/edublog.educastur.es\/ixuxu\/wp-json\/wp\/v2\/tags?post=67382"}],"curies":[{"name":"wp","href":"https:\/\/api.w.org\/{rel}","templated":true}]}}