{"id":67401,"date":"2026-02-05T09:56:50","date_gmt":"2026-02-05T07:56:50","guid":{"rendered":"https:\/\/edublog.educastur.es\/ixuxu\/?p=67401"},"modified":"2026-02-05T09:56:50","modified_gmt":"2026-02-05T07:56:50","slug":"el-tiempu-el-comercio-255","status":"publish","type":"post","link":"https:\/\/edublog.educastur.es\/ixuxu\/2026\/02\/el-tiempu-el-comercio-255\/","title":{"rendered":"El tiempu (El Comercio)"},"content":{"rendered":"<p style=\"text-align: center\"><a href=\"https:\/\/s3.ppllstatics.com\/elcomercio\/www\/multimedia\/2026\/02\/04\/prevision-tiempo-asturias-k50E-U2302588077118HVD-1200x870@El%20Comercio.jpg\"><img loading=\"lazy\" decoding=\"async\" class=\"aligncenter size-large\" src=\"https:\/\/s3.ppllstatics.com\/elcomercio\/www\/multimedia\/2026\/02\/04\/prevision-tiempo-asturias-k50E-U2302588077118HVD-1200x870@El%20Comercio.jpg\" width=\"1200\" height=\"870\" \/><\/a><\/p>\n<p>Siguimos con unes condiciones meteorol\u00f3xiques bien similares a les d&#8217;estos \u00faltimos d\u00edes, con predominiu de vientos de suroeste que van ser fuertes en puntos del occidente, nel cordal y tami\u00e9n n&#8217;a la mari\u00f1a. Concretamente, en zones altes de la cordal esperen raches que podr\u00eden algamar los 100 km\/h mientres la primer met\u00e1 del d\u00eda. Nel occidente podr\u00e1n superase los 80 km\/h. Na mari\u00f1a les raches m\u00e1ximes van rondar los 60 o 70 km\/h. Nel restu los vientos van ser m\u00e1s moderaes anque significativos igualmente.<\/p>\n<p><!--more--><\/p>\n<p>En cuanto al <strong>est\u00e1u de los cielos<\/strong>, la nubosid\u00e1 va concentrase sobremanera escontra&#8217;l sur y escontra l&#8217;occidente onde les precipitaciones van ser m\u00e1s frecuentes. Asina tou, nun se refuga qu&#8217;en momentos puntuales mientres la xornada pueda escapase dalguna gota pol restu del Princip\u00e1u, sobremanera pela ma\u00f1ana.<strong> A lo llargo de la tarde l<\/strong>a probabilid\u00e1 de precipitaciones va ser menor y, am\u00e1s, vamos reparar que se van dir abriendo claros nel cielu, especialmente na mari\u00f1a.<strong> Les temperatures m\u00e1ximes<\/strong> van ser bien similares ente que les m\u00ednimes van xubir de forma xeneralizada ente 2 y 3 \u00baC m\u00e1s. A lo \u00faltimo, ye importante destacar l&#8217;avisu mariellu na mar a partir de les 20:00 hores de la tarde por foles d&#8217;hasta 5 metros d&#8217;altor.<\/p>\n","protected":false},"excerpt":{"rendered":"<p>Siguimos con unes condiciones meteorol\u00f3xiques bien similares a les d&#8217;estos \u00faltimos d\u00edes, con predominiu de vientos de suroeste que van ser fuertes en puntos del occidente, nel cordal y tami\u00e9n n&#8217;a la mari\u00f1a. Concretamente, en zones altes de la cordal esperen raches que podr\u00eden algamar los 100 km\/h mientres la primer met\u00e1 del d\u00eda. Nel [&hellip;]<\/p>\n","protected":false},"author":117,"featured_media":0,"comment_status":"closed","ping_status":"closed","sticky":false,"template":"","format":"standard","meta":{"footnotes":""},"categories":[5],"tags":[],"class_list":["post-67401","post","type-post","status-publish","format-standard","hentry","category-tiempu"],"_links":{"self":[{"href":"https:\/\/edublog.educastur.es\/ixuxu\/wp-json\/wp\/v2\/posts\/67401","targetHints":{"allow":["GET"]}}],"collection":[{"href":"https:\/\/edublog.educastur.es\/ixuxu\/wp-json\/wp\/v2\/posts"}],"about":[{"href":"https:\/\/edublog.educastur.es\/ixuxu\/wp-json\/wp\/v2\/types\/post"}],"author":[{"embeddable":true,"href":"https:\/\/edublog.educastur.es\/ixuxu\/wp-json\/wp\/v2\/users\/117"}],"replies":[{"embeddable":true,"href":"https:\/\/edublog.educastur.es\/ixuxu\/wp-json\/wp\/v2\/comments?post=67401"}],"version-history":[{"count":1,"href":"https:\/\/edublog.educastur.es\/ixuxu\/wp-json\/wp\/v2\/posts\/67401\/revisions"}],"predecessor-version":[{"id":67402,"href":"https:\/\/edublog.educastur.es\/ixuxu\/wp-json\/wp\/v2\/posts\/67401\/revisions\/67402"}],"wp:attachment":[{"href":"https:\/\/edublog.educastur.es\/ixuxu\/wp-json\/wp\/v2\/media?parent=67401"}],"wp:term":[{"taxonomy":"category","embeddable":true,"href":"https:\/\/edublog.educastur.es\/ixuxu\/wp-json\/wp\/v2\/categories?post=67401"},{"taxonomy":"post_tag","embeddable":true,"href":"https:\/\/edublog.educastur.es\/ixuxu\/wp-json\/wp\/v2\/tags?post=67401"}],"curies":[{"name":"wp","href":"https:\/\/api.w.org\/{rel}","templated":true}]}}