{"id":67419,"date":"2026-02-05T11:38:25","date_gmt":"2026-02-05T09:38:25","guid":{"rendered":"https:\/\/edublog.educastur.es\/ixuxu\/?p=67419"},"modified":"2026-02-05T11:39:27","modified_gmt":"2026-02-05T09:39:27","slug":"aumenten-nasturies-los-delitos-venceyaos-al-usu-de-redes-sociales-por-menores","status":"publish","type":"post","link":"https:\/\/edublog.educastur.es\/ixuxu\/2026\/02\/aumenten-nasturies-los-delitos-venceyaos-al-usu-de-redes-sociales-por-menores\/","title":{"rendered":"Medren n&#8217;Asturies los delitos venceyaos al usu de redes sociales por menores"},"content":{"rendered":"<p>Aumenten n&#8217;Asturies los delitos venceyaos al usu de redes sociales por menores. Los psic\u00f3logos consideren imprescindible acutar les redes sociales. <a href=\"https:\/\/www.rtpa.es\/noticias-asturias-ast\/2026-02-04\/Medren-n'Asturies-los-delitos-venceyaos-al-usu-de-redes-sociales-por-menores_111770214863.html\">RTPA<\/a><\/p>\n<p style=\"text-align: center\"><img loading=\"lazy\" decoding=\"async\" class=\"aligncenter size-large\" src=\"https:\/\/www.rtpa.es\/fotos\/\/26\/02\/20260204152037_RTPA7678140.webp\" width=\"853\" height=\"480\" \/><\/p>\n<p>Los psic\u00f3logos consideren imprescindible acutar les redes sociales.<\/p>\n<p><!--more--><\/p>\n<p>Munchos de los casos que se denuncien na fiscal\u00eda de menores, como acoso, amenaces, engarradielles o espardimientu de semeyes \u00edntimes, vense amplificaos pol usu de les redes sociales para espublizalos. Una pr\u00e1ctica que foi n&#8217;aumentu nos \u00faltimos a\u00f1u. En 2025, les cifres, asegura&#8217;l fiscal de menores, siguieron creciendo apunta Jorge Fern\u00e1ndez Caldevilla, fiscal deleg\u00e1u de Menores d&#8217;Asturies.<\/p>\n<p>Esmolez tami\u00e9n la vulneraci\u00f3n que se ta faciendo de la protecci\u00f3n a la intimid\u00e1 de los menores en cuestiones qu&#8217;afecten a la sexualid\u00e1.<\/p>\n<p>Dende la fiscal\u00eda consideren afecha la prohibici\u00f3n de les redes a los menores de 16 pero sorrayen la importancia de garantizar el so cumplimientu, porque agora, que ta establec\u00edu en 14 a\u00f1os, ta fray\u00e1ndose.<\/p>\n<p>La Fiscal\u00eda d&#8217;Asturies punxo en marcha charres nos colexos ya institutos para concenciar sobro les consecuencies penales de determinaos comportamientos y l&#8217;usu de les redes sociales.<\/p>\n<p><strong>Los psic\u00f3logos consideren imprescindible acutar les redes sociales.\u00a0<\/strong>Los psic\u00f3logos tami\u00e9n consideren imprescindible acutar les redes sociales. Son conscientes, dicen, de la connotaci\u00f3n negativa que tien la prohibici\u00f3n pero se\u00f1alen que, \u00e9nte la falta d&#8217;otru m\u00e9todu, prohibir merez la pena pa garantizar la estabilid\u00e1 emocional de los menores.<\/p>\n<p><strong>Los usuarios nunca van ser sancionaos<\/strong><\/p>\n<p>Opiniones variaes sobro l&#8217;anunciu de Pedro S\u00e1nchez de prohibir l&#8217;accesu a redes sociales a menores de 16 a\u00f1os. Australia ye l&#8217;\u00fanicu pa\u00eds con una llei vixente nesti \u00e1mbitu. El so gobiernu prohibe a los menores de 16 a\u00f1os l&#8217;accesu a redes sociales dende&#8217;l pas\u00e1u avientu. Y\u00e1 se bloquiaron m\u00e1s de 4 millones de cuentes seg\u00fan el gobiernu australianu. Son perfiles en redes como Threads, Tik Tok o Instagram, sicas\u00ed nun afecta a otres como Whatsapp, Roblox o Messenger.<\/p>\n<p>\u00bfY c\u00f3mo llogren bloquiales? <strong>Les plataformes t\u00e1n obligaes a implementar sistemes de verificaci\u00f3n d&#8217;ed\u00e1, incluyendo documentos d&#8217;identid\u00e1 o reconocencia facial.<\/strong> Pa ello usen ferramientes proporcionaes pola IA. Y hai xuna clave que coincide cola propuesta espa\u00f1ola: la responsabilid\u00e1 ye de les empreses. Son elles les que tienen de desactivar les cuentes de menores de 16 a\u00f1os y bloquiar la creaci\u00f3n de nueves. Incumplilo supon multes d&#8217;hasta 32 millones de d\u00f3lares. Los usuarios nunca van ser sancionaos.<\/p>\n","protected":false},"excerpt":{"rendered":"<p>Aumenten n&#8217;Asturies los delitos venceyaos al usu de redes sociales por menores. Los psic\u00f3logos consideren imprescindible acutar les redes sociales. RTPA Los psic\u00f3logos consideren imprescindible acutar les redes sociales.<\/p>\n","protected":false},"author":117,"featured_media":0,"comment_status":"closed","ping_status":"closed","sticky":false,"template":"","format":"standard","meta":{"footnotes":""},"categories":[1],"tags":[],"class_list":["post-67419","post","type-post","status-publish","format-standard","hentry","category-sin-categoria"],"_links":{"self":[{"href":"https:\/\/edublog.educastur.es\/ixuxu\/wp-json\/wp\/v2\/posts\/67419","targetHints":{"allow":["GET"]}}],"collection":[{"href":"https:\/\/edublog.educastur.es\/ixuxu\/wp-json\/wp\/v2\/posts"}],"about":[{"href":"https:\/\/edublog.educastur.es\/ixuxu\/wp-json\/wp\/v2\/types\/post"}],"author":[{"embeddable":true,"href":"https:\/\/edublog.educastur.es\/ixuxu\/wp-json\/wp\/v2\/users\/117"}],"replies":[{"embeddable":true,"href":"https:\/\/edublog.educastur.es\/ixuxu\/wp-json\/wp\/v2\/comments?post=67419"}],"version-history":[{"count":3,"href":"https:\/\/edublog.educastur.es\/ixuxu\/wp-json\/wp\/v2\/posts\/67419\/revisions"}],"predecessor-version":[{"id":67422,"href":"https:\/\/edublog.educastur.es\/ixuxu\/wp-json\/wp\/v2\/posts\/67419\/revisions\/67422"}],"wp:attachment":[{"href":"https:\/\/edublog.educastur.es\/ixuxu\/wp-json\/wp\/v2\/media?parent=67419"}],"wp:term":[{"taxonomy":"category","embeddable":true,"href":"https:\/\/edublog.educastur.es\/ixuxu\/wp-json\/wp\/v2\/categories?post=67419"},{"taxonomy":"post_tag","embeddable":true,"href":"https:\/\/edublog.educastur.es\/ixuxu\/wp-json\/wp\/v2\/tags?post=67419"}],"curies":[{"name":"wp","href":"https:\/\/api.w.org\/{rel}","templated":true}]}}